{"id":245889,"date":"2023-07-19T09:52:38","date_gmt":"2023-07-19T13:52:38","guid":{"rendered":"https:\/\/www.ocorreionews.com.br\/acervo-correio\/?p=245889"},"modified":"2023-07-20T09:01:04","modified_gmt":"2023-07-20T13:01:04","slug":"festividades-do-8a-aniversario-do-barzinho-oriental-continuam-neste-final-de-semana","status":"publish","type":"post","link":"https:\/\/www.ocorreionews.com.br\/acervo-correio\/?p=245889","title":{"rendered":"Festividades do 8\u00aa Anivers\u00e1rio do Barzinho Oriental continuam neste final de semana"},"content":{"rendered":"<p>Ap\u00f3s grande festa que aconteceu no ultimo s\u00e1bado (15), as festividades do 8\u00aa Anivers\u00e1rio do Barzinho Oriental continuam neste final de semana.<\/p>\n<p>Na sexta-feira (21) tem show com o cantor Augusto Costa e com o DJ Artur Brandon. E no s\u00e1bado (22), dia do anivers\u00e1rio do Barzinho Oriental, tem dois shows, \u00e0 noite come\u00e7a com a cantora Jully Gomes e em seguida vem a dupla Hugo &amp; Vitor grande sucesso do sertanejo universit\u00e1rio.<\/p>\n<p>Ingressos:<\/p>\n<p>As vendas dos ingressos j\u00e1 est\u00e3o acontecendo no Barzinho Oriental, pelos seguintes valores:<\/p>\n<ul>\n<li>Pacote para os dois dias de festa R$50,00 at\u00e9 sexta-feira (21);<\/li>\n<li>Somente o de sexta-feira R$20,00;<\/li>\n<li>Para show de s\u00e1bado (22) o lote promocional at\u00e9 dia 21 \u00e9 R$40,00.<\/li>\n<\/ul>\n<p>Para maiores informa\u00e7\u00f5es e reservas de mesas ou bistr\u00f4s (67) 9.8406-0146.<\/p>\n<p><img loading=\"lazy\" decoding=\"async\" class=\"wp-image-245801 aligncenter\" src=\"https:\/\/www.ocorreionews.com.br\/acervo-correio\/wp-content\/uploads\/2023\/07\/01-9.jpg\" alt=\"\" width=\"504\" height=\"503\" srcset=\"https:\/\/www.ocorreionews.com.br\/acervo-correio\/wp-content\/uploads\/2023\/07\/01-9.jpg 1280w, https:\/\/www.ocorreionews.com.br\/acervo-correio\/wp-content\/uploads\/2023\/07\/01-9-300x300.jpg 300w, https:\/\/www.ocorreionews.com.br\/acervo-correio\/wp-content\/uploads\/2023\/07\/01-9-1024x1022.jpg 1024w, https:\/\/www.ocorreionews.com.br\/acervo-correio\/wp-content\/uploads\/2023\/07\/01-9-150x150.jpg 150w, https:\/\/www.ocorreionews.com.br\/acervo-correio\/wp-content\/uploads\/2023\/07\/01-9-768x767.jpg 768w\" sizes=\"auto, (max-width: 504px) 100vw, 504px\" \/><\/p>\n","protected":false},"excerpt":{"rendered":"<p>Ap\u00f3s grande festa que aconteceu no ultimo s\u00e1bado (15), as festividades do 8\u00aa Anivers\u00e1rio do Barzinho Oriental continuam neste final de semana. Na sexta-feira (21) tem show com o cantor Augusto Costa e com o DJ Artur Brandon. E no s\u00e1bado (22), dia do anivers\u00e1rio do Barzinho Oriental, tem dois shows, \u00e0 noite come\u00e7a com [&hellip;]<\/p>\n","protected":false},"author":5,"featured_media":245892,"comment_status":"closed","ping_status":"closed","sticky":false,"template":"","format":"standard","meta":{"footnotes":""},"categories":[23,41,49],"tags":[],"class_list":["post-245889","post","type-post","status-publish","format-standard","has-post-thumbnail","hentry","category-chapadao-do-sul","category-destaque","category-informe-publicitario"],"_links":{"self":[{"href":"https:\/\/www.ocorreionews.com.br\/acervo-correio\/index.php?rest_route=\/wp\/v2\/posts\/245889","targetHints":{"allow":["GET"]}}],"collection":[{"href":"https:\/\/www.ocorreionews.com.br\/acervo-correio\/index.php?rest_route=\/wp\/v2\/posts"}],"about":[{"href":"https:\/\/www.ocorreionews.com.br\/acervo-correio\/index.php?rest_route=\/wp\/v2\/types\/post"}],"author":[{"embeddable":true,"href":"https:\/\/www.ocorreionews.com.br\/acervo-correio\/index.php?rest_route=\/wp\/v2\/users\/5"}],"replies":[{"embeddable":true,"href":"https:\/\/www.ocorreionews.com.br\/acervo-correio\/index.php?rest_route=%2Fwp%2Fv2%2Fcomments&post=245889"}],"version-history":[{"count":1,"href":"https:\/\/www.ocorreionews.com.br\/acervo-correio\/index.php?rest_route=\/wp\/v2\/posts\/245889\/revisions"}],"predecessor-version":[{"id":245893,"href":"https:\/\/www.ocorreionews.com.br\/acervo-correio\/index.php?rest_route=\/wp\/v2\/posts\/245889\/revisions\/245893"}],"wp:featuredmedia":[{"embeddable":true,"href":"https:\/\/www.ocorreionews.com.br\/acervo-correio\/index.php?rest_route=\/wp\/v2\/media\/245892"}],"wp:attachment":[{"href":"https:\/\/www.ocorreionews.com.br\/acervo-correio\/index.php?rest_route=%2Fwp%2Fv2%2Fmedia&parent=245889"}],"wp:term":[{"taxonomy":"category","embeddable":true,"href":"https:\/\/www.ocorreionews.com.br\/acervo-correio\/index.php?rest_route=%2Fwp%2Fv2%2Fcategories&post=245889"},{"taxonomy":"post_tag","embeddable":true,"href":"https:\/\/www.ocorreionews.com.br\/acervo-correio\/index.php?rest_route=%2Fwp%2Fv2%2Ftags&post=245889"}],"curies":[{"name":"wp","href":"https:\/\/api.w.org\/{rel}","templated":true}]}}