{"id":245894,"date":"2023-07-19T10:08:26","date_gmt":"2023-07-19T14:08:26","guid":{"rendered":"https:\/\/www.ocorreionews.com.br\/acervo-correio\/?p=245894"},"modified":"2023-07-19T10:45:38","modified_gmt":"2023-07-19T14:45:38","slug":"ladrao-furta-cameras-de-segurancas-e-tenta-atear-fogo-em-residencia-de-chapadao-do-sul","status":"publish","type":"post","link":"https:\/\/www.ocorreionews.com.br\/acervo-correio\/?p=245894","title":{"rendered":"Ladr\u00e3o furta c\u00e2meras de seguran\u00e7as e tenta atear fogo em resid\u00eancia de Chapad\u00e3o do Sul"},"content":{"rendered":"<p>Na manh\u00e3 desta quarta-feira (19), um homem de 44 anos, foi preso ap\u00f3s furtar c\u00e2meras de seguran\u00e7as de uma resid\u00eancia e ainda tentar incendiar a mesma, no Bairro Esperan\u00e7a em Chapad\u00e3o do Sul.<\/p>\n<p>Segundo informa\u00e7\u00f5es do Boletim de Ocorr\u00eancia, por volta das 7h da manha desta quarta-feira, a Pol\u00edcia Militar de Chapad\u00e3o do Sul foi acionada pela v\u00edtima (sexo masculino de 36 anos), que relatou ouvir barulhos no interior de sua resid\u00eancia, logo em seguida, vizinhos come\u00e7aram a gritar: \u201cfogo\u201d. \u00a0E ao verificar, a v\u00edtima observou dois colch\u00f5es em chamas dentro da resid\u00eancia, sendo que um caiu em cima do telhado.<\/p>\n<p>Com ajuda dos vizinhos o fogo foi controlado sem danos maiores.<\/p>\n<p>C\u00e2meras de vigil\u00e2ncia que a resid\u00eancia tinha, registraram imagens do autor, que furtou as c\u00e2meras antes de atear o fogo.<\/p>\n<p>Os militares iniciaram dilig\u00eancias e logo em seguida tiveram \u00eaxito em encontrar o autor, que ao ser abordado\u00a0 j\u00e1 confirmou aos policiais ser ele a autoria do il\u00edcito.<\/p>\n<p>Diante disso o homem foi preso em flagrante, sendo encaminhado para delegacia de pol\u00edcia, por\u00e9m as c\u00e2meras n\u00e3o foram localizadas at\u00e9 o momento.<\/p>\n<p><img loading=\"lazy\" decoding=\"async\" class=\"alignnone size-full wp-image-245899\" src=\"https:\/\/www.ocorreionews.com.br\/acervo-correio\/wp-content\/uploads\/2023\/07\/fogo-02.jpg\" alt=\"\" width=\"960\" height=\"1280\" srcset=\"https:\/\/www.ocorreionews.com.br\/acervo-correio\/wp-content\/uploads\/2023\/07\/fogo-02.jpg 960w, https:\/\/www.ocorreionews.com.br\/acervo-correio\/wp-content\/uploads\/2023\/07\/fogo-02-225x300.jpg 225w, https:\/\/www.ocorreionews.com.br\/acervo-correio\/wp-content\/uploads\/2023\/07\/fogo-02-768x1024.jpg 768w\" sizes=\"auto, (max-width: 960px) 100vw, 960px\" \/> <img loading=\"lazy\" decoding=\"async\" class=\"alignnone size-full wp-image-245901\" src=\"https:\/\/www.ocorreionews.com.br\/acervo-correio\/wp-content\/uploads\/2023\/07\/fogo-02-1.jpg\" alt=\"\" width=\"960\" height=\"1280\" srcset=\"https:\/\/www.ocorreionews.com.br\/acervo-correio\/wp-content\/uploads\/2023\/07\/fogo-02-1.jpg 960w, https:\/\/www.ocorreionews.com.br\/acervo-correio\/wp-content\/uploads\/2023\/07\/fogo-02-1-225x300.jpg 225w, https:\/\/www.ocorreionews.com.br\/acervo-correio\/wp-content\/uploads\/2023\/07\/fogo-02-1-768x1024.jpg 768w\" sizes=\"auto, (max-width: 960px) 100vw, 960px\" \/><\/p>\n<p><em>* O Correio News, com informa\u00e7\u00f5es da Assessoria de Comunica\u00e7\u00e3o da 4\u00aaCIPM<\/em><\/p>\n","protected":false},"excerpt":{"rendered":"<p>Na manh\u00e3 desta quarta-feira (19), um homem de 44 anos, foi preso ap\u00f3s furtar c\u00e2meras de seguran\u00e7as de uma resid\u00eancia e ainda tentar incendiar a mesma, no Bairro Esperan\u00e7a em Chapad\u00e3o do Sul. Segundo informa\u00e7\u00f5es do Boletim de Ocorr\u00eancia, por volta das 7h da manha desta quarta-feira, a Pol\u00edcia Militar de Chapad\u00e3o do Sul foi [&hellip;]<\/p>\n","protected":false},"author":5,"featured_media":245900,"comment_status":"closed","ping_status":"closed","sticky":false,"template":"","format":"standard","meta":{"footnotes":""},"categories":[23,41],"tags":[],"class_list":["post-245894","post","type-post","status-publish","format-standard","has-post-thumbnail","hentry","category-chapadao-do-sul","category-destaque"],"_links":{"self":[{"href":"https:\/\/www.ocorreionews.com.br\/acervo-correio\/index.php?rest_route=\/wp\/v2\/posts\/245894","targetHints":{"allow":["GET"]}}],"collection":[{"href":"https:\/\/www.ocorreionews.com.br\/acervo-correio\/index.php?rest_route=\/wp\/v2\/posts"}],"about":[{"href":"https:\/\/www.ocorreionews.com.br\/acervo-correio\/index.php?rest_route=\/wp\/v2\/types\/post"}],"author":[{"embeddable":true,"href":"https:\/\/www.ocorreionews.com.br\/acervo-correio\/index.php?rest_route=\/wp\/v2\/users\/5"}],"replies":[{"embeddable":true,"href":"https:\/\/www.ocorreionews.com.br\/acervo-correio\/index.php?rest_route=%2Fwp%2Fv2%2Fcomments&post=245894"}],"version-history":[{"count":2,"href":"https:\/\/www.ocorreionews.com.br\/acervo-correio\/index.php?rest_route=\/wp\/v2\/posts\/245894\/revisions"}],"predecessor-version":[{"id":245902,"href":"https:\/\/www.ocorreionews.com.br\/acervo-correio\/index.php?rest_route=\/wp\/v2\/posts\/245894\/revisions\/245902"}],"wp:featuredmedia":[{"embeddable":true,"href":"https:\/\/www.ocorreionews.com.br\/acervo-correio\/index.php?rest_route=\/wp\/v2\/media\/245900"}],"wp:attachment":[{"href":"https:\/\/www.ocorreionews.com.br\/acervo-correio\/index.php?rest_route=%2Fwp%2Fv2%2Fmedia&parent=245894"}],"wp:term":[{"taxonomy":"category","embeddable":true,"href":"https:\/\/www.ocorreionews.com.br\/acervo-correio\/index.php?rest_route=%2Fwp%2Fv2%2Fcategories&post=245894"},{"taxonomy":"post_tag","embeddable":true,"href":"https:\/\/www.ocorreionews.com.br\/acervo-correio\/index.php?rest_route=%2Fwp%2Fv2%2Ftags&post=245894"}],"curies":[{"name":"wp","href":"https:\/\/api.w.org\/{rel}","templated":true}]}}