{"id":245912,"date":"2023-07-19T13:39:08","date_gmt":"2023-07-19T17:39:08","guid":{"rendered":"https:\/\/www.ocorreionews.com.br\/acervo-correio\/?p=245912"},"modified":"2023-07-19T13:39:08","modified_gmt":"2023-07-19T17:39:08","slug":"carro-parte-ao-meu-em-acidente-no-pr","status":"publish","type":"post","link":"https:\/\/www.ocorreionews.com.br\/acervo-correio\/?p=245912","title":{"rendered":"Carro parte ao meu em acidente no PR"},"content":{"rendered":"<blockquote>\n<h1 class=\"content-head__title\"><span style=\"font-size: 12pt;\">Homem morre ap\u00f3s bater contra van e carreta na BR-376<\/span><\/h1>\n<\/blockquote>\n<div id=\"chunk-j73h\">\n<div class=\"mc-column content-text active-extra-styles \" data-block-type=\"unstyled\" data-block-weight=\"26\" data-block-id=\"3\">\n<p class=\"content-text__container \" data-track-category=\"Link no Texto\" data-track-links=\"\">Uma pessoa morreu e outras tr\u00eas ficaram gravemente feridas em acidente na manh\u00e3 desta quarta-feira (19), na BR-376, em Nova Londrina, no noroeste do Paran\u00e1.<\/p>\n<\/div>\n<\/div>\n<div class=\"wall protected-content\">\n<div id=\"chunk-8u1k8\">\n<div class=\"mc-column content-text active-extra-styles \" data-block-type=\"unstyled\" data-block-weight=\"32\" data-block-id=\"4\">\n<p class=\"content-text__container \" data-track-category=\"Link no Texto\" data-track-links=\"\"><span class=\"highlight highlighted\">A pista em ambos sentidos foi liberada por volta das 12h e est\u00e1 em meia pista. <\/span>Batida ocorreu pr\u00f3ximo \u00e0 ponte do Ribeir\u00e3o do Tigre e do trevo de Nova Londrina.<\/p>\n<p data-track-category=\"Link no Texto\" data-track-links=\"\">\n<\/div>\n<\/div>\n<div id=\"chunk-31heq\">\n<div class=\"mc-column content-text active-extra-styles \" data-block-type=\"unstyled\" data-block-weight=\"28\" data-block-id=\"6\">\n<p class=\"content-text__container \" data-track-category=\"Link no Texto\" data-track-links=\"\">Segundo as primeiras informa\u00e7\u00f5es da Defesa Civil, h\u00e1 vazamento de combust\u00edvel sobre a pista. Com o impacto, um dos ve\u00edculos partiu ao meio. <strong><em>Assista no v\u00eddeo acima. <\/em><\/strong><\/p>\n<\/div>\n<\/div>\n<div id=\"chunk-7cqvj\">\n<div class=\"mc-column content-text active-extra-styles \" data-block-type=\"unstyled\" data-block-weight=\"29\" data-block-id=\"7\">\n<p class=\"content-text__container \" data-track-category=\"Link no Texto\" data-track-links=\"\">Conforme os socorristas, uma van, um ve\u00edculo de passeio e uma carreta se envolveram na batida. A carga de suco transportada na van ficou espalhada na pista.<\/p>\n<\/div>\n<\/div>\n<div id=\"chunk-1pgjj\"><\/div>\n<div id=\"chunk-amj8m\">\n<div class=\"row medium-uncollapsed content-media content-photo\" data-block-type=\"backstage-photo\" data-block-id=\"9\">\n<div class=\" mc-column  content-media__container\">\n<div class=\"content-media-container glb-skeleton-box\">\n<figure class=\"content-media-figure\"><img decoding=\"async\" class=\"i-amphtml-fill-content i-amphtml-replaced-content\" src=\"https:\/\/s2-g1.glbimg.com\/j9LCyyllWHuHe_17x_1lHT3ertQ=\/0x0:1599x899\/984x0\/smart\/filters:strip_icc()\/i.s3.glbimg.com\/v1\/AUTH_59edd422c0c84a879bd37670ae4f538a\/internal_photos\/bs\/2023\/X\/s\/O1r7t2RcqpbPjZ0mzVVw\/whatsapp-image-2023-07-19-at-08.42.34-2-.jpeg\" sizes=\"(max-width: 1366px) 648px, 100vw\" srcset=\"https:\/\/s2-g1.glbimg.com\/-AXIXUgfwiU-rg4KoYujltkOemE=\/0x0:1599x899\/1000x0\/smart\/filters:strip_icc()\/i.s3.glbimg.com\/v1\/AUTH_59edd422c0c84a879bd37670ae4f538a\/internal_photos\/bs\/2023\/X\/s\/O1r7t2RcqpbPjZ0mzVVw\/whatsapp-image-2023-07-19-at-08.42.34-2-.jpeg 1000w, https:\/\/s2-g1.glbimg.com\/j9LCyyllWHuHe_17x_1lHT3ertQ=\/0x0:1599x899\/984x0\/smart\/filters:strip_icc()\/i.s3.glbimg.com\/v1\/AUTH_59edd422c0c84a879bd37670ae4f538a\/internal_photos\/bs\/2023\/X\/s\/O1r7t2RcqpbPjZ0mzVVw\/whatsapp-image-2023-07-19-at-08.42.34-2-.jpeg 984w, https:\/\/s2-g1.glbimg.com\/jwnPkkj5FK3475dhVyT-Y1-SnVE=\/0x0:1599x899\/640x0\/smart\/filters:strip_icc()\/i.s3.glbimg.com\/v1\/AUTH_59edd422c0c84a879bd37670ae4f538a\/internal_photos\/bs\/2023\/X\/s\/O1r7t2RcqpbPjZ0mzVVw\/whatsapp-image-2023-07-19-at-08.42.34-2-.jpeg 640w, https:\/\/s2-g1.glbimg.com\/9s3Q0FO4YVFRvt9CZsDqv88sV9c=\/0x0:1599x899\/600x0\/smart\/filters:strip_icc()\/i.s3.glbimg.com\/v1\/AUTH_59edd422c0c84a879bd37670ae4f538a\/internal_photos\/bs\/2023\/X\/s\/O1r7t2RcqpbPjZ0mzVVw\/whatsapp-image-2023-07-19-at-08.42.34-2-.jpeg 600w\" alt=\"Carro parte ao meio em batida envolvendo outros dois ve\u00edculos na BR-376 \u2014 Foto: Divulga\u00e7\u00e3o\/ Defesa Civil\" \/><\/figure>\n<\/div>\n<p class=\"content-media__description  \">Carro parte ao meio em batida envolvendo outros dois ve\u00edculos na BR-376 \u2014 Foto: Divulga\u00e7\u00e3o\/ Defesa Civil<\/p>\n<\/div>\n<\/div>\n<\/div>\n<div id=\"chunk-c7gl9\">\n<div class=\"mc-column content-text active-extra-styles \" data-block-type=\"unstyled\" data-block-weight=\"23\" data-block-id=\"10\">\n<p class=\"content-text__container \" data-track-category=\"Link no Texto\" data-track-links=\"\">Tr\u00eas v\u00edtimas foram socorridas em estado grave para hospitais da regi\u00e3o. Uma delas encaminhada de helic\u00f3ptero ao Hospital Santa casa de Paranava\u00ed.<\/p>\n<\/div>\n<\/div>\n<div id=\"chunk-euub4\">\n<div class=\"mc-column content-text active-extra-styles \" data-block-type=\"unstyled\" data-block-weight=\"16\" data-block-id=\"11\">\n<p class=\"content-text__container \" data-track-category=\"Link no Texto\" data-track-links=\"\">Equipes do Samu, da Defesa Civil e da Pol\u00edcia Rodovi\u00e1ria Federal (PRF) est\u00e3o no local.<\/p>\n<\/div>\n<\/div>\n<div id=\"chunk-3m9f1\">\n<div class=\"row medium-uncollapsed content-media content-photo\" data-block-type=\"backstage-photo\" data-block-id=\"12\">\n<div class=\" mc-column  content-media__container\">\n<div class=\"content-media-container glb-skeleton-box\">\n<figure class=\"content-media-figure\"><img decoding=\"async\" class=\"i-amphtml-fill-content i-amphtml-replaced-content\" src=\"https:\/\/s2-g1.glbimg.com\/gvEDksFZuz4vBsuwrOD_-rrr3EU=\/0x0:1280x720\/984x0\/smart\/filters:strip_icc()\/i.s3.glbimg.com\/v1\/AUTH_59edd422c0c84a879bd37670ae4f538a\/internal_photos\/bs\/2023\/p\/u\/EbAq82QRumpVWIBBUAaA\/whatsapp-image-2023-07-19-at-08.42.34.jpeg\" sizes=\"(max-width: 1366px) 648px, 100vw\" srcset=\"https:\/\/s2-g1.glbimg.com\/28UyU8KmIyN4C6_P-nVQfwB-ugw=\/0x0:1280x720\/1000x0\/smart\/filters:strip_icc()\/i.s3.glbimg.com\/v1\/AUTH_59edd422c0c84a879bd37670ae4f538a\/internal_photos\/bs\/2023\/p\/u\/EbAq82QRumpVWIBBUAaA\/whatsapp-image-2023-07-19-at-08.42.34.jpeg 1000w, https:\/\/s2-g1.glbimg.com\/gvEDksFZuz4vBsuwrOD_-rrr3EU=\/0x0:1280x720\/984x0\/smart\/filters:strip_icc()\/i.s3.glbimg.com\/v1\/AUTH_59edd422c0c84a879bd37670ae4f538a\/internal_photos\/bs\/2023\/p\/u\/EbAq82QRumpVWIBBUAaA\/whatsapp-image-2023-07-19-at-08.42.34.jpeg 984w, https:\/\/s2-g1.glbimg.com\/iSaPADycSS-4H_CFX9p-61_eEjo=\/0x0:1280x720\/640x0\/smart\/filters:strip_icc()\/i.s3.glbimg.com\/v1\/AUTH_59edd422c0c84a879bd37670ae4f538a\/internal_photos\/bs\/2023\/p\/u\/EbAq82QRumpVWIBBUAaA\/whatsapp-image-2023-07-19-at-08.42.34.jpeg 640w, https:\/\/s2-g1.glbimg.com\/HDEs6pmvprtv6vokqCZWjQX3CzU=\/0x0:1280x720\/600x0\/smart\/filters:strip_icc()\/i.s3.glbimg.com\/v1\/AUTH_59edd422c0c84a879bd37670ae4f538a\/internal_photos\/bs\/2023\/p\/u\/EbAq82QRumpVWIBBUAaA\/whatsapp-image-2023-07-19-at-08.42.34.jpeg 600w\" alt=\"Carro parte ao meio em batida envolvendo outros dois ve\u00edculos na BR-376 \u2014 Foto: Defesa Civil\" \/><\/figure>\n<\/div>\n<p class=\"content-media__description  \">Carro parte ao meio em batida envolvendo outros dois ve\u00edculos na BR-376 \u2014 Foto: Defesa Civil<\/p>\n<\/div>\n<\/div>\n<\/div>\n<div id=\"chunk-d025i\"><\/div>\n<div id=\"chunk-d83pc\">\n<div class=\"row medium-uncollapsed content-media content-photo\" data-block-type=\"backstage-photo\" data-block-id=\"14\">\n<div class=\" mc-column  content-media__container\">\n<div class=\"content-media-container glb-skeleton-box\">\n<figure class=\"content-media-figure\"><img decoding=\"async\" class=\"i-amphtml-fill-content i-amphtml-replaced-content\" src=\"https:\/\/s2-g1.glbimg.com\/D_PkoeWOyTUCZbPfWREcX5jOkpI=\/0x0:1600x1200\/984x0\/smart\/filters:strip_icc()\/i.s3.glbimg.com\/v1\/AUTH_59edd422c0c84a879bd37670ae4f538a\/internal_photos\/bs\/2023\/c\/2\/gHQJqnRlyCuFpfewu7Aw\/whatsapp-image-2023-07-19-at-09.07.09.jpeg\" sizes=\"(max-width: 1366px) 648px, 100vw\" srcset=\"https:\/\/s2-g1.glbimg.com\/Q1_5SPbWS6IxZdCofL2ZHvAePUc=\/0x0:1600x1200\/1000x0\/smart\/filters:strip_icc()\/i.s3.glbimg.com\/v1\/AUTH_59edd422c0c84a879bd37670ae4f538a\/internal_photos\/bs\/2023\/c\/2\/gHQJqnRlyCuFpfewu7Aw\/whatsapp-image-2023-07-19-at-09.07.09.jpeg 1000w, https:\/\/s2-g1.glbimg.com\/D_PkoeWOyTUCZbPfWREcX5jOkpI=\/0x0:1600x1200\/984x0\/smart\/filters:strip_icc()\/i.s3.glbimg.com\/v1\/AUTH_59edd422c0c84a879bd37670ae4f538a\/internal_photos\/bs\/2023\/c\/2\/gHQJqnRlyCuFpfewu7Aw\/whatsapp-image-2023-07-19-at-09.07.09.jpeg 984w, https:\/\/s2-g1.glbimg.com\/YFOyYlg0W8j9p2CwpC_0n--RJQ0=\/0x0:1600x1200\/640x0\/smart\/filters:strip_icc()\/i.s3.glbimg.com\/v1\/AUTH_59edd422c0c84a879bd37670ae4f538a\/internal_photos\/bs\/2023\/c\/2\/gHQJqnRlyCuFpfewu7Aw\/whatsapp-image-2023-07-19-at-09.07.09.jpeg 640w, https:\/\/s2-g1.glbimg.com\/uE5NHS9fE-6vdzMJ5N3VYXv0Bow=\/0x0:1600x1200\/600x0\/smart\/filters:strip_icc()\/i.s3.glbimg.com\/v1\/AUTH_59edd422c0c84a879bd37670ae4f538a\/internal_photos\/bs\/2023\/c\/2\/gHQJqnRlyCuFpfewu7Aw\/whatsapp-image-2023-07-19-at-09.07.09.jpeg 600w\" alt=\"Carro parte ao meio em batida envolvendo outros dois ve\u00edculos na BR-376 \u2014 Foto: Defesa Civil\" \/><\/figure>\n<\/div>\n<p class=\"content-media__description  \">Carro parte ao meio em batida envolvendo outros dois ve\u00edculos na BR-376 \u2014 Foto: Defesa Civil<\/p>\n<p>&nbsp;<\/p>\n<\/div>\n<p>Por Gabriel Bukalowski e Tha\u00eds Ludescher, g1 PR e RPC Noroeste<\/p>\n<\/div>\n<\/div>\n<\/div>\n","protected":false},"excerpt":{"rendered":"<p>Homem morre ap\u00f3s bater contra van e carreta na BR-376 Uma pessoa morreu e outras tr\u00eas ficaram gravemente feridas em acidente na manh\u00e3 desta quarta-feira (19), na BR-376, em Nova Londrina, no noroeste do Paran\u00e1. A pista em ambos sentidos foi liberada por volta das 12h e est\u00e1 em meia pista. Batida ocorreu pr\u00f3ximo \u00e0 [&hellip;]<\/p>\n","protected":false},"author":4,"featured_media":245913,"comment_status":"closed","ping_status":"closed","sticky":false,"template":"","format":"standard","meta":{"footnotes":""},"categories":[38],"tags":[],"class_list":["post-245912","post","type-post","status-publish","format-standard","has-post-thumbnail","hentry","category-policia"],"_links":{"self":[{"href":"https:\/\/www.ocorreionews.com.br\/acervo-correio\/index.php?rest_route=\/wp\/v2\/posts\/245912","targetHints":{"allow":["GET"]}}],"collection":[{"href":"https:\/\/www.ocorreionews.com.br\/acervo-correio\/index.php?rest_route=\/wp\/v2\/posts"}],"about":[{"href":"https:\/\/www.ocorreionews.com.br\/acervo-correio\/index.php?rest_route=\/wp\/v2\/types\/post"}],"author":[{"embeddable":true,"href":"https:\/\/www.ocorreionews.com.br\/acervo-correio\/index.php?rest_route=\/wp\/v2\/users\/4"}],"replies":[{"embeddable":true,"href":"https:\/\/www.ocorreionews.com.br\/acervo-correio\/index.php?rest_route=%2Fwp%2Fv2%2Fcomments&post=245912"}],"version-history":[{"count":2,"href":"https:\/\/www.ocorreionews.com.br\/acervo-correio\/index.php?rest_route=\/wp\/v2\/posts\/245912\/revisions"}],"predecessor-version":[{"id":245915,"href":"https:\/\/www.ocorreionews.com.br\/acervo-correio\/index.php?rest_route=\/wp\/v2\/posts\/245912\/revisions\/245915"}],"wp:featuredmedia":[{"embeddable":true,"href":"https:\/\/www.ocorreionews.com.br\/acervo-correio\/index.php?rest_route=\/wp\/v2\/media\/245913"}],"wp:attachment":[{"href":"https:\/\/www.ocorreionews.com.br\/acervo-correio\/index.php?rest_route=%2Fwp%2Fv2%2Fmedia&parent=245912"}],"wp:term":[{"taxonomy":"category","embeddable":true,"href":"https:\/\/www.ocorreionews.com.br\/acervo-correio\/index.php?rest_route=%2Fwp%2Fv2%2Fcategories&post=245912"},{"taxonomy":"post_tag","embeddable":true,"href":"https:\/\/www.ocorreionews.com.br\/acervo-correio\/index.php?rest_route=%2Fwp%2Fv2%2Ftags&post=245912"}],"curies":[{"name":"wp","href":"https:\/\/api.w.org\/{rel}","templated":true}]}}