{"id":245920,"date":"2023-07-19T15:13:14","date_gmt":"2023-07-19T19:13:14","guid":{"rendered":"https:\/\/www.ocorreionews.com.br\/acervo-correio\/?p=245920"},"modified":"2023-07-19T15:13:14","modified_gmt":"2023-07-19T19:13:14","slug":"de-a-sua-sugestao-para-o-plano-plurianual-da-regiao-norte-de-ms-atraves-do-ppa-online","status":"publish","type":"post","link":"https:\/\/www.ocorreionews.com.br\/acervo-correio\/?p=245920","title":{"rendered":"D\u00ea a sua sugest\u00e3o para o Plano Plurianual da regi\u00e3o Norte de MS atrav\u00e9s do PPA online"},"content":{"rendered":"<div class=\"ntc_cont_descricao_noticia sw_txteditor\">A popula\u00e7\u00e3o de Mato Grosso do Sul est\u00e1 sendo ouvida pelo governo do estado para a elabora\u00e7\u00e3o do planejamento dos pr\u00f3ximos quatro anos. O objetivo \u00e9 saber quais pol\u00edticas p\u00fablicas e a\u00e7\u00f5es governamentais devem ser priorizadas na opini\u00e3o das pessoas. Esse processo faz parte da constru\u00e7\u00e3o do Plano Plurianual (PPA) para o per\u00edodo de 2024-2027.<\/p>\n<p>O PPA \u00e9 um instrumento de planejamento previsto na Constitui\u00e7\u00e3o Federal de 1988, que \u00e9 elaborado a cada quatro anos pelos estados e demais entes federados. Ele serve como uma diretriz para as a\u00e7\u00f5es e projetos que ser\u00e3o realizados durante esse per\u00edodo, levando em considera\u00e7\u00e3o as necessidades e demandas da popula\u00e7\u00e3o.<\/p>\n<p>Um dos encontros regionais para discutir o planejamento do governo do estado aconteceu em Coxim\/MS, no m\u00eas passado. Na ocasi\u00e3o, representantes de diversos munic\u00edpios, como Costa Rica, Alcin\u00f3polis, Camapu\u00e3, Figueir\u00e3o, Pedro Gomes, Rio Verde, S\u00e3o Gabriel do Oeste e Sonora, apresentaram suas demandas e propostas para as diversas \u00e1reas.<\/p>\n<p>Na oportunidade, o vice-prefeito de Costa Rica, Roni Cota e o procurador-geral do munic\u00edpio, Rogerio do Carmo Soto Coelho participaram do encontro regional que discutiu o planejamento do Governo do Estado na Regi\u00e3o Norte de MS.<\/p>\n<p>Dentre as propostas apresentadas por Costa Rica para melhorar o desenvolvimento e qualidade de vida da cidade, destacam-se a constru\u00e7\u00e3o e reforma de unidades habitacionais, a cria\u00e7\u00e3o de novos espa\u00e7os de assist\u00eancia social, o aumento do investimento na sa\u00fade, a revitaliza\u00e7\u00e3o do est\u00e1dio municipal e da feira do produtor rural, a melhoria das vias urbanas e a constru\u00e7\u00e3o de pontes de concreto. Tais medidas visam promover o crescimento da cidade, o bem-estar da popula\u00e7\u00e3o.<\/p>\n<p>Al\u00e9m desses encontros presenciais, tamb\u00e9m foi criado um canal eletr\u00f4nico, o PPA online, onde a sociedade pode participar e contribuir para o planejamento de m\u00e9dio prazo do estado de Mato Grosso do Sul. Nesse canal, \u00e9 poss\u00edvel enviar propostas para qualquer \u00e1rea de interesse, at\u00e9 o dia 31 de julho de 2023.<\/p>\n<p>Portanto, a popula\u00e7\u00e3o de Mato Grosso do Sul tem a oportunidade de participar ativamente da constru\u00e7\u00e3o do planejamento estadual para os pr\u00f3ximos quatro anos. \u00c9 uma chance de fazer ouvir suas demandas e contribuir para a defini\u00e7\u00e3o das pol\u00edticas p\u00fablicas e a\u00e7\u00f5es governamentais que ser\u00e3o priorizadas em seu munic\u00edpio ou estado. Para participar, basta acessar o site <strong><a href=\"http:\/\/voceparticipa.ms.gov.br\/\">http:\/\/voceparticipa.ms.gov.br\/<\/a> <\/strong>preencher um cadastro e seguir as instru\u00e7\u00f5es at\u00e9 a conclus\u00e3o.<\/div>\n<div><\/div>\n<div class=\"ntc_cont_descricao_noticia sw_txteditor\"><img decoding=\"async\" class=\"imgcentraliza\" src=\"https:\/\/www.costarica.ms.gov.br\/fotos\/d23c1d9cd78ce92d60e6dfdafef6e7fd.jpg\" alt=\"Foto Noticia Principal Grande\" \/>\n<\/div>\n<div class=\"ntc_area_info_noticia sw_lato\">\n<div>\n<div class=\"ntc_info_noticia\"><strong class=\"sw_lato_black\">Fonte: <\/strong>Assessoria de Comunica\u00e7\u00e3o \/ PMCR<\/div>\n<\/div>\n<\/div>\n","protected":false},"excerpt":{"rendered":"<p>A popula\u00e7\u00e3o de Mato Grosso do Sul est\u00e1 sendo ouvida pelo governo do estado para a elabora\u00e7\u00e3o do planejamento dos pr\u00f3ximos quatro anos. O objetivo \u00e9 saber quais pol\u00edticas p\u00fablicas e a\u00e7\u00f5es governamentais devem ser priorizadas na opini\u00e3o das pessoas. Esse processo faz parte da constru\u00e7\u00e3o do Plano Plurianual (PPA) para o per\u00edodo de 2024-2027. [&hellip;]<\/p>\n","protected":false},"author":5,"featured_media":245921,"comment_status":"closed","ping_status":"closed","sticky":false,"template":"","format":"standard","meta":{"footnotes":""},"categories":[18,25,30,37],"tags":[],"class_list":["post-245920","post","type-post","status-publish","format-standard","has-post-thumbnail","hentry","category-alcinopolis","category-costa-rica","category-figueirao","category-politica"],"_links":{"self":[{"href":"https:\/\/www.ocorreionews.com.br\/acervo-correio\/index.php?rest_route=\/wp\/v2\/posts\/245920","targetHints":{"allow":["GET"]}}],"collection":[{"href":"https:\/\/www.ocorreionews.com.br\/acervo-correio\/index.php?rest_route=\/wp\/v2\/posts"}],"about":[{"href":"https:\/\/www.ocorreionews.com.br\/acervo-correio\/index.php?rest_route=\/wp\/v2\/types\/post"}],"author":[{"embeddable":true,"href":"https:\/\/www.ocorreionews.com.br\/acervo-correio\/index.php?rest_route=\/wp\/v2\/users\/5"}],"replies":[{"embeddable":true,"href":"https:\/\/www.ocorreionews.com.br\/acervo-correio\/index.php?rest_route=%2Fwp%2Fv2%2Fcomments&post=245920"}],"version-history":[{"count":1,"href":"https:\/\/www.ocorreionews.com.br\/acervo-correio\/index.php?rest_route=\/wp\/v2\/posts\/245920\/revisions"}],"predecessor-version":[{"id":245922,"href":"https:\/\/www.ocorreionews.com.br\/acervo-correio\/index.php?rest_route=\/wp\/v2\/posts\/245920\/revisions\/245922"}],"wp:featuredmedia":[{"embeddable":true,"href":"https:\/\/www.ocorreionews.com.br\/acervo-correio\/index.php?rest_route=\/wp\/v2\/media\/245921"}],"wp:attachment":[{"href":"https:\/\/www.ocorreionews.com.br\/acervo-correio\/index.php?rest_route=%2Fwp%2Fv2%2Fmedia&parent=245920"}],"wp:term":[{"taxonomy":"category","embeddable":true,"href":"https:\/\/www.ocorreionews.com.br\/acervo-correio\/index.php?rest_route=%2Fwp%2Fv2%2Fcategories&post=245920"},{"taxonomy":"post_tag","embeddable":true,"href":"https:\/\/www.ocorreionews.com.br\/acervo-correio\/index.php?rest_route=%2Fwp%2Fv2%2Ftags&post=245920"}],"curies":[{"name":"wp","href":"https:\/\/api.w.org\/{rel}","templated":true}]}}