{"id":245932,"date":"2023-07-20T08:00:46","date_gmt":"2023-07-20T12:00:46","guid":{"rendered":"https:\/\/www.ocorreionews.com.br\/acervo-correio\/?p=245932"},"modified":"2023-07-20T08:00:46","modified_gmt":"2023-07-20T12:00:46","slug":"casa-do-trabalhador-oferece-15-vagas-para-auxiliar-de-producao-sem-experiencia-necessaria","status":"publish","type":"post","link":"https:\/\/www.ocorreionews.com.br\/acervo-correio\/?p=245932","title":{"rendered":"Casa do Trabalhador oferece 15 Vagas para Auxiliar de Produ\u00e7\u00e3o: Sem Experi\u00eancia Necess\u00e1ria"},"content":{"rendered":"<p style=\"font-weight: 400;\">Se voc\u00ea est\u00e1 em busca de uma nova oportunidade no mercado de trabalho e deseja fazer parte de uma empresa de sementes em crescimento, temos uma excelente not\u00edcia para voc\u00ea! Executivo Municipal por meio da Casa do Trabalhador de Chapad\u00e3o do Sul est\u00e1 oferecendo 15 vagas de emprego para a posi\u00e7\u00e3o de &#8220;Auxiliar de Produ\u00e7\u00e3o&#8221; em conceituada empresa do setor. E a melhor parte: n\u00e3o \u00e9 necess\u00e1ria experi\u00eancia!<\/p>\n<p style=\"font-weight: 400;\">A empresa, cujo nome ser\u00e1 divulgado no dia das entrevistas, busca profissionais dedicados e comprometidos para compor sua equipe de produ\u00e7\u00e3o. O cargo de Auxiliar de Produ\u00e7\u00e3o \u00e9 uma excelente oportunidade para quem busca iniciar ou consolidar uma carreira no segmento agr\u00edcola, trabalhando com sementes de alta qualidade que contribuem para o desenvolvimento do agroneg\u00f3cio local.<\/p>\n<p style=\"font-weight: 400;\">As entrevistas ser\u00e3o realizadas na Secretaria Municipal de Desenvolvimento Econ\u00f4mico e Meio Ambiente \u2013 SEDEMA, nas depend\u00eancias da Casa do Trabalhador de Chapad\u00e3o do Sul, situada na Avenida Onze, n\u00famero 1045 &#8211; Centro, no dia 28 de julho de 2023, com in\u00edcio \u00e0s 07h30 no hor\u00e1rio de Mato Grosso do Sul. \u00c9 importante destacar que, mesmo que n\u00e3o possua experi\u00eancia pr\u00e9via na fun\u00e7\u00e3o, todos os interessados est\u00e3o convidados a comparecer e participar do processo seletivo.<\/p>\n<p style=\"font-weight: 400;\">Os candidatos devem apresentar-se no local com o curr\u00edculo atualizado e documentos pessoais, como RG e CPF. Al\u00e9m disso, \u00e9 fundamental estar preparado para demonstrar suas habilidades, motiva\u00e7\u00e3o e comprometimento com o trabalho.<\/p>\n<p style=\"font-weight: 400;\">A empresa de sementes \u00e9 reconhecida por proporcionar um ambiente de trabalho agrad\u00e1vel, com oportunidades de aprendizado e crescimento profissional. Ser um colaborador nesta companhia significa fazer parte de uma equipe que valoriza a dedica\u00e7\u00e3o, a integridade e a paix\u00e3o pela agricultura, al\u00e9m de contribuir diretamente para o avan\u00e7o do agroneg\u00f3cio na regi\u00e3o.<\/p>\n<p style=\"font-weight: 400;\">&#8220;Essa \u00e9 uma grande chance para quem busca uma oportunidade no mercado de trabalho local. A empresa est\u00e1 disposta a investir em profissionais que demonstrem vontade de aprender e crescer. N\u00e3o \u00e9 necess\u00e1ria experi\u00eancia pr\u00e9via, pois ser\u00e1 proporcionado treinamento e capacita\u00e7\u00e3o aos novos colaboradores&#8221;, ressalta Graciele de Andrade \u2013 Diretora da Casa do Trabalhador.<\/p>\n<p style=\"font-weight: 400;\">Portanto, se voc\u00ea est\u00e1 buscando uma carreira promissora no setor agr\u00edcola e quer fazer parte de uma equipe comprometida com o desenvolvimento regional, n\u00e3o perca essa oportunidade \u00fanica! Compare\u00e7a \u00e0 Casa do Trabalhador de Chapad\u00e3o do Sul no dia 28 de julho de 2023, a partir das 07h30, e participe das entrevistas para a vaga de Auxiliar de Produ\u00e7\u00e3o na empresa de sementes.<\/p>\n<p style=\"font-weight: 400;\">Aproveite essa chance de dar um novo impulso \u00e0 sua trajet\u00f3ria profissional e ser parte fundamental do crescimento do agroneg\u00f3cio local. Lembre-se de que o sucesso come\u00e7a com a iniciativa de buscar novas oportunidades.<\/p>\n<p><img loading=\"lazy\" decoding=\"async\" class=\"alignnone size-full wp-image-245933\" src=\"https:\/\/www.ocorreionews.com.br\/acervo-correio\/wp-content\/uploads\/2023\/07\/01-10.jpg\" alt=\"\" width=\"800\" height=\"533\" srcset=\"https:\/\/www.ocorreionews.com.br\/acervo-correio\/wp-content\/uploads\/2023\/07\/01-10.jpg 800w, https:\/\/www.ocorreionews.com.br\/acervo-correio\/wp-content\/uploads\/2023\/07\/01-10-300x200.jpg 300w, https:\/\/www.ocorreionews.com.br\/acervo-correio\/wp-content\/uploads\/2023\/07\/01-10-768x512.jpg 768w\" sizes=\"auto, (max-width: 800px) 100vw, 800px\" \/><\/p>\n","protected":false},"excerpt":{"rendered":"<p>Se voc\u00ea est\u00e1 em busca de uma nova oportunidade no mercado de trabalho e deseja fazer parte de uma empresa de sementes em crescimento, temos uma excelente not\u00edcia para voc\u00ea! Executivo Municipal por meio da Casa do Trabalhador de Chapad\u00e3o do Sul est\u00e1 oferecendo 15 vagas de emprego para a posi\u00e7\u00e3o de &#8220;Auxiliar de Produ\u00e7\u00e3o&#8221; [&hellip;]<\/p>\n","protected":false},"author":5,"featured_media":245933,"comment_status":"closed","ping_status":"closed","sticky":false,"template":"","format":"standard","meta":{"footnotes":""},"categories":[23],"tags":[],"class_list":["post-245932","post","type-post","status-publish","format-standard","has-post-thumbnail","hentry","category-chapadao-do-sul"],"_links":{"self":[{"href":"https:\/\/www.ocorreionews.com.br\/acervo-correio\/index.php?rest_route=\/wp\/v2\/posts\/245932","targetHints":{"allow":["GET"]}}],"collection":[{"href":"https:\/\/www.ocorreionews.com.br\/acervo-correio\/index.php?rest_route=\/wp\/v2\/posts"}],"about":[{"href":"https:\/\/www.ocorreionews.com.br\/acervo-correio\/index.php?rest_route=\/wp\/v2\/types\/post"}],"author":[{"embeddable":true,"href":"https:\/\/www.ocorreionews.com.br\/acervo-correio\/index.php?rest_route=\/wp\/v2\/users\/5"}],"replies":[{"embeddable":true,"href":"https:\/\/www.ocorreionews.com.br\/acervo-correio\/index.php?rest_route=%2Fwp%2Fv2%2Fcomments&post=245932"}],"version-history":[{"count":1,"href":"https:\/\/www.ocorreionews.com.br\/acervo-correio\/index.php?rest_route=\/wp\/v2\/posts\/245932\/revisions"}],"predecessor-version":[{"id":245934,"href":"https:\/\/www.ocorreionews.com.br\/acervo-correio\/index.php?rest_route=\/wp\/v2\/posts\/245932\/revisions\/245934"}],"wp:featuredmedia":[{"embeddable":true,"href":"https:\/\/www.ocorreionews.com.br\/acervo-correio\/index.php?rest_route=\/wp\/v2\/media\/245933"}],"wp:attachment":[{"href":"https:\/\/www.ocorreionews.com.br\/acervo-correio\/index.php?rest_route=%2Fwp%2Fv2%2Fmedia&parent=245932"}],"wp:term":[{"taxonomy":"category","embeddable":true,"href":"https:\/\/www.ocorreionews.com.br\/acervo-correio\/index.php?rest_route=%2Fwp%2Fv2%2Fcategories&post=245932"},{"taxonomy":"post_tag","embeddable":true,"href":"https:\/\/www.ocorreionews.com.br\/acervo-correio\/index.php?rest_route=%2Fwp%2Fv2%2Ftags&post=245932"}],"curies":[{"name":"wp","href":"https:\/\/api.w.org\/{rel}","templated":true}]}}