{"id":246092,"date":"2023-07-22T07:05:46","date_gmt":"2023-07-22T11:05:46","guid":{"rendered":"https:\/\/www.ocorreionews.com.br\/acervo-correio\/?p=246092"},"modified":"2023-07-22T07:05:46","modified_gmt":"2023-07-22T11:05:46","slug":"conviver-realiza-arraia-da-melhor-idade","status":"publish","type":"post","link":"https:\/\/www.ocorreionews.com.br\/acervo-correio\/?p=246092","title":{"rendered":"Conviver realiza \u201cArrai\u00e1 da Melhor Idade\u201d"},"content":{"rendered":"<div dir=\"auto\">a Secretaria de A\u00e7\u00e3o Social, atrav\u00e9s do Centro de Conviv\u00eancia da Melhor Idade, realizou o \u201cArrai\u00e1 da Melhor Idade\u201d.<\/div>\n<div dir=\"auto\">O evento aconteceu no Sal\u00e3o de Eventos, um novo local amplo, arejado, que traz comodidade e conforto para os participantes do Centro de Conviv\u00eancia.<\/div>\n<div dir=\"auto\"><\/div>\n<div dir=\"auto\">O \u201cArrai\u00e1 da Melhor IDade\u201d foi organizado com muito amor e carinho pela equipe do Conviver, CRAS e CACA. Foi uma festan\u00e7a para l\u00e1 de boa e teve muitas comidas t\u00edpicas, bebidas e um bail\u00e3o dos melhores, que fez o p\u00fablico dan\u00e7ar e se divertir. O ponto alto da noite foi uma bela apresenta\u00e7\u00e3o de quadrilha, onde os participantes foram aplaudidos pelo p\u00fablico presente.<\/div>\n<p>&nbsp;<\/p>\n<p><img loading=\"lazy\" decoding=\"async\" class=\"alignnone size-full wp-image-246093\" src=\"https:\/\/www.ocorreionews.com.br\/acervo-correio\/wp-content\/uploads\/2023\/07\/Aeraia-terceira-idade.jpg\" alt=\"\" width=\"1080\" height=\"565\" srcset=\"https:\/\/www.ocorreionews.com.br\/acervo-correio\/wp-content\/uploads\/2023\/07\/Aeraia-terceira-idade.jpg 1080w, https:\/\/www.ocorreionews.com.br\/acervo-correio\/wp-content\/uploads\/2023\/07\/Aeraia-terceira-idade-300x157.jpg 300w, https:\/\/www.ocorreionews.com.br\/acervo-correio\/wp-content\/uploads\/2023\/07\/Aeraia-terceira-idade-1024x536.jpg 1024w, https:\/\/www.ocorreionews.com.br\/acervo-correio\/wp-content\/uploads\/2023\/07\/Aeraia-terceira-idade-768x402.jpg 768w\" sizes=\"auto, (max-width: 1080px) 100vw, 1080px\" \/> <img loading=\"lazy\" decoding=\"async\" class=\"alignnone size-full wp-image-246094\" src=\"https:\/\/www.ocorreionews.com.br\/acervo-correio\/wp-content\/uploads\/2023\/07\/Aeraia-terceira-idade2.jpg\" alt=\"\" width=\"1080\" height=\"720\" srcset=\"https:\/\/www.ocorreionews.com.br\/acervo-correio\/wp-content\/uploads\/2023\/07\/Aeraia-terceira-idade2.jpg 1080w, https:\/\/www.ocorreionews.com.br\/acervo-correio\/wp-content\/uploads\/2023\/07\/Aeraia-terceira-idade2-300x200.jpg 300w, https:\/\/www.ocorreionews.com.br\/acervo-correio\/wp-content\/uploads\/2023\/07\/Aeraia-terceira-idade2-1024x683.jpg 1024w, https:\/\/www.ocorreionews.com.br\/acervo-correio\/wp-content\/uploads\/2023\/07\/Aeraia-terceira-idade2-768x512.jpg 768w\" sizes=\"auto, (max-width: 1080px) 100vw, 1080px\" \/><\/p>\n<p>Fonte\/Fotos: Assecom\/Prefeitura de Alcin\u00f3polis\/Simone Nogueira<\/p>\n","protected":false},"excerpt":{"rendered":"<p>a Secretaria de A\u00e7\u00e3o Social, atrav\u00e9s do Centro de Conviv\u00eancia da Melhor Idade, realizou o \u201cArrai\u00e1 da Melhor Idade\u201d. O evento aconteceu no Sal\u00e3o de Eventos, um novo local amplo, arejado, que traz comodidade e conforto para os participantes do Centro de Conviv\u00eancia. O \u201cArrai\u00e1 da Melhor IDade\u201d foi organizado com muito amor e carinho [&hellip;]<\/p>\n","protected":false},"author":4,"featured_media":246095,"comment_status":"closed","ping_status":"closed","sticky":false,"template":"","format":"standard","meta":{"footnotes":""},"categories":[18],"tags":[],"class_list":["post-246092","post","type-post","status-publish","format-standard","has-post-thumbnail","hentry","category-alcinopolis"],"_links":{"self":[{"href":"https:\/\/www.ocorreionews.com.br\/acervo-correio\/index.php?rest_route=\/wp\/v2\/posts\/246092","targetHints":{"allow":["GET"]}}],"collection":[{"href":"https:\/\/www.ocorreionews.com.br\/acervo-correio\/index.php?rest_route=\/wp\/v2\/posts"}],"about":[{"href":"https:\/\/www.ocorreionews.com.br\/acervo-correio\/index.php?rest_route=\/wp\/v2\/types\/post"}],"author":[{"embeddable":true,"href":"https:\/\/www.ocorreionews.com.br\/acervo-correio\/index.php?rest_route=\/wp\/v2\/users\/4"}],"replies":[{"embeddable":true,"href":"https:\/\/www.ocorreionews.com.br\/acervo-correio\/index.php?rest_route=%2Fwp%2Fv2%2Fcomments&post=246092"}],"version-history":[{"count":1,"href":"https:\/\/www.ocorreionews.com.br\/acervo-correio\/index.php?rest_route=\/wp\/v2\/posts\/246092\/revisions"}],"predecessor-version":[{"id":246096,"href":"https:\/\/www.ocorreionews.com.br\/acervo-correio\/index.php?rest_route=\/wp\/v2\/posts\/246092\/revisions\/246096"}],"wp:featuredmedia":[{"embeddable":true,"href":"https:\/\/www.ocorreionews.com.br\/acervo-correio\/index.php?rest_route=\/wp\/v2\/media\/246095"}],"wp:attachment":[{"href":"https:\/\/www.ocorreionews.com.br\/acervo-correio\/index.php?rest_route=%2Fwp%2Fv2%2Fmedia&parent=246092"}],"wp:term":[{"taxonomy":"category","embeddable":true,"href":"https:\/\/www.ocorreionews.com.br\/acervo-correio\/index.php?rest_route=%2Fwp%2Fv2%2Fcategories&post=246092"},{"taxonomy":"post_tag","embeddable":true,"href":"https:\/\/www.ocorreionews.com.br\/acervo-correio\/index.php?rest_route=%2Fwp%2Fv2%2Ftags&post=246092"}],"curies":[{"name":"wp","href":"https:\/\/api.w.org\/{rel}","templated":true}]}}