{"id":246098,"date":"2023-07-22T07:44:41","date_gmt":"2023-07-22T11:44:41","guid":{"rendered":"https:\/\/www.ocorreionews.com.br\/acervo-correio\/?p=246098"},"modified":"2023-07-22T08:05:30","modified_gmt":"2023-07-22T12:05:30","slug":"costa-rica-se-torna-a-capital-da-pecuaria-de-leite-e-de-corte-com-realizacao-de-simposio","status":"publish","type":"post","link":"https:\/\/www.ocorreionews.com.br\/acervo-correio\/?p=246098","title":{"rendered":"Costa Rica se torna a capital da Pecu\u00e1ria de Leite e de Corte com realiza\u00e7\u00e3o de simp\u00f3sio"},"content":{"rendered":"<div class=\"ntc_cont_descricao_noticia sw_txteditor\">Nesta sexta-feira, 21 de julho, a Prefeitura de Costa Rica, em parceria com o Programa Cidade Empreendedora do Sebrae\/MS, a Secretaria de Agricultura e Desenvolvimento e a Agraer (Ag\u00eancia de Desenvolvimento Agr\u00e1rio e Extens\u00e3o Rural) de MS, realizou o 2\u00ba Simp\u00f3sio da Pecu\u00e1ria de Leite e de Corte. O evento, que ocorreu no tatersal da Carvalho Leil\u00f5es, reuniu um bom p\u00fablico interessado em conhecer as novidades e informa\u00e7\u00f5es t\u00e9cnicas sobre a produ\u00e7\u00e3o de leite e carne bovina.<br \/>\n<img loading=\"lazy\" decoding=\"async\" class=\"alignnone size-full wp-image-246099\" src=\"https:\/\/www.ocorreionews.com.br\/acervo-correio\/wp-content\/uploads\/2023\/07\/simposio-leite.jpg\" alt=\"\" width=\"800\" height=\"600\" srcset=\"https:\/\/www.ocorreionews.com.br\/acervo-correio\/wp-content\/uploads\/2023\/07\/simposio-leite.jpg 800w, https:\/\/www.ocorreionews.com.br\/acervo-correio\/wp-content\/uploads\/2023\/07\/simposio-leite-300x225.jpg 300w, https:\/\/www.ocorreionews.com.br\/acervo-correio\/wp-content\/uploads\/2023\/07\/simposio-leite-768x576.jpg 768w, https:\/\/www.ocorreionews.com.br\/acervo-correio\/wp-content\/uploads\/2023\/07\/simposio-leite-86x64.jpg 86w\" sizes=\"auto, (max-width: 800px) 100vw, 800px\" \/><br \/>\nO prefeito de Costa Rica, Cleverson Alves dos Santos, destacou a import\u00e2ncia do agroneg\u00f3cio como pilar da economia do pa\u00eds. Ele ressaltou a preocupa\u00e7\u00e3o em rela\u00e7\u00e3o \u00e0 depend\u00eancia de uma pequena parcela da popula\u00e7\u00e3o que sustenta o Brasil e a falta de compreens\u00e3o da import\u00e2ncia do trabalho \u00e1rduo dos produtores rurais. Disse que a prefeitura tem investido recursos e fornecido suporte t\u00e9cnico para o setor agr\u00edcola, facilitando a vida dos produtores e buscando qualifica\u00e7\u00e3o t\u00e9cnica para melhorar a produ\u00e7\u00e3o.O vice-prefeito, Roni Cota, ressaltou a import\u00e2ncia de buscar conhecimento e agradeceu aos servi\u00e7os prestados pela secretaria em benef\u00edcio da popula\u00e7\u00e3o. Ele destacou a parceria p\u00fablico-privada como forma de impulsionar o desenvolvimento do munic\u00edpio e enfatizou a import\u00e2ncia de acreditar no potencial de Costa Rica. Desejou um evento pr\u00f3spero e capacita\u00e7\u00e3o para contribuir com o desenvolvimento do munic\u00edpio.<br \/>\n<img loading=\"lazy\" decoding=\"async\" class=\"alignnone size-full wp-image-246101\" src=\"https:\/\/www.ocorreionews.com.br\/acervo-correio\/wp-content\/uploads\/2023\/07\/simposio-leite3.jpg\" alt=\"\" width=\"800\" height=\"600\" srcset=\"https:\/\/www.ocorreionews.com.br\/acervo-correio\/wp-content\/uploads\/2023\/07\/simposio-leite3.jpg 800w, https:\/\/www.ocorreionews.com.br\/acervo-correio\/wp-content\/uploads\/2023\/07\/simposio-leite3-300x225.jpg 300w, https:\/\/www.ocorreionews.com.br\/acervo-correio\/wp-content\/uploads\/2023\/07\/simposio-leite3-768x576.jpg 768w, https:\/\/www.ocorreionews.com.br\/acervo-correio\/wp-content\/uploads\/2023\/07\/simposio-leite3-86x64.jpg 86w\" sizes=\"auto, (max-width: 800px) 100vw, 800px\" \/><br \/>\nO simp\u00f3sio contou com diversas palestras ministradas por profissionais especializados na \u00e1rea. O agr\u00f4nomo Rodrigo Amorim Barbosa abordou o tema de manejo de pastagens e utiliza\u00e7\u00e3o de forragem, ressaltando como essas pr\u00e1ticas podem aumentar a lucratividade das fazendas. Ele enfatizou a import\u00e2ncia de dar aten\u00e7\u00e3o \u00e0s demandas dos produtores para oferecer informa\u00e7\u00f5es relevantes. Mencionou que a Embrapa Agropecu\u00e1ria de Corte possui uma equipe de especialistas que podem tratar de diversos temas relacionados \u00e0 cadeia produtiva da pecu\u00e1ria de corte.<\/p>\n<p>J\u00e1 Rodrigo da Costa Gomes, zootecnista da Embrapa Gado de Corte, ministrou uma palestra que abordou a precocidade na pecu\u00e1ria de corte, destacando a import\u00e2ncia de abater animais mais jovens e fazer com que as f\u00eameas emprenhem mais cedo. Ele apresentou protocolos da Embrapa para produzir o boi mais precoce para abate e reduzir a idade com que as f\u00eameas emprenham. Durante a sess\u00e3o de perguntas, foram tratadas quest\u00f5es sobre os cuidados necess\u00e1rios na cria\u00e7\u00e3o de f\u00eameas que emprenham cedo e o uso de suplementos proteicos para engorda de novilhas.<\/p>\n<p>A m\u00e9dica veterin\u00e1ria Marina Grandi ministrou uma palestra sobre os principais cuidados para a produ\u00e7\u00e3o de leite com qualidade, com enfoque na higiene e bem-estar dos animais. Ela ressaltou a import\u00e2ncia do simp\u00f3sio para a dissemina\u00e7\u00e3o de conhecimento e melhoria da produ\u00e7\u00e3o de leite.<\/p>\n<p>Alan Ricardo Novaes, agr\u00f4nomo e coordenador t\u00e9cnico municipal da Agraer, falou sobre a import\u00e2ncia do cr\u00e9dito rural para os agricultores, destacando o Pronaf (Plano Safra 2023\/2024) como um programa de cr\u00e9dito voltado para agricultores familiares de baixa renda, que oferece financiamentos com juros baixos e prazos mais longos.<\/p>\n<p>O evento contou com a presen\u00e7a de autoridades locais, como consultor do Sebrae e padrinho do Cidade Empreendedora local, Michel Martines; a analista-t\u00e9cnica do Sebrae\/MS, Jane Paiva; o presidente da C\u00e2mara de Vereadores, Ailton Martins de Amorim, a vice-presidente da C\u00e2mara Municipal Rosangela Mar\u00e7al Paes, os vereadores Evaldo Paulino Garcia e Artur Delgado Baird, a secret\u00e1ria de Pol\u00edticas P\u00fablicas para as Mulheres e 1\u00aa dama M\u00e1rcia Alves, o Secret\u00e1rio de Turismo, Meio Ambiente, Esporte e Cultura Jo\u00e3o Carlos Candido Rocha, a secret\u00e1ria de Educa\u00e7\u00e3o Maria Aparecida Francisca de Souza Almeida, o secret\u00e1rio de Sa\u00fade Jovenaldo Francisco dos Santos, o subsecret\u00e1rio de Desenvolvimento Aiton Ruiz Pereira, e o diretor-geral do SAAE (Servi\u00e7o de \u00c1gua e Esgoto) Cesarino Candio Narcizo, o coordenador da Agraer de S\u00e3o Gabriel d\u2019Oeste Ram\u00e3o Ximenes; vice-prefeito de Figueir\u00e3o, Jorge Roberto Mortari; coordenador t\u00e9cnico de Figueir\u00e3o, Luiz Carlos; gerente do Sicoob Ana Carla Le\u00e3o; gerente do Sicredi Tatiana Krever; representantes da CRESOL, Vinicius e Ana Paula; coordenadora da Agraer de Chapad\u00e3o do Sul Marcia Gomes, entre outros.<\/p>\n<p>O 2\u00ba Simp\u00f3sio da Pecu\u00e1ria de Leite e de Corte em Costa Rica foi um sucesso, proporcionando informa\u00e7\u00f5es e conhecimentos t\u00e9cnicos aos produtores, promovendo a troca de experi\u00eancias e fortalecendo o setor pecu\u00e1rio do munic\u00edpio.<\/p>\n<p>As empresas parceiras do simp\u00f3sio foram a Carvalho Leil\u00f5es Rural, Sustent\u00e1vel Cerrado, Distribuidora de Autope\u00e7as TJ, Auto Posto Avenida, Risco Zero &#8211; EPI&#8217;s e Ferramentas, Coplacana, Cometa Auto Pe\u00e7as, 2M Multimarcas e Lava R\u00e1pido, Villa Ve\u00edculos, Fazenda dona Natalia e Dr. Ricardo Andreotti, Panificadora Arty P\u00e3es, Rede M2B, Construmais &#8211; Materiais para Constru\u00e7\u00e3o, R\u00e1dio Cidade FM, 96,5 MHz, CAMDA, Shark Valtra, Reproduza &#8211; Reprodu\u00e7\u00e3o Animal, GR Assessoria Cont\u00e1bil e Empresarial,\u00a0Conquista &#8211; Produtos e Servi\u00e7os e WB Energy.<\/p>\n<\/div>\n<div class=\"ntc_area_info_noticia sw_lato\">\n<div>\n<div class=\"ntc_info_noticia\"><strong class=\"sw_lato_black\">Fonte: <\/strong>Assessoria de Comunica\u00e7\u00e3o \/ PMCR<\/div>\n<div class=\"ntc_info_noticia\"><strong class=\"sw_lato_black\">Autor: <\/strong>Silvestre de Castro &#8211; J<\/div>\n<\/div>\n<\/div>\n","protected":false},"excerpt":{"rendered":"<p>Nesta sexta-feira, 21 de julho, a Prefeitura de Costa Rica, em parceria com o Programa Cidade Empreendedora do Sebrae\/MS, a Secretaria de Agricultura e Desenvolvimento e a Agraer (Ag\u00eancia de Desenvolvimento Agr\u00e1rio e Extens\u00e3o Rural) de MS, realizou o 2\u00ba Simp\u00f3sio da Pecu\u00e1ria de Leite e de Corte. O evento, que ocorreu no tatersal da [&hellip;]<\/p>\n","protected":false},"author":4,"featured_media":246100,"comment_status":"closed","ping_status":"closed","sticky":false,"template":"","format":"standard","meta":{"footnotes":""},"categories":[17,25,41],"tags":[],"class_list":["post-246098","post","type-post","status-publish","format-standard","has-post-thumbnail","hentry","category-agropecuaria","category-costa-rica","category-destaque"],"_links":{"self":[{"href":"https:\/\/www.ocorreionews.com.br\/acervo-correio\/index.php?rest_route=\/wp\/v2\/posts\/246098","targetHints":{"allow":["GET"]}}],"collection":[{"href":"https:\/\/www.ocorreionews.com.br\/acervo-correio\/index.php?rest_route=\/wp\/v2\/posts"}],"about":[{"href":"https:\/\/www.ocorreionews.com.br\/acervo-correio\/index.php?rest_route=\/wp\/v2\/types\/post"}],"author":[{"embeddable":true,"href":"https:\/\/www.ocorreionews.com.br\/acervo-correio\/index.php?rest_route=\/wp\/v2\/users\/4"}],"replies":[{"embeddable":true,"href":"https:\/\/www.ocorreionews.com.br\/acervo-correio\/index.php?rest_route=%2Fwp%2Fv2%2Fcomments&post=246098"}],"version-history":[{"count":2,"href":"https:\/\/www.ocorreionews.com.br\/acervo-correio\/index.php?rest_route=\/wp\/v2\/posts\/246098\/revisions"}],"predecessor-version":[{"id":246105,"href":"https:\/\/www.ocorreionews.com.br\/acervo-correio\/index.php?rest_route=\/wp\/v2\/posts\/246098\/revisions\/246105"}],"wp:featuredmedia":[{"embeddable":true,"href":"https:\/\/www.ocorreionews.com.br\/acervo-correio\/index.php?rest_route=\/wp\/v2\/media\/246100"}],"wp:attachment":[{"href":"https:\/\/www.ocorreionews.com.br\/acervo-correio\/index.php?rest_route=%2Fwp%2Fv2%2Fmedia&parent=246098"}],"wp:term":[{"taxonomy":"category","embeddable":true,"href":"https:\/\/www.ocorreionews.com.br\/acervo-correio\/index.php?rest_route=%2Fwp%2Fv2%2Fcategories&post=246098"},{"taxonomy":"post_tag","embeddable":true,"href":"https:\/\/www.ocorreionews.com.br\/acervo-correio\/index.php?rest_route=%2Fwp%2Fv2%2Ftags&post=246098"}],"curies":[{"name":"wp","href":"https:\/\/api.w.org\/{rel}","templated":true}]}}