{"id":246117,"date":"2023-07-22T09:39:11","date_gmt":"2023-07-22T13:39:11","guid":{"rendered":"https:\/\/www.ocorreionews.com.br\/acervo-correio\/?p=246117"},"modified":"2023-07-22T09:39:11","modified_gmt":"2023-07-22T13:39:11","slug":"dois-corpos-carbonizados-foram-encontrados-em-tres-lagoas","status":"publish","type":"post","link":"https:\/\/www.ocorreionews.com.br\/acervo-correio\/?p=246117","title":{"rendered":"Dois corpos carbonizados foram encontrados em Tr\u00eas Lagoas"},"content":{"rendered":"<p>Um corpo de uma mulher completamente carbonizado foi encontrado no in\u00edcio da manh\u00e3 deste s\u00e1bado (21) atr\u00e1s da UNEI em Tr\u00eas Lagoas<strong>. A v\u00edtima foi reconhecida atrav\u00e9s das unhas pintadas e vestia uma roupa quadriculada e possui a c\u00fatis morena.<\/strong> A mesma n\u00e3o foi identificada at\u00e9 o momento.<\/p>\n<p><img loading=\"lazy\" decoding=\"async\" class=\"alignnone size-full wp-image-246118\" src=\"https:\/\/www.ocorreionews.com.br\/acervo-correio\/wp-content\/uploads\/2023\/07\/corpo-canronizados-3-lagoas.jpg\" alt=\"\" width=\"549\" height=\"217\" srcset=\"https:\/\/www.ocorreionews.com.br\/acervo-correio\/wp-content\/uploads\/2023\/07\/corpo-canronizados-3-lagoas.jpg 549w, https:\/\/www.ocorreionews.com.br\/acervo-correio\/wp-content\/uploads\/2023\/07\/corpo-canronizados-3-lagoas-300x119.jpg 300w\" sizes=\"auto, (max-width: 549px) 100vw, 549px\" \/><\/p>\n<p>O segundo cad\u00e1ver carbonizado nas margens da BR- 158, pr\u00f3ximo ao bairro Montanini, em Tr\u00eas Lagoas (MS).<\/p>\n<p>A guarni\u00e7\u00e3o da Pol\u00edcia Militar e R\u00e1dio Patrulha est\u00e3o no local, mat\u00e9ria sujeita a altera\u00e7\u00e3o com atualiza\u00e7\u00e3o dos fatos.<\/p>\n<div class=\"tdb-author-name-wrap\"><span class=\"tdb-author-by\">Por<\/span> <a class=\"tdb-author-name\" href=\"https:\/\/www.radiocacula.com.br\/author\/rafael-oliveira\/\">Rafael Oliveira<\/a> radio ca\u00e7ula<\/div>\n","protected":false},"excerpt":{"rendered":"<p>Um corpo de uma mulher completamente carbonizado foi encontrado no in\u00edcio da manh\u00e3 deste s\u00e1bado (21) atr\u00e1s da UNEI em Tr\u00eas Lagoas. A v\u00edtima foi reconhecida atrav\u00e9s das unhas pintadas e vestia uma roupa quadriculada e possui a c\u00fatis morena. A mesma n\u00e3o foi identificada at\u00e9 o momento. O segundo cad\u00e1ver carbonizado nas margens da [&hellip;]<\/p>\n","protected":false},"author":4,"featured_media":246119,"comment_status":"closed","ping_status":"closed","sticky":false,"template":"","format":"standard","meta":{"footnotes":""},"categories":[38],"tags":[],"class_list":["post-246117","post","type-post","status-publish","format-standard","has-post-thumbnail","hentry","category-policia"],"_links":{"self":[{"href":"https:\/\/www.ocorreionews.com.br\/acervo-correio\/index.php?rest_route=\/wp\/v2\/posts\/246117","targetHints":{"allow":["GET"]}}],"collection":[{"href":"https:\/\/www.ocorreionews.com.br\/acervo-correio\/index.php?rest_route=\/wp\/v2\/posts"}],"about":[{"href":"https:\/\/www.ocorreionews.com.br\/acervo-correio\/index.php?rest_route=\/wp\/v2\/types\/post"}],"author":[{"embeddable":true,"href":"https:\/\/www.ocorreionews.com.br\/acervo-correio\/index.php?rest_route=\/wp\/v2\/users\/4"}],"replies":[{"embeddable":true,"href":"https:\/\/www.ocorreionews.com.br\/acervo-correio\/index.php?rest_route=%2Fwp%2Fv2%2Fcomments&post=246117"}],"version-history":[{"count":1,"href":"https:\/\/www.ocorreionews.com.br\/acervo-correio\/index.php?rest_route=\/wp\/v2\/posts\/246117\/revisions"}],"predecessor-version":[{"id":246120,"href":"https:\/\/www.ocorreionews.com.br\/acervo-correio\/index.php?rest_route=\/wp\/v2\/posts\/246117\/revisions\/246120"}],"wp:featuredmedia":[{"embeddable":true,"href":"https:\/\/www.ocorreionews.com.br\/acervo-correio\/index.php?rest_route=\/wp\/v2\/media\/246119"}],"wp:attachment":[{"href":"https:\/\/www.ocorreionews.com.br\/acervo-correio\/index.php?rest_route=%2Fwp%2Fv2%2Fmedia&parent=246117"}],"wp:term":[{"taxonomy":"category","embeddable":true,"href":"https:\/\/www.ocorreionews.com.br\/acervo-correio\/index.php?rest_route=%2Fwp%2Fv2%2Fcategories&post=246117"},{"taxonomy":"post_tag","embeddable":true,"href":"https:\/\/www.ocorreionews.com.br\/acervo-correio\/index.php?rest_route=%2Fwp%2Fv2%2Ftags&post=246117"}],"curies":[{"name":"wp","href":"https:\/\/api.w.org\/{rel}","templated":true}]}}