{"id":246244,"date":"2023-07-23T10:00:34","date_gmt":"2023-07-23T14:00:34","guid":{"rendered":"https:\/\/www.ocorreionews.com.br\/acervo-correio\/?p=246244"},"modified":"2023-07-24T10:31:18","modified_gmt":"2023-07-24T14:31:18","slug":"costa-rica-operacao-apreende-carne-impropria-para-consumo-mas-pronta-para-ser-vendida","status":"publish","type":"post","link":"https:\/\/www.ocorreionews.com.br\/acervo-correio\/?p=246244","title":{"rendered":"Costa Rica: Opera\u00e7\u00e3o apreende carne impr\u00f3pria para consumo, mas pronta para ser vendida"},"content":{"rendered":"<p>Homem com identidade n\u00e3o revelada foi preso, na manh\u00e3 deste s\u00e1bado (22), em Costa Rica, distante 305 quil\u00f4metros de Campo Grande, acusado de vender carne impr\u00f3pria para o consumo humano.<\/p>\n<p>A pris\u00e3o aconteceu durante uma Opera\u00e7\u00e3o da Pol\u00edcia Civil em conjunto com a Iagro (Ag\u00eancia Estadual de Defesa Sanit\u00e1ria Animal e Vegetal). No flagrante, os agentes encontraram diversas pe\u00e7as de carne que, visivelmente, n\u00e3o estavam condicionadas da forma correta para comercializa\u00e7\u00e3o.<\/p>\n<p>Os alimentos estavam em meio \u00e0s moscas. Havia, tamb\u00e9m, garrafas de pl\u00e1stico com leite, armazenados em caixas de madeira.<\/p>\n<p>O Delegado Reginaldo Salom\u00e3o, respons\u00e1vel pela opera\u00e7\u00e3o, destacou a import\u00e2ncia da coopera\u00e7\u00e3o entre as institui\u00e7\u00f5es no enfrentamento aos crimes relacionados \u00e0s rela\u00e7\u00f5es de consumo.<\/p>\n<p>Ele ressaltou que a atua\u00e7\u00e3o conjunta permitiu uma abordagem mais abrangente e efetiva, garantindo a aplica\u00e7\u00e3o da lei e a prote\u00e7\u00e3o dos direitos dos consumidores sul-mato-grossenses. A Pol\u00edcia Civil n\u00e3o informou a quantidade de alimento apreendido na opera\u00e7\u00e3o<\/p>\n<p>&nbsp;<\/p>\n<p><a href=\"https:\/\/www.pc.ms.gov.br\/wp-content\/uploads\/2023\/07\/WhatsApp-Image-2023-07-22-at-13.07.51-1.jpeg\"><img loading=\"lazy\" decoding=\"async\" class=\"alignnone size-medium wp-image-119360\" src=\"https:\/\/www.pc.ms.gov.br\/wp-content\/uploads\/2023\/07\/WhatsApp-Image-2023-07-22-at-13.07.51-1-135x300.jpeg\" sizes=\"auto, (max-width: 135px) 100vw, 135px\" srcset=\"https:\/\/www.pc.ms.gov.br\/wp-content\/uploads\/2023\/07\/WhatsApp-Image-2023-07-22-at-13.07.51-1-135x300.jpeg 135w, https:\/\/www.pc.ms.gov.br\/wp-content\/uploads\/2023\/07\/WhatsApp-Image-2023-07-22-at-13.07.51-1-461x1024.jpeg 461w, https:\/\/www.pc.ms.gov.br\/wp-content\/uploads\/2023\/07\/WhatsApp-Image-2023-07-22-at-13.07.51-1-691x1536.jpeg 691w, https:\/\/www.pc.ms.gov.br\/wp-content\/uploads\/2023\/07\/WhatsApp-Image-2023-07-22-at-13.07.51-1.jpeg 720w\" alt=\"\" width=\"135\" height=\"300\" \/><\/a> <a href=\"https:\/\/www.pc.ms.gov.br\/wp-content\/uploads\/2023\/07\/WhatsApp-Image-2023-07-22-at-13.07.51.jpeg\"><img loading=\"lazy\" decoding=\"async\" class=\"alignnone size-medium wp-image-119361\" src=\"https:\/\/www.pc.ms.gov.br\/wp-content\/uploads\/2023\/07\/WhatsApp-Image-2023-07-22-at-13.07.51-225x300.jpeg\" sizes=\"auto, (max-width: 225px) 100vw, 225px\" srcset=\"https:\/\/www.pc.ms.gov.br\/wp-content\/uploads\/2023\/07\/WhatsApp-Image-2023-07-22-at-13.07.51-225x300.jpeg 225w, https:\/\/www.pc.ms.gov.br\/wp-content\/uploads\/2023\/07\/WhatsApp-Image-2023-07-22-at-13.07.51-768x1024.jpeg 768w, https:\/\/www.pc.ms.gov.br\/wp-content\/uploads\/2023\/07\/WhatsApp-Image-2023-07-22-at-13.07.51-1152x1536.jpeg 1152w, https:\/\/www.pc.ms.gov.br\/wp-content\/uploads\/2023\/07\/WhatsApp-Image-2023-07-22-at-13.07.51.jpeg 1200w\" alt=\"\" width=\"225\" height=\"300\" \/><\/a> <a href=\"https:\/\/www.pc.ms.gov.br\/wp-content\/uploads\/2023\/07\/WhatsApp-Image-2023-07-22-at-13.07.50-1.jpeg\"><img loading=\"lazy\" decoding=\"async\" class=\"alignnone size-medium wp-image-119362\" src=\"https:\/\/www.pc.ms.gov.br\/wp-content\/uploads\/2023\/07\/WhatsApp-Image-2023-07-22-at-13.07.50-1-225x300.jpeg\" sizes=\"auto, (max-width: 225px) 100vw, 225px\" srcset=\"https:\/\/www.pc.ms.gov.br\/wp-content\/uploads\/2023\/07\/WhatsApp-Image-2023-07-22-at-13.07.50-1-225x300.jpeg 225w, https:\/\/www.pc.ms.gov.br\/wp-content\/uploads\/2023\/07\/WhatsApp-Image-2023-07-22-at-13.07.50-1-768x1024.jpeg 768w, https:\/\/www.pc.ms.gov.br\/wp-content\/uploads\/2023\/07\/WhatsApp-Image-2023-07-22-at-13.07.50-1-1152x1536.jpeg 1152w, https:\/\/www.pc.ms.gov.br\/wp-content\/uploads\/2023\/07\/WhatsApp-Image-2023-07-22-at-13.07.50-1.jpeg 1200w\" alt=\"\" width=\"225\" height=\"300\" \/><\/a> <a href=\"https:\/\/www.pc.ms.gov.br\/wp-content\/uploads\/2023\/07\/WhatsApp-Image-2023-07-22-at-13.07.50.jpeg\"><img loading=\"lazy\" decoding=\"async\" class=\"alignnone size-medium wp-image-119363\" src=\"https:\/\/www.pc.ms.gov.br\/wp-content\/uploads\/2023\/07\/WhatsApp-Image-2023-07-22-at-13.07.50-225x300.jpeg\" sizes=\"auto, (max-width: 225px) 100vw, 225px\" srcset=\"https:\/\/www.pc.ms.gov.br\/wp-content\/uploads\/2023\/07\/WhatsApp-Image-2023-07-22-at-13.07.50-225x300.jpeg 225w, https:\/\/www.pc.ms.gov.br\/wp-content\/uploads\/2023\/07\/WhatsApp-Image-2023-07-22-at-13.07.50-768x1024.jpeg 768w, https:\/\/www.pc.ms.gov.br\/wp-content\/uploads\/2023\/07\/WhatsApp-Image-2023-07-22-at-13.07.50-1152x1536.jpeg 1152w, https:\/\/www.pc.ms.gov.br\/wp-content\/uploads\/2023\/07\/WhatsApp-Image-2023-07-22-at-13.07.50.jpeg 1200w\" alt=\"\" width=\"225\" height=\"300\" \/><\/a> <a href=\"https:\/\/www.pc.ms.gov.br\/wp-content\/uploads\/2023\/07\/WhatsApp-Image-2023-07-22-at-13.07.49.jpeg\"><img loading=\"lazy\" decoding=\"async\" class=\"alignnone size-medium wp-image-119364\" src=\"https:\/\/www.pc.ms.gov.br\/wp-content\/uploads\/2023\/07\/WhatsApp-Image-2023-07-22-at-13.07.49-300x225.jpeg\" sizes=\"auto, (max-width: 300px) 100vw, 300px\" srcset=\"https:\/\/www.pc.ms.gov.br\/wp-content\/uploads\/2023\/07\/WhatsApp-Image-2023-07-22-at-13.07.49-300x225.jpeg 300w, https:\/\/www.pc.ms.gov.br\/wp-content\/uploads\/2023\/07\/WhatsApp-Image-2023-07-22-at-13.07.49-1024x768.jpeg 1024w, https:\/\/www.pc.ms.gov.br\/wp-content\/uploads\/2023\/07\/WhatsApp-Image-2023-07-22-at-13.07.49-768x576.jpeg 768w, https:\/\/www.pc.ms.gov.br\/wp-content\/uploads\/2023\/07\/WhatsApp-Image-2023-07-22-at-13.07.49-1536x1152.jpeg 1536w, https:\/\/www.pc.ms.gov.br\/wp-content\/uploads\/2023\/07\/WhatsApp-Image-2023-07-22-at-13.07.49-348x261.jpeg 348w, https:\/\/www.pc.ms.gov.br\/wp-content\/uploads\/2023\/07\/WhatsApp-Image-2023-07-22-at-13.07.49.jpeg 1600w\" alt=\"\" width=\"300\" height=\"225\" \/><\/a><\/p>\n<p>CAMPO GRANDE NEWS<\/p>\n","protected":false},"excerpt":{"rendered":"<p>Homem com identidade n\u00e3o revelada foi preso, na manh\u00e3 deste s\u00e1bado (22), em Costa Rica, distante 305 quil\u00f4metros de Campo Grande, acusado de vender carne impr\u00f3pria para o consumo humano. A pris\u00e3o aconteceu durante uma Opera\u00e7\u00e3o da Pol\u00edcia Civil em conjunto com a Iagro (Ag\u00eancia Estadual de Defesa Sanit\u00e1ria Animal e Vegetal). No flagrante, os [&hellip;]<\/p>\n","protected":false},"author":4,"featured_media":246245,"comment_status":"closed","ping_status":"closed","sticky":false,"template":"","format":"standard","meta":{"footnotes":""},"categories":[25,38],"tags":[],"class_list":["post-246244","post","type-post","status-publish","format-standard","has-post-thumbnail","hentry","category-costa-rica","category-policia"],"_links":{"self":[{"href":"https:\/\/www.ocorreionews.com.br\/acervo-correio\/index.php?rest_route=\/wp\/v2\/posts\/246244","targetHints":{"allow":["GET"]}}],"collection":[{"href":"https:\/\/www.ocorreionews.com.br\/acervo-correio\/index.php?rest_route=\/wp\/v2\/posts"}],"about":[{"href":"https:\/\/www.ocorreionews.com.br\/acervo-correio\/index.php?rest_route=\/wp\/v2\/types\/post"}],"author":[{"embeddable":true,"href":"https:\/\/www.ocorreionews.com.br\/acervo-correio\/index.php?rest_route=\/wp\/v2\/users\/4"}],"replies":[{"embeddable":true,"href":"https:\/\/www.ocorreionews.com.br\/acervo-correio\/index.php?rest_route=%2Fwp%2Fv2%2Fcomments&post=246244"}],"version-history":[{"count":2,"href":"https:\/\/www.ocorreionews.com.br\/acervo-correio\/index.php?rest_route=\/wp\/v2\/posts\/246244\/revisions"}],"predecessor-version":[{"id":246339,"href":"https:\/\/www.ocorreionews.com.br\/acervo-correio\/index.php?rest_route=\/wp\/v2\/posts\/246244\/revisions\/246339"}],"wp:featuredmedia":[{"embeddable":true,"href":"https:\/\/www.ocorreionews.com.br\/acervo-correio\/index.php?rest_route=\/wp\/v2\/media\/246245"}],"wp:attachment":[{"href":"https:\/\/www.ocorreionews.com.br\/acervo-correio\/index.php?rest_route=%2Fwp%2Fv2%2Fmedia&parent=246244"}],"wp:term":[{"taxonomy":"category","embeddable":true,"href":"https:\/\/www.ocorreionews.com.br\/acervo-correio\/index.php?rest_route=%2Fwp%2Fv2%2Fcategories&post=246244"},{"taxonomy":"post_tag","embeddable":true,"href":"https:\/\/www.ocorreionews.com.br\/acervo-correio\/index.php?rest_route=%2Fwp%2Fv2%2Ftags&post=246244"}],"curies":[{"name":"wp","href":"https:\/\/api.w.org\/{rel}","templated":true}]}}