{"id":246249,"date":"2023-07-23T10:24:41","date_gmt":"2023-07-23T14:24:41","guid":{"rendered":"https:\/\/www.ocorreionews.com.br\/acervo-correio\/?p=246249"},"modified":"2023-07-23T10:25:10","modified_gmt":"2023-07-23T14:25:10","slug":"para-melhorar-ensino-com-ambiente-moderno-governo-vai-reformar-escola-de-figueirao","status":"publish","type":"post","link":"https:\/\/www.ocorreionews.com.br\/acervo-correio\/?p=246249","title":{"rendered":"Para melhorar ensino com ambiente moderno, Governo vai reformar escola de Figueir\u00e3o"},"content":{"rendered":"<p>Para melhorar o ambiente escolar e contribuir com o aprendizado dos alunos, o Governo do Estado segue as reformas na Rede Estadual de Ensino. Desta vez o investimento ser\u00e1 de R$ 11 milh\u00f5es em obras nas escolas estaduais de Figueir\u00e3o e \u00c1gua Clara.<\/p>\n<p>A Escola Arnaldo Estev\u00e3o de Figueiredo, em Figueir\u00e3o, vai ganhar uma reforma geral e amplia\u00e7\u00e3o, que ter\u00e1 o investimento de R$ 4,79 milh\u00f5es. A empresa respons\u00e1vel pela obra ter\u00e1 o prazo de 365 dias (1 ano) para concluir as atividades do local.<\/p>\n<p>Entre as a\u00e7\u00f5es previstas est\u00e1 pintura geral interna e externa, substitui\u00e7\u00e3o e reforma de esquadrias, reforma da cobertura, substitui\u00e7\u00e3o de pisos, adequa\u00e7\u00e3o para acessibilidade, adequa\u00e7\u00e3o para projeto de seguran\u00e7a e prote\u00e7\u00e3o contra inc\u00eandio e p\u00e2nico, entre outras interven\u00e7\u00f5es.<\/p>\n<p><em>onte: Leonardo Rocha, Comunica\u00e7\u00e3o do Governo de MS<\/em><\/p>\n","protected":false},"excerpt":{"rendered":"<p>Para melhorar o ambiente escolar e contribuir com o aprendizado dos alunos, o Governo do Estado segue as reformas na Rede Estadual de Ensino. Desta vez o investimento ser\u00e1 de R$ 11 milh\u00f5es em obras nas escolas estaduais de Figueir\u00e3o e \u00c1gua Clara. A Escola Arnaldo Estev\u00e3o de Figueiredo, em Figueir\u00e3o, vai ganhar uma reforma [&hellip;]<\/p>\n","protected":false},"author":4,"featured_media":246250,"comment_status":"closed","ping_status":"closed","sticky":false,"template":"","format":"standard","meta":{"footnotes":""},"categories":[27,30],"tags":[],"class_list":["post-246249","post","type-post","status-publish","format-standard","has-post-thumbnail","hentry","category-educacao","category-figueirao"],"_links":{"self":[{"href":"https:\/\/www.ocorreionews.com.br\/acervo-correio\/index.php?rest_route=\/wp\/v2\/posts\/246249","targetHints":{"allow":["GET"]}}],"collection":[{"href":"https:\/\/www.ocorreionews.com.br\/acervo-correio\/index.php?rest_route=\/wp\/v2\/posts"}],"about":[{"href":"https:\/\/www.ocorreionews.com.br\/acervo-correio\/index.php?rest_route=\/wp\/v2\/types\/post"}],"author":[{"embeddable":true,"href":"https:\/\/www.ocorreionews.com.br\/acervo-correio\/index.php?rest_route=\/wp\/v2\/users\/4"}],"replies":[{"embeddable":true,"href":"https:\/\/www.ocorreionews.com.br\/acervo-correio\/index.php?rest_route=%2Fwp%2Fv2%2Fcomments&post=246249"}],"version-history":[{"count":3,"href":"https:\/\/www.ocorreionews.com.br\/acervo-correio\/index.php?rest_route=\/wp\/v2\/posts\/246249\/revisions"}],"predecessor-version":[{"id":246253,"href":"https:\/\/www.ocorreionews.com.br\/acervo-correio\/index.php?rest_route=\/wp\/v2\/posts\/246249\/revisions\/246253"}],"wp:featuredmedia":[{"embeddable":true,"href":"https:\/\/www.ocorreionews.com.br\/acervo-correio\/index.php?rest_route=\/wp\/v2\/media\/246250"}],"wp:attachment":[{"href":"https:\/\/www.ocorreionews.com.br\/acervo-correio\/index.php?rest_route=%2Fwp%2Fv2%2Fmedia&parent=246249"}],"wp:term":[{"taxonomy":"category","embeddable":true,"href":"https:\/\/www.ocorreionews.com.br\/acervo-correio\/index.php?rest_route=%2Fwp%2Fv2%2Fcategories&post=246249"},{"taxonomy":"post_tag","embeddable":true,"href":"https:\/\/www.ocorreionews.com.br\/acervo-correio\/index.php?rest_route=%2Fwp%2Fv2%2Ftags&post=246249"}],"curies":[{"name":"wp","href":"https:\/\/api.w.org\/{rel}","templated":true}]}}