{"id":246258,"date":"2023-07-23T14:22:17","date_gmt":"2023-07-23T18:22:17","guid":{"rendered":"https:\/\/www.ocorreionews.com.br\/acervo-correio\/?p=246258"},"modified":"2023-07-23T15:04:30","modified_gmt":"2023-07-23T19:04:30","slug":"homem-teve-rosto-desfigurado-por-golpe-de-faca-em-chapadao-do-sul","status":"publish","type":"post","link":"https:\/\/www.ocorreionews.com.br\/acervo-correio\/?p=246258","title":{"rendered":"Homem teve rosto desfigurado por golpe de faca em Chapad\u00e3o do Sul"},"content":{"rendered":"<p>Um homem de 40 anos,\u00a0 identificado como J.D., postou em suas rede sociais, (face e Instagram)\u00a0 uma foto sua com um profundo corte no lado esquerdo da face, provocado por um golpe de faca.<\/p>\n<p>Segundo ele, estava trafegando pela Rua Canoas, no Bairro Flamboyant, em Chapad\u00e3o do Sul, \u00a0 quando foi atacado por um homem que ele identificou como sendo R. F., que deu o golpe pela janela do passageiro e saiu correndo e entrou em um gol preto.<\/p>\n<p>Segundo a Vitima, ele tem um filho de um outro relacionamento e como hoje ele estava de folga do seu servi\u00e7o, foi ate a casa pegar o menor para passar o dia como ele, conforme determina o acordo judicial, mas, ao chegar na casa, ele n\u00e3o sabia que a mulher estava tendo um relacionamento, com o acusado.<\/p>\n<p>O mesmo achou ruim o fato e segundo ele J.D., come\u00e7aram ent\u00e3o um discuss\u00e3o entre ambos, foi quando o R.F, de posse de uma faca veio para cima dele dentro do seu carro e come\u00e7ou a golpear. Jader disse que conseguiu evitar o golpe no peito, mas n\u00e3o evitou o do rosto. Ap\u00f3s ser golpeado ele saiu para fora do carro e o acusado correr e fugiu no gol preto,<\/p>\n<p>J.D. estava em uma Saveiro, conseguiu dirigir tamb\u00e9m e buscou ajuda no Hospital Municipal.<\/p>\n<p>O Boletim de Ocorr\u00eancia foi registrado , bem como uma foto do acusado foi entregue a Policia.<\/p>\n<p>Obs. A vitima autorizou a reportagem a publica\u00e7\u00e3o da foto<\/p>\n<p>&nbsp;<\/p>\n<p>&nbsp;<\/p>\n","protected":false},"excerpt":{"rendered":"<p>Um homem de 40 anos,\u00a0 identificado como J.D., postou em suas rede sociais, (face e Instagram)\u00a0 uma foto sua com um profundo corte no lado esquerdo da face, provocado por um golpe de faca. Segundo ele, estava trafegando pela Rua Canoas, no Bairro Flamboyant, em Chapad\u00e3o do Sul, \u00a0 quando foi atacado por um homem [&hellip;]<\/p>\n","protected":false},"author":4,"featured_media":246256,"comment_status":"closed","ping_status":"closed","sticky":false,"template":"","format":"standard","meta":{"footnotes":""},"categories":[41,38],"tags":[],"class_list":["post-246258","post","type-post","status-publish","format-standard","has-post-thumbnail","hentry","category-destaque","category-policia"],"_links":{"self":[{"href":"https:\/\/www.ocorreionews.com.br\/acervo-correio\/index.php?rest_route=\/wp\/v2\/posts\/246258","targetHints":{"allow":["GET"]}}],"collection":[{"href":"https:\/\/www.ocorreionews.com.br\/acervo-correio\/index.php?rest_route=\/wp\/v2\/posts"}],"about":[{"href":"https:\/\/www.ocorreionews.com.br\/acervo-correio\/index.php?rest_route=\/wp\/v2\/types\/post"}],"author":[{"embeddable":true,"href":"https:\/\/www.ocorreionews.com.br\/acervo-correio\/index.php?rest_route=\/wp\/v2\/users\/4"}],"replies":[{"embeddable":true,"href":"https:\/\/www.ocorreionews.com.br\/acervo-correio\/index.php?rest_route=%2Fwp%2Fv2%2Fcomments&post=246258"}],"version-history":[{"count":3,"href":"https:\/\/www.ocorreionews.com.br\/acervo-correio\/index.php?rest_route=\/wp\/v2\/posts\/246258\/revisions"}],"predecessor-version":[{"id":246262,"href":"https:\/\/www.ocorreionews.com.br\/acervo-correio\/index.php?rest_route=\/wp\/v2\/posts\/246258\/revisions\/246262"}],"wp:featuredmedia":[{"embeddable":true,"href":"https:\/\/www.ocorreionews.com.br\/acervo-correio\/index.php?rest_route=\/wp\/v2\/media\/246256"}],"wp:attachment":[{"href":"https:\/\/www.ocorreionews.com.br\/acervo-correio\/index.php?rest_route=%2Fwp%2Fv2%2Fmedia&parent=246258"}],"wp:term":[{"taxonomy":"category","embeddable":true,"href":"https:\/\/www.ocorreionews.com.br\/acervo-correio\/index.php?rest_route=%2Fwp%2Fv2%2Fcategories&post=246258"},{"taxonomy":"post_tag","embeddable":true,"href":"https:\/\/www.ocorreionews.com.br\/acervo-correio\/index.php?rest_route=%2Fwp%2Fv2%2Ftags&post=246258"}],"curies":[{"name":"wp","href":"https:\/\/api.w.org\/{rel}","templated":true}]}}