{"id":246268,"date":"2023-07-24T07:45:12","date_gmt":"2023-07-24T11:45:12","guid":{"rendered":"https:\/\/www.ocorreionews.com.br\/acervo-correio\/?p=246268"},"modified":"2023-07-24T10:19:50","modified_gmt":"2023-07-24T14:19:50","slug":"alcinopolis-grupo-com-15-pessoas-invade-casa-e-agride-familia","status":"publish","type":"post","link":"https:\/\/www.ocorreionews.com.br\/acervo-correio\/?p=246268","title":{"rendered":"Grupo com 15 pessoas invade casa e agride fam\u00edlia em Alcin\u00f3polis"},"content":{"rendered":"<p>Cerca de 15 pessoas invadiram uma resid\u00eancia para agredirem a fam\u00edlia que mora no local, neste domingo (23), em Alcin\u00f3polis. Tr\u00eas suspeitos foram detidos e dois deles s\u00e3o adolescentes.<\/p>\n<p>Conforme a ocorr\u00eancia, o grupo entrou na casa arrombando a porta e logo passaram a agredir todas as pessoas que estavam no local. As v\u00edtimas tiveram ferimentos graves e uma chegou a ficar desacordada.<\/p>\n<p>A pol\u00edcia esteve no local, mas os autores j\u00e1 tinham fugido. Logo depois, os policiais encontraram uma faca pr\u00f3ximo ao local do crime, que teria sido utilizada pelos agressores.<\/p>\n<p>Alguns envolvidos no crime chegaram a serem identificados. Durante a abordagem dos suspeitos, alguns tentaram fugir e at\u00e9 mesmo amea\u00e7aram os policiais.<\/p>\n<p>Dois suspeitos adolescentes foram apreendidos e um adulto foi preso. Ainda n\u00e3o se sabe o que teria motivado o ataque.<\/p>\n<p>&nbsp;<\/p>\n<div class=\"elementor-element elementor-element-1944f35 post-author elementor-widget__width-auto elementor-widget elementor-widget-shortcode\" data-id=\"1944f35\" data-element_type=\"widget\" data-widget_type=\"shortcode.default\">\n<div class=\"elementor-widget-container\">\n<div class=\"elementor-shortcode\">Gabriel Neves &#8211; Midiamax<\/div>\n<\/div>\n<\/div>\n","protected":false},"excerpt":{"rendered":"<p>Cerca de 15 pessoas invadiram uma resid\u00eancia para agredirem a fam\u00edlia que mora no local, neste domingo (23), em Alcin\u00f3polis. Tr\u00eas suspeitos foram detidos e dois deles s\u00e3o adolescentes. Conforme a ocorr\u00eancia, o grupo entrou na casa arrombando a porta e logo passaram a agredir todas as pessoas que estavam no local. As v\u00edtimas tiveram [&hellip;]<\/p>\n","protected":false},"author":4,"featured_media":230912,"comment_status":"closed","ping_status":"closed","sticky":false,"template":"","format":"standard","meta":{"footnotes":""},"categories":[18,38],"tags":[],"class_list":["post-246268","post","type-post","status-publish","format-standard","has-post-thumbnail","hentry","category-alcinopolis","category-policia"],"_links":{"self":[{"href":"https:\/\/www.ocorreionews.com.br\/acervo-correio\/index.php?rest_route=\/wp\/v2\/posts\/246268","targetHints":{"allow":["GET"]}}],"collection":[{"href":"https:\/\/www.ocorreionews.com.br\/acervo-correio\/index.php?rest_route=\/wp\/v2\/posts"}],"about":[{"href":"https:\/\/www.ocorreionews.com.br\/acervo-correio\/index.php?rest_route=\/wp\/v2\/types\/post"}],"author":[{"embeddable":true,"href":"https:\/\/www.ocorreionews.com.br\/acervo-correio\/index.php?rest_route=\/wp\/v2\/users\/4"}],"replies":[{"embeddable":true,"href":"https:\/\/www.ocorreionews.com.br\/acervo-correio\/index.php?rest_route=%2Fwp%2Fv2%2Fcomments&post=246268"}],"version-history":[{"count":4,"href":"https:\/\/www.ocorreionews.com.br\/acervo-correio\/index.php?rest_route=\/wp\/v2\/posts\/246268\/revisions"}],"predecessor-version":[{"id":246337,"href":"https:\/\/www.ocorreionews.com.br\/acervo-correio\/index.php?rest_route=\/wp\/v2\/posts\/246268\/revisions\/246337"}],"wp:featuredmedia":[{"embeddable":true,"href":"https:\/\/www.ocorreionews.com.br\/acervo-correio\/index.php?rest_route=\/wp\/v2\/media\/230912"}],"wp:attachment":[{"href":"https:\/\/www.ocorreionews.com.br\/acervo-correio\/index.php?rest_route=%2Fwp%2Fv2%2Fmedia&parent=246268"}],"wp:term":[{"taxonomy":"category","embeddable":true,"href":"https:\/\/www.ocorreionews.com.br\/acervo-correio\/index.php?rest_route=%2Fwp%2Fv2%2Fcategories&post=246268"},{"taxonomy":"post_tag","embeddable":true,"href":"https:\/\/www.ocorreionews.com.br\/acervo-correio\/index.php?rest_route=%2Fwp%2Fv2%2Ftags&post=246268"}],"curies":[{"name":"wp","href":"https:\/\/api.w.org\/{rel}","templated":true}]}}