{"id":24630,"date":"2016-04-06T09:29:04","date_gmt":"2016-04-06T13:29:04","guid":{"rendered":"https:\/\/ocorreionews.com.br\/?p=24630"},"modified":"2016-04-06T09:29:38","modified_gmt":"2016-04-06T13:29:38","slug":"floricultura-bem-me-quer-realiza-feirao-de-orquidea-e-flor-do-deserto","status":"publish","type":"post","link":"https:\/\/www.ocorreionews.com.br\/acervo-correio\/?p=24630","title":{"rendered":"Floricultura bem-me-quer realiza feir\u00e3o de orqu\u00eddea e flor do deserto"},"content":{"rendered":"<p>A Floricultura bem-me-quer, estar\u00e1 realizando nesta sexta e s\u00e1bado, um grande feir\u00e3o, com <em><strong>Orqu\u00eddea e flor do Deserto.<\/strong><\/em><\/p>\n<p>A Floricultura est\u00e1 localizada na avenida Oito ao lado da cafeteria Specialle.<\/p>\n<p>O feir\u00e3o ser\u00e1 realizado no hor\u00e1rio comercial.<\/p>\n<p><a href=\"https:\/\/ocorreionews.com.br\/wp-content\/uploads\/2016\/04\/orquidea.jpg\" rel=\"attachment wp-att-24632\"><img loading=\"lazy\" decoding=\"async\" class=\"alignnone size-medium wp-image-24632\" src=\"https:\/\/ocorreionews.com.br\/wp-content\/uploads\/2016\/04\/orquidea.jpg\" alt=\"orquidea\" width=\"247\" height=\"204\" \/><\/a><\/p>\n","protected":false},"excerpt":{"rendered":"<p>A Floricultura bem-me-quer, estar\u00e1 realizando nesta sexta e s\u00e1bado, um grande feir\u00e3o, com Orqu\u00eddea e flor do Deserto. A Floricultura est\u00e1 localizada na avenida Oito ao lado da cafeteria Specialle. O feir\u00e3o ser\u00e1 realizado no hor\u00e1rio comercial.<\/p>\n","protected":false},"author":4,"featured_media":24631,"comment_status":"closed","ping_status":"closed","sticky":false,"template":"","format":"standard","meta":{"footnotes":""},"categories":[23],"tags":[],"class_list":["post-24630","post","type-post","status-publish","format-standard","has-post-thumbnail","hentry","category-chapadao-do-sul"],"_links":{"self":[{"href":"https:\/\/www.ocorreionews.com.br\/acervo-correio\/index.php?rest_route=\/wp\/v2\/posts\/24630","targetHints":{"allow":["GET"]}}],"collection":[{"href":"https:\/\/www.ocorreionews.com.br\/acervo-correio\/index.php?rest_route=\/wp\/v2\/posts"}],"about":[{"href":"https:\/\/www.ocorreionews.com.br\/acervo-correio\/index.php?rest_route=\/wp\/v2\/types\/post"}],"author":[{"embeddable":true,"href":"https:\/\/www.ocorreionews.com.br\/acervo-correio\/index.php?rest_route=\/wp\/v2\/users\/4"}],"replies":[{"embeddable":true,"href":"https:\/\/www.ocorreionews.com.br\/acervo-correio\/index.php?rest_route=%2Fwp%2Fv2%2Fcomments&post=24630"}],"version-history":[{"count":0,"href":"https:\/\/www.ocorreionews.com.br\/acervo-correio\/index.php?rest_route=\/wp\/v2\/posts\/24630\/revisions"}],"wp:featuredmedia":[{"embeddable":true,"href":"https:\/\/www.ocorreionews.com.br\/acervo-correio\/index.php?rest_route=\/wp\/v2\/media\/24631"}],"wp:attachment":[{"href":"https:\/\/www.ocorreionews.com.br\/acervo-correio\/index.php?rest_route=%2Fwp%2Fv2%2Fmedia&parent=24630"}],"wp:term":[{"taxonomy":"category","embeddable":true,"href":"https:\/\/www.ocorreionews.com.br\/acervo-correio\/index.php?rest_route=%2Fwp%2Fv2%2Fcategories&post=24630"},{"taxonomy":"post_tag","embeddable":true,"href":"https:\/\/www.ocorreionews.com.br\/acervo-correio\/index.php?rest_route=%2Fwp%2Fv2%2Ftags&post=24630"}],"curies":[{"name":"wp","href":"https:\/\/api.w.org\/{rel}","templated":true}]}}