{"id":246372,"date":"2023-07-24T14:42:06","date_gmt":"2023-07-24T18:42:06","guid":{"rendered":"https:\/\/www.ocorreionews.com.br\/acervo-correio\/?p=246372"},"modified":"2023-07-24T14:46:53","modified_gmt":"2023-07-24T18:46:53","slug":"chapadao-do-sul-teve-dois-casos-de-pessoas-esfaqueada-neste-final-de-semana","status":"publish","type":"post","link":"https:\/\/www.ocorreionews.com.br\/acervo-correio\/?p=246372","title":{"rendered":"Chapad\u00e3o do Sul teve dois casos de pessoas esfaqueada neste final de semana"},"content":{"rendered":"<p>Neste \u00faltimo final de semana, a pol\u00edcia militar foi acionada para atender dois casos de pessoas esfaqueadas ap\u00f3s entrarem em vias de fatos na cidade de Chapad\u00e3o do Sul.<\/p>\n<p>O primeiro caso aconteceu na madruga deste domingo (23), por volta da 01h15min, onde segundo informa\u00e7\u00f5es do Boletim de Ocorr\u00eancia, a PM foi acionada pois estava acontecendo uma briga na Rua Tuim bairro Esplanada III, e no local os militares encontra um homem de 28 anos, com a boca sangrando e com um profundo corte no bra\u00e7o esquerdo, proveniente de um objeto cortante, sendo atendido pelo Corpo de Bombeiros.<\/p>\n<p>A v\u00edtima informou quem era o autor, a desaven\u00e7a come\u00e7ou por motivos banais. Os militares realizaram diligencias, mas o autor n\u00e3o foi encontrado.<\/p>\n<p>J\u00e1 o segundo caso aconteceu j\u00e1 manh\u00e3 de domingo por volta das 10h, onde a PM foi acionada para comparecer at\u00e9 o Hospital Municipal onde um homem de 40 anos teria dado entrada no local com um grande ferimento no rosto, provavelmente causado por esfaqueamento. Aos militares a v\u00edtima relatou quem foi o autor do esfaqueamento. Foi realizado rondas no intuito de localizar o autor, mas n\u00e3o foi logrado \u00eaxito.<\/p>\n<p>O autor do esfaqueamento seria o atual companheiro da ex mulher v\u00edtima.<\/p>\n<p>&nbsp;<\/p>\n<p>&nbsp;<\/p>\n<p><em>* O Correio News, com informa\u00e7\u00f5es da Assessoria de Comunica\u00e7\u00e3o da 4\u00aa Companhia Independente de Pol\u00edcia Militar<\/em><\/p>\n","protected":false},"excerpt":{"rendered":"<p>Neste \u00faltimo final de semana, a pol\u00edcia militar foi acionada para atender dois casos de pessoas esfaqueadas ap\u00f3s entrarem em vias de fatos na cidade de Chapad\u00e3o do Sul. O primeiro caso aconteceu na madruga deste domingo (23), por volta da 01h15min, onde segundo informa\u00e7\u00f5es do Boletim de Ocorr\u00eancia, a PM foi acionada pois estava [&hellip;]<\/p>\n","protected":false},"author":5,"featured_media":244869,"comment_status":"closed","ping_status":"closed","sticky":false,"template":"","format":"standard","meta":{"footnotes":""},"categories":[23,38],"tags":[],"class_list":["post-246372","post","type-post","status-publish","format-standard","has-post-thumbnail","hentry","category-chapadao-do-sul","category-policia"],"_links":{"self":[{"href":"https:\/\/www.ocorreionews.com.br\/acervo-correio\/index.php?rest_route=\/wp\/v2\/posts\/246372","targetHints":{"allow":["GET"]}}],"collection":[{"href":"https:\/\/www.ocorreionews.com.br\/acervo-correio\/index.php?rest_route=\/wp\/v2\/posts"}],"about":[{"href":"https:\/\/www.ocorreionews.com.br\/acervo-correio\/index.php?rest_route=\/wp\/v2\/types\/post"}],"author":[{"embeddable":true,"href":"https:\/\/www.ocorreionews.com.br\/acervo-correio\/index.php?rest_route=\/wp\/v2\/users\/5"}],"replies":[{"embeddable":true,"href":"https:\/\/www.ocorreionews.com.br\/acervo-correio\/index.php?rest_route=%2Fwp%2Fv2%2Fcomments&post=246372"}],"version-history":[{"count":3,"href":"https:\/\/www.ocorreionews.com.br\/acervo-correio\/index.php?rest_route=\/wp\/v2\/posts\/246372\/revisions"}],"predecessor-version":[{"id":246376,"href":"https:\/\/www.ocorreionews.com.br\/acervo-correio\/index.php?rest_route=\/wp\/v2\/posts\/246372\/revisions\/246376"}],"wp:featuredmedia":[{"embeddable":true,"href":"https:\/\/www.ocorreionews.com.br\/acervo-correio\/index.php?rest_route=\/wp\/v2\/media\/244869"}],"wp:attachment":[{"href":"https:\/\/www.ocorreionews.com.br\/acervo-correio\/index.php?rest_route=%2Fwp%2Fv2%2Fmedia&parent=246372"}],"wp:term":[{"taxonomy":"category","embeddable":true,"href":"https:\/\/www.ocorreionews.com.br\/acervo-correio\/index.php?rest_route=%2Fwp%2Fv2%2Fcategories&post=246372"},{"taxonomy":"post_tag","embeddable":true,"href":"https:\/\/www.ocorreionews.com.br\/acervo-correio\/index.php?rest_route=%2Fwp%2Fv2%2Ftags&post=246372"}],"curies":[{"name":"wp","href":"https:\/\/api.w.org\/{rel}","templated":true}]}}