{"id":246374,"date":"2023-07-24T14:58:31","date_gmt":"2023-07-24T18:58:31","guid":{"rendered":"https:\/\/www.ocorreionews.com.br\/acervo-correio\/?p=246374"},"modified":"2023-07-24T14:58:31","modified_gmt":"2023-07-24T18:58:31","slug":"pm-e-acionada-para-conter-briga-de-moradores-de-residencial-em-chapadao-do-sul","status":"publish","type":"post","link":"https:\/\/www.ocorreionews.com.br\/acervo-correio\/?p=246374","title":{"rendered":"PM \u00e9 acionada para conter briga de moradores de residencial em Chapad\u00e3o do Sul"},"content":{"rendered":"<p>Na noite da \u00faltima sexta-feira (21), a pol\u00edcia militar de Chapad\u00e3o do Sul, foi acionada por populares ap\u00f3s uma briga entre moradores e um dos envolvidos estaria armado com um fac\u00e3o.<\/p>\n<p>De acordo com informa\u00e7\u00f5es do Boletim de Ocorr\u00eancia, por volta das 23h40min, a Pol\u00edcia Militar de Chapad\u00e3o do Sul foi acionada para comparecer at\u00e9 um residencial que fica no Bairro Planalto, pois estaria acontecendo uma briga entre dois moradores e um estaria de posse de um fac\u00e3o.<\/p>\n<p>No local os militares fizeram contato com o homem de 43 anos e ele disse que estava brincando com suas crian\u00e7as no condom\u00ednio, momento em que o outro indiv\u00edduo de 32 anos entrou com o ve\u00edculo em alta velocidade colocando em risco as crian\u00e7as, ele n\u00e3o gostou da atitude e foi tirar satisfa\u00e7\u00e3o, afirmou tamb\u00e9m que n\u00e3o estava com nenhum fac\u00e3o. Por\u00e9m, os solicitantes afirmaram que ele estava sim com um fac\u00e3o e com a chegada da equipe policial ele se desfez dele.<\/p>\n<p>Foi feito buscas pelas proximidades e encontraram o fac\u00e3o em um terreno pr\u00f3ximo.<\/p>\n<p>Diante dos fatos, ambos os autores foram encaminhados a delegacia de pol\u00edcia para tomar as medidas cab\u00edveis.<\/p>\n<p>&nbsp;<\/p>\n<p><em>* O Correio News, com informa\u00e7\u00f5es da Assessoria de Comunica\u00e7\u00e3o da 4\u00aa Companhia Independente de Pol\u00edcia Militar<\/em><\/p>\n","protected":false},"excerpt":{"rendered":"<p>Na noite da \u00faltima sexta-feira (21), a pol\u00edcia militar de Chapad\u00e3o do Sul, foi acionada por populares ap\u00f3s uma briga entre moradores e um dos envolvidos estaria armado com um fac\u00e3o. De acordo com informa\u00e7\u00f5es do Boletim de Ocorr\u00eancia, por volta das 23h40min, a Pol\u00edcia Militar de Chapad\u00e3o do Sul foi acionada para comparecer at\u00e9 [&hellip;]<\/p>\n","protected":false},"author":5,"featured_media":229309,"comment_status":"closed","ping_status":"closed","sticky":false,"template":"","format":"standard","meta":{"footnotes":""},"categories":[23,38],"tags":[],"class_list":["post-246374","post","type-post","status-publish","format-standard","has-post-thumbnail","hentry","category-chapadao-do-sul","category-policia"],"_links":{"self":[{"href":"https:\/\/www.ocorreionews.com.br\/acervo-correio\/index.php?rest_route=\/wp\/v2\/posts\/246374","targetHints":{"allow":["GET"]}}],"collection":[{"href":"https:\/\/www.ocorreionews.com.br\/acervo-correio\/index.php?rest_route=\/wp\/v2\/posts"}],"about":[{"href":"https:\/\/www.ocorreionews.com.br\/acervo-correio\/index.php?rest_route=\/wp\/v2\/types\/post"}],"author":[{"embeddable":true,"href":"https:\/\/www.ocorreionews.com.br\/acervo-correio\/index.php?rest_route=\/wp\/v2\/users\/5"}],"replies":[{"embeddable":true,"href":"https:\/\/www.ocorreionews.com.br\/acervo-correio\/index.php?rest_route=%2Fwp%2Fv2%2Fcomments&post=246374"}],"version-history":[{"count":1,"href":"https:\/\/www.ocorreionews.com.br\/acervo-correio\/index.php?rest_route=\/wp\/v2\/posts\/246374\/revisions"}],"predecessor-version":[{"id":246377,"href":"https:\/\/www.ocorreionews.com.br\/acervo-correio\/index.php?rest_route=\/wp\/v2\/posts\/246374\/revisions\/246377"}],"wp:featuredmedia":[{"embeddable":true,"href":"https:\/\/www.ocorreionews.com.br\/acervo-correio\/index.php?rest_route=\/wp\/v2\/media\/229309"}],"wp:attachment":[{"href":"https:\/\/www.ocorreionews.com.br\/acervo-correio\/index.php?rest_route=%2Fwp%2Fv2%2Fmedia&parent=246374"}],"wp:term":[{"taxonomy":"category","embeddable":true,"href":"https:\/\/www.ocorreionews.com.br\/acervo-correio\/index.php?rest_route=%2Fwp%2Fv2%2Fcategories&post=246374"},{"taxonomy":"post_tag","embeddable":true,"href":"https:\/\/www.ocorreionews.com.br\/acervo-correio\/index.php?rest_route=%2Fwp%2Fv2%2Ftags&post=246374"}],"curies":[{"name":"wp","href":"https:\/\/api.w.org\/{rel}","templated":true}]}}