{"id":246378,"date":"2023-07-24T15:01:00","date_gmt":"2023-07-24T19:01:00","guid":{"rendered":"https:\/\/www.ocorreionews.com.br\/acervo-correio\/?p=246378"},"modified":"2023-07-24T15:01:00","modified_gmt":"2023-07-24T19:01:00","slug":"comunicado-cras-parque-uniao-continuara-atendimento-na-assistencia-social-ate-dia-28-de-julho","status":"publish","type":"post","link":"https:\/\/www.ocorreionews.com.br\/acervo-correio\/?p=246378","title":{"rendered":"Comunicado: CRAS Parque Uni\u00e3o continuar\u00e1 atendimento na Assist\u00eancia Social at\u00e9 dia 28 de julho"},"content":{"rendered":"<p style=\"font-weight: 400;\">O Centro de Refer\u00eancia de Assist\u00eancia Social &#8211; CRAS Parque Uni\u00e3o\u00a0 de Chapad\u00e3o do Sul &#8211; \u00a0informa que nos dias 24 a 28 de julho\u00a0\u00a0os atendimentos ao p\u00fablico ser\u00e3o realizados na Secretaria de Assist\u00eancia Social, localizada na Rua Sete, n \u00ba 371, Centro.<\/p>\n<p style=\"font-weight: 400;\">Os atendimentos ser\u00e3o por agendamento pelo fone: 67 9 9987-7941 ou pelo telefone \u2013 (67) 3562-2828.<\/p>\n","protected":false},"excerpt":{"rendered":"<p>O Centro de Refer\u00eancia de Assist\u00eancia Social &#8211; CRAS Parque Uni\u00e3o\u00a0 de Chapad\u00e3o do Sul &#8211; \u00a0informa que nos dias 24 a 28 de julho\u00a0\u00a0os atendimentos ao p\u00fablico ser\u00e3o realizados na Secretaria de Assist\u00eancia Social, localizada na Rua Sete, n \u00ba 371, Centro. Os atendimentos ser\u00e3o por agendamento pelo fone: 67 9 9987-7941 ou pelo [&hellip;]<\/p>\n","protected":false},"author":5,"featured_media":233903,"comment_status":"closed","ping_status":"closed","sticky":false,"template":"","format":"standard","meta":{"footnotes":""},"categories":[23],"tags":[],"class_list":["post-246378","post","type-post","status-publish","format-standard","has-post-thumbnail","hentry","category-chapadao-do-sul"],"_links":{"self":[{"href":"https:\/\/www.ocorreionews.com.br\/acervo-correio\/index.php?rest_route=\/wp\/v2\/posts\/246378","targetHints":{"allow":["GET"]}}],"collection":[{"href":"https:\/\/www.ocorreionews.com.br\/acervo-correio\/index.php?rest_route=\/wp\/v2\/posts"}],"about":[{"href":"https:\/\/www.ocorreionews.com.br\/acervo-correio\/index.php?rest_route=\/wp\/v2\/types\/post"}],"author":[{"embeddable":true,"href":"https:\/\/www.ocorreionews.com.br\/acervo-correio\/index.php?rest_route=\/wp\/v2\/users\/5"}],"replies":[{"embeddable":true,"href":"https:\/\/www.ocorreionews.com.br\/acervo-correio\/index.php?rest_route=%2Fwp%2Fv2%2Fcomments&post=246378"}],"version-history":[{"count":1,"href":"https:\/\/www.ocorreionews.com.br\/acervo-correio\/index.php?rest_route=\/wp\/v2\/posts\/246378\/revisions"}],"predecessor-version":[{"id":246379,"href":"https:\/\/www.ocorreionews.com.br\/acervo-correio\/index.php?rest_route=\/wp\/v2\/posts\/246378\/revisions\/246379"}],"wp:featuredmedia":[{"embeddable":true,"href":"https:\/\/www.ocorreionews.com.br\/acervo-correio\/index.php?rest_route=\/wp\/v2\/media\/233903"}],"wp:attachment":[{"href":"https:\/\/www.ocorreionews.com.br\/acervo-correio\/index.php?rest_route=%2Fwp%2Fv2%2Fmedia&parent=246378"}],"wp:term":[{"taxonomy":"category","embeddable":true,"href":"https:\/\/www.ocorreionews.com.br\/acervo-correio\/index.php?rest_route=%2Fwp%2Fv2%2Fcategories&post=246378"},{"taxonomy":"post_tag","embeddable":true,"href":"https:\/\/www.ocorreionews.com.br\/acervo-correio\/index.php?rest_route=%2Fwp%2Fv2%2Ftags&post=246378"}],"curies":[{"name":"wp","href":"https:\/\/api.w.org\/{rel}","templated":true}]}}