{"id":246380,"date":"2023-07-24T15:02:58","date_gmt":"2023-07-24T19:02:58","guid":{"rendered":"https:\/\/www.ocorreionews.com.br\/acervo-correio\/?p=246380"},"modified":"2023-07-24T15:16:47","modified_gmt":"2023-07-24T19:16:47","slug":"programa-de-credito-empreendedor-sul-chapadense-impulsionara-o-desenvolvimento-economico-em-chapadao-do-sul","status":"publish","type":"post","link":"https:\/\/www.ocorreionews.com.br\/acervo-correio\/?p=246380","title":{"rendered":"Programa de Cr\u00e9dito Empreendedor Sul-Chapadense impulsionar\u00e1 o desenvolvimento econ\u00f4mico em Chapad\u00e3o do Sul"},"content":{"rendered":"<p style=\"font-weight: 400;\">Na busca por fomentar a economia local e estimular o crescimento dos empreendedores, o Poder Executivo de Chapad\u00e3o do Sul, atrav\u00e9s da Secretaria de Desenvolvimento Econ\u00f4mico e Meio Ambiente (SEDEMA), e Secretaria de Finan\u00e7as e Planejamento (SEFIP), promoveu uma reuni\u00e3o nesta ter\u00e7a-feira, 18 de julho de 2023, com representantes das institui\u00e7\u00f5es banc\u00e1rias e cooperativas financeiras do munic\u00edpio.<\/p>\n<p style=\"font-weight: 400;\">O objetivo do encontro foi desenvolver estrat\u00e9gias para o Programa de Cr\u00e9dito Empreendedor Sul-Chapadense, que conceder\u00e1 cr\u00e9dito as micro e pequenas empresas sediadas no munic\u00edpio, visando ao desenvolvimento do com\u00e9rcio local. A iniciativa contar\u00e1 com o credenciamento das institui\u00e7\u00f5es financeiras, com car\u00eancia para in\u00edcio dos pagamentos e subs\u00eddio da Prefeitura Municipal em rela\u00e7\u00e3o aos valores dos juros, por um per\u00edodo, desde que cumpridos os requisitos legais e pol\u00edticas internas de cr\u00e9dito das institui\u00e7\u00f5es.<\/p>\n<p style=\"font-weight: 400;\">Neste ato, estava presente as seguintes institui\u00e7\u00f5es financeiras:<\/p>\n<ul style=\"font-weight: 400;\">\n<li>Banco do Brasil, Matheus de Freitas Oliveira (Gerente Geral).<\/li>\n<li>Bradesco, representado por Vanessa Diniz de Deus (Gerente Pessoa Jur\u00eddica) e Cleber Magalh\u00e3es (Gerente Geral).<\/li>\n<li>Caixa, representada por Valdinei Andr\u00e9 Barbosa (Gerente de Carteira PJ).<\/li>\n<li>Cressol, Silmara (Gerente de carteira PJ)<\/li>\n<li>Santander, representado pela Jaqueline (Gerente de Carteira PJ)<\/li>\n<li>Sicredi, represntado por\u00a0Hyran Magalh\u00e3es Moura (Gerente de Ag\u00eancia), Cleverson Arruda Ribeiro (Gerente de Neg\u00f3cios PJ) e Sandra Bueno do Nascimento &#8211; Assistente de Neg\u00f3cios PJ<\/li>\n<\/ul>\n<p style=\"font-weight: 400;\">O prefeito Jo\u00e3o Carlos Krug ressaltou a import\u00e2ncia do programa na preserva\u00e7\u00e3o do emprego, renda e na continuidade das opera\u00e7\u00f5es empresariais no munic\u00edpio. Sua vis\u00e3o estrat\u00e9gica e comprometimento com o bem-estar econ\u00f4mico da comunidade foram evidentes ao enfatizar a necessidade de estimular o com\u00e9rcio local.<\/p>\n<p style=\"font-weight: 400;\">A coordena\u00e7\u00e3o do Programa de Cr\u00e9dito ficar\u00e1 a cargo da Secretaria Municipal de Desenvolvimento Econ\u00f4mico e Meio Ambiente, em parceria com a Secretaria Municipal de Finan\u00e7as e Planejamento.<\/p>\n<p style=\"font-weight: 400;\">\u201cO programa concentrar\u00e1 esfor\u00e7os no crescimento dos microempreendedores individuais (MEI) e microempresas (ME), segmentos cruciais da economia local. Com juros subsidiados, a iniciativa proporcionar\u00e1 condi\u00e7\u00f5es financeiras mais acess\u00edveis, removendo obst\u00e1culos que muitas vezes impedem o crescimento dos neg\u00f3cios\u201d. Afirma secret\u00e1rio Jos\u00e9 J\u00fanior Teixeira, SEDEMA.<\/p>\n<p style=\"font-weight: 400;\">A parceria estreita entre o setor p\u00fablico e as institui\u00e7\u00f5es financeiras ser\u00e1 fundamental para o sucesso do programa, potencializando os recursos dispon\u00edveis e alcan\u00e7ando mais empreendimento.<\/p>\n<p style=\"font-weight: 400;\">Itamar Mariani, secret\u00e1rio de finan\u00e7as e planejamento, enfatizou que: \u201cO programa \u00e9 uma resposta proativa aos desafios econ\u00f4micos, visando criar um ambiente favor\u00e1vel para a prosperidade dos neg\u00f3cios locais e estabelecer uma rede de apoio s\u00f3lida aos empreendedores\u201d.<\/p>\n<p style=\"font-weight: 400;\">A SEDEMA, realizar\u00e1 essa semana, um levantamento de todas as linhas de financiamentos dispon\u00edveis para um estudo de viabilidade, para resultar no melhor programa poss\u00edvel para os empreendedores. Todas as institui\u00e7\u00f5es financeiras dever\u00e3o passar por um procedimento administrativo para credenciamento. Ap\u00f3s o credenciamento, o munic\u00edpio celebrar\u00e1 contratos com as institui\u00e7\u00f5es financeiras, definindo os direitos e deveres de ambas as partes.<\/p>\n<p style=\"font-weight: 400;\">\u00a0\u201cO Programa de Cr\u00e9dito Empreendedor Sul-Chapadense surge como uma verdadeira alavanca para o desenvolvimento econ\u00f4mico do munic\u00edpio. Impulsionando o setor empreendedor, promovendo crescimento sustent\u00e1vel e incentivando a inova\u00e7\u00e3o, essa iniciativa desempenha um papel crucial na constru\u00e7\u00e3o de um futuro pr\u00f3spero para todos os envolvidos. Com dedica\u00e7\u00e3o e coopera\u00e7\u00e3o cont\u00ednuas, espera-se que os frutos desse trabalho conjunto sejam colhidos por muitas gera\u00e7\u00f5es, impulsionando o progresso e a qualidade de vida de toda a comunidade sul-chapadense\u201d. Conclui, secret\u00e1rio Jos\u00e9 Teixeira J\u00fanior, SEDEMA.<\/p>\n<p style=\"font-weight: 400;\">Mais informa\u00e7\u00f5es sobre o Proemp, podem ser obtidas, na Secretaria de Desenvolvimento Econ\u00f4mico e Meio Ambiente \u2013 SEDEMA, pelos telefones (67) 3562-5672, ou ainda pelo WhatsApp: (67) 9-9618-3431.<\/p>\n<p><img loading=\"lazy\" decoding=\"async\" class=\"alignnone size-full wp-image-246381\" src=\"https:\/\/www.ocorreionews.com.br\/acervo-correio\/wp-content\/uploads\/2023\/07\/autoridades-e-bancarios-2.jpg\" alt=\"\" width=\"720\" height=\"480\" srcset=\"https:\/\/www.ocorreionews.com.br\/acervo-correio\/wp-content\/uploads\/2023\/07\/autoridades-e-bancarios-2.jpg 720w, https:\/\/www.ocorreionews.com.br\/acervo-correio\/wp-content\/uploads\/2023\/07\/autoridades-e-bancarios-2-300x200.jpg 300w\" sizes=\"auto, (max-width: 720px) 100vw, 720px\" \/><\/p>\n<p>&nbsp;<\/p>\n<p>*Assecom PMCS<\/p>\n","protected":false},"excerpt":{"rendered":"<p>Na busca por fomentar a economia local e estimular o crescimento dos empreendedores, o Poder Executivo de Chapad\u00e3o do Sul, atrav\u00e9s da Secretaria de Desenvolvimento Econ\u00f4mico e Meio Ambiente (SEDEMA), e Secretaria de Finan\u00e7as e Planejamento (SEFIP), promoveu uma reuni\u00e3o nesta ter\u00e7a-feira, 18 de julho de 2023, com representantes das institui\u00e7\u00f5es banc\u00e1rias e cooperativas financeiras [&hellip;]<\/p>\n","protected":false},"author":5,"featured_media":246382,"comment_status":"closed","ping_status":"closed","sticky":false,"template":"","format":"standard","meta":{"footnotes":""},"categories":[23,41],"tags":[],"class_list":["post-246380","post","type-post","status-publish","format-standard","has-post-thumbnail","hentry","category-chapadao-do-sul","category-destaque"],"_links":{"self":[{"href":"https:\/\/www.ocorreionews.com.br\/acervo-correio\/index.php?rest_route=\/wp\/v2\/posts\/246380","targetHints":{"allow":["GET"]}}],"collection":[{"href":"https:\/\/www.ocorreionews.com.br\/acervo-correio\/index.php?rest_route=\/wp\/v2\/posts"}],"about":[{"href":"https:\/\/www.ocorreionews.com.br\/acervo-correio\/index.php?rest_route=\/wp\/v2\/types\/post"}],"author":[{"embeddable":true,"href":"https:\/\/www.ocorreionews.com.br\/acervo-correio\/index.php?rest_route=\/wp\/v2\/users\/5"}],"replies":[{"embeddable":true,"href":"https:\/\/www.ocorreionews.com.br\/acervo-correio\/index.php?rest_route=%2Fwp%2Fv2%2Fcomments&post=246380"}],"version-history":[{"count":1,"href":"https:\/\/www.ocorreionews.com.br\/acervo-correio\/index.php?rest_route=\/wp\/v2\/posts\/246380\/revisions"}],"predecessor-version":[{"id":246383,"href":"https:\/\/www.ocorreionews.com.br\/acervo-correio\/index.php?rest_route=\/wp\/v2\/posts\/246380\/revisions\/246383"}],"wp:featuredmedia":[{"embeddable":true,"href":"https:\/\/www.ocorreionews.com.br\/acervo-correio\/index.php?rest_route=\/wp\/v2\/media\/246382"}],"wp:attachment":[{"href":"https:\/\/www.ocorreionews.com.br\/acervo-correio\/index.php?rest_route=%2Fwp%2Fv2%2Fmedia&parent=246380"}],"wp:term":[{"taxonomy":"category","embeddable":true,"href":"https:\/\/www.ocorreionews.com.br\/acervo-correio\/index.php?rest_route=%2Fwp%2Fv2%2Fcategories&post=246380"},{"taxonomy":"post_tag","embeddable":true,"href":"https:\/\/www.ocorreionews.com.br\/acervo-correio\/index.php?rest_route=%2Fwp%2Fv2%2Ftags&post=246380"}],"curies":[{"name":"wp","href":"https:\/\/api.w.org\/{rel}","templated":true}]}}