{"id":246389,"date":"2023-07-24T16:19:30","date_gmt":"2023-07-24T20:19:30","guid":{"rendered":"https:\/\/www.ocorreionews.com.br\/acervo-correio\/?p=246389"},"modified":"2023-07-24T16:19:30","modified_gmt":"2023-07-24T20:19:30","slug":"briga-que-terminou-com-familia-espancada-comecou-em-fila-de-bebida-de-festa-em-alcinopolis","status":"publish","type":"post","link":"https:\/\/www.ocorreionews.com.br\/acervo-correio\/?p=246389","title":{"rendered":"Briga que terminou com fam\u00edlia espancada come\u00e7ou em fila de bebida de festa em Alcin\u00f3polis"},"content":{"rendered":"<p>A briga que terminou com fam\u00edlia espancada em Alcin\u00f3polis, come\u00e7ou em fila de bebida de festa em sal\u00e3o paroquial. Dois adolescentes de 17 anos foram apreendidos e v\u00e3o responder por ato infracional an\u00e1logo \u00e0 tentativa de homic\u00eddio. A pol\u00edcia segue em busca dos outros envolvidos.<\/p>\n<p>Conforme a delegada Andressa Vieira, os envolvidos estavam numa festa quando houve desentendimento na fila da bebida entre o autor e outro rapaz. Depois da confus\u00e3o, um dos suspeitos juntou v\u00e1rios amigos e foi \u00e0 casa das v\u00edtimas, onde ocorreu o espancamento.<\/p>\n<p>Cinco homens ficaram feridos, dois deles foram transferidos para Campo Grande devido \u00e0 gravidade dos ferimentos. O nome das v\u00edtimas n\u00e3o foi informado, nem o estado de sa\u00fade delas. A pol\u00edcia representou pela interna\u00e7\u00e3o dos dois adolescentes envolvidos na briga e aguarda decis\u00e3o judicial.<\/p>\n<p><strong>Caso &#8211;<\/strong> Neste domingo (23), aproximadamente 15 pessoas invadiram uma resid\u00eancia e agrediram a fam\u00edlia que mora na casa. Conforme o boletim de ocorr\u00eancia, a Pol\u00edcia Militar foi acionada para atender a ocorr\u00eancia e ao chegar encontrou as v\u00edtimas feridas.<\/p>\n<p>Elas relataram que estavam na resid\u00eancia, quando o grupo arrombou a porta e invadiu a casa desferindo golpes com objetos pontiagudos. A brutalidade dos agressores resultou em ferimentos graves nas v\u00edtimas. Uma delas ficou desacordada e com sangramento na regi\u00e3o da cabe\u00e7a. Durante as buscas pelos agressores, a guarni\u00e7\u00e3o da pol\u00edcia encontrou uma faca a cerca de 50 metros do local do crime, com vest\u00edgios de sangue no asfalto.<\/p>\n<p>Al\u00e9m disso, tamb\u00e9m foram encontradas informa\u00e7\u00f5es sobre poss\u00edveis envolvidos, incluindo a identifica\u00e7\u00e3o de um dos adolescentes. Ao tentar abordar os suspeitos, a pol\u00edcia enfrentou resist\u00eancia por parte de alguns, que fugiram para terrenos de resid\u00eancias vizinhas. Ainda durante a abordagem, o adolescente reagiu de forma agressiva e amea\u00e7ou os policiais. Ele foi contido e detido.<\/p>\n<p>Em busca de outros poss\u00edveis envolvidos, policiais receberam informa\u00e7\u00f5es sobre a identidade de mais suspeitos. Ap\u00f3s serem reconhecidos pelas v\u00edtimas e com a colabora\u00e7\u00e3o de uma testemunha, os dois suspeitos foram apreendidos e encaminhados \u00e0 delegacia. O caso segue sob investiga\u00e7\u00e3o.<\/p>\n<p>&nbsp;<\/p>\n<p>&nbsp;<\/p>\n<p>Campo Grande News<\/p>\n","protected":false},"excerpt":{"rendered":"<p>A briga que terminou com fam\u00edlia espancada em Alcin\u00f3polis, come\u00e7ou em fila de bebida de festa em sal\u00e3o paroquial. Dois adolescentes de 17 anos foram apreendidos e v\u00e3o responder por ato infracional an\u00e1logo \u00e0 tentativa de homic\u00eddio. A pol\u00edcia segue em busca dos outros envolvidos. Conforme a delegada Andressa Vieira, os envolvidos estavam numa festa [&hellip;]<\/p>\n","protected":false},"author":5,"featured_media":234307,"comment_status":"closed","ping_status":"closed","sticky":false,"template":"","format":"standard","meta":{"footnotes":""},"categories":[18,38],"tags":[],"class_list":["post-246389","post","type-post","status-publish","format-standard","has-post-thumbnail","hentry","category-alcinopolis","category-policia"],"_links":{"self":[{"href":"https:\/\/www.ocorreionews.com.br\/acervo-correio\/index.php?rest_route=\/wp\/v2\/posts\/246389","targetHints":{"allow":["GET"]}}],"collection":[{"href":"https:\/\/www.ocorreionews.com.br\/acervo-correio\/index.php?rest_route=\/wp\/v2\/posts"}],"about":[{"href":"https:\/\/www.ocorreionews.com.br\/acervo-correio\/index.php?rest_route=\/wp\/v2\/types\/post"}],"author":[{"embeddable":true,"href":"https:\/\/www.ocorreionews.com.br\/acervo-correio\/index.php?rest_route=\/wp\/v2\/users\/5"}],"replies":[{"embeddable":true,"href":"https:\/\/www.ocorreionews.com.br\/acervo-correio\/index.php?rest_route=%2Fwp%2Fv2%2Fcomments&post=246389"}],"version-history":[{"count":1,"href":"https:\/\/www.ocorreionews.com.br\/acervo-correio\/index.php?rest_route=\/wp\/v2\/posts\/246389\/revisions"}],"predecessor-version":[{"id":246390,"href":"https:\/\/www.ocorreionews.com.br\/acervo-correio\/index.php?rest_route=\/wp\/v2\/posts\/246389\/revisions\/246390"}],"wp:featuredmedia":[{"embeddable":true,"href":"https:\/\/www.ocorreionews.com.br\/acervo-correio\/index.php?rest_route=\/wp\/v2\/media\/234307"}],"wp:attachment":[{"href":"https:\/\/www.ocorreionews.com.br\/acervo-correio\/index.php?rest_route=%2Fwp%2Fv2%2Fmedia&parent=246389"}],"wp:term":[{"taxonomy":"category","embeddable":true,"href":"https:\/\/www.ocorreionews.com.br\/acervo-correio\/index.php?rest_route=%2Fwp%2Fv2%2Fcategories&post=246389"},{"taxonomy":"post_tag","embeddable":true,"href":"https:\/\/www.ocorreionews.com.br\/acervo-correio\/index.php?rest_route=%2Fwp%2Fv2%2Ftags&post=246389"}],"curies":[{"name":"wp","href":"https:\/\/api.w.org\/{rel}","templated":true}]}}