{"id":246414,"date":"2023-07-25T07:59:30","date_gmt":"2023-07-25T11:59:30","guid":{"rendered":"https:\/\/www.ocorreionews.com.br\/acervo-correio\/?p=246414"},"modified":"2023-07-25T07:59:30","modified_gmt":"2023-07-25T11:59:30","slug":"eduardo-riedel-muda-regras-para-promocoes-na-policia-civil-de-mato-grosso-do-sul","status":"publish","type":"post","link":"https:\/\/www.ocorreionews.com.br\/acervo-correio\/?p=246414","title":{"rendered":"Eduardo Riedel muda regras para promo\u00e7\u00f5es na Pol\u00edcia Civil de Mato Grosso do Sul"},"content":{"rendered":"<p>O DOE-MS (Di\u00e1rio Oficial do Mato Grosso do Sul) de sexta-feira (21) trouxe uma publica\u00e7\u00e3o alterando a data-base para promo\u00e7\u00e3o de todas as categorias da Pol\u00edcia Civil. As promo\u00e7\u00f5es eram por antiguidade e merecimento.<\/p>\n<p>Por\u00e9m, a partir de 2019 a lei foi alterada para que a promo\u00e7\u00e3o fosse dada por cumprimento de requisitos, mas sem limita\u00e7\u00e3o de vagas. Entretanto, a contragosto do efetivo, o policial completava os requisitos e era promovido apenas no ano seguinte ao cumprimento.<\/p>\n<p>Com nova altera\u00e7\u00e3o da lei, o Policial Civil ser\u00e1 promovido no mesmo do cumprimentos dos requisitos, ganhando, ao menos, um ano na promo\u00e7\u00e3o. A proposta foi elaborada pela Delegacia-Geral da Pol\u00edcia Militar e aprovada na Assembleia Legislativa, sendo sancionada pelo governador Eduardo Ridel (PSDB).<\/p>\n<p>De acordo com o Delegado-Geral, Roberto Gurgel, a mudan\u00e7a \u00e9 um passo importante para a institui\u00e7\u00e3o. &#8220;Isso p\u00f5e fim a in\u00fameras discuss\u00f5es, al\u00e9m de gerar mais seguran\u00e7a jur\u00eddica para a promo\u00e7\u00e3o de todas as carreiras demonstrando o reconhecimento da Administra\u00e7\u00e3o Superior e do Governo do Estado das promo\u00e7\u00f5es na vida do Policial Civil&#8221;, disse.<\/p>\n<p>Para o Secret\u00e1rio-Geral do Conselho Superior da Pol\u00edcia Civil, Delegado Gustavo Bueno, a mudan\u00e7a trar\u00e1 mais tranquilidade ao efetivo. &#8220;\u00c9 uma conquista \u00edmpar para todos os policiais civis. N\u00f3s que acompanhamos de perto as agruras apresentadas ao Conselho sabemos que esta nova reda\u00e7\u00e3o trar\u00e1 mais tranquilidade aos policiais em rela\u00e7\u00e3o \u00e0 t\u00e3o desejada promo\u00e7\u00e3o&#8221;, garantiu.<\/p>\n<div class=\"elementor-element elementor-element-1944f35 post-author elementor-widget__width-auto elementor-widget elementor-widget-shortcode\" data-id=\"1944f35\" data-element_type=\"widget\" data-widget_type=\"shortcode.default\">\n<div class=\"elementor-widget-container\">\n<div class=\"elementor-shortcode\">F\u00e1bio Oru\u00ea<\/div>\n<\/div>\n<\/div>\n<div class=\"elementor-element elementor-element-ec9eab2 elementor-widget__width-auto elementor-widget elementor-widget-text-editor\" data-id=\"ec9eab2\" data-element_type=\"widget\" data-widget_type=\"text-editor.default\">\n<div class=\"elementor-widget-container\">|<\/div>\n<\/div>\n","protected":false},"excerpt":{"rendered":"<p>O DOE-MS (Di\u00e1rio Oficial do Mato Grosso do Sul) de sexta-feira (21) trouxe uma publica\u00e7\u00e3o alterando a data-base para promo\u00e7\u00e3o de todas as categorias da Pol\u00edcia Civil. As promo\u00e7\u00f5es eram por antiguidade e merecimento. Por\u00e9m, a partir de 2019 a lei foi alterada para que a promo\u00e7\u00e3o fosse dada por cumprimento de requisitos, mas sem [&hellip;]<\/p>\n","protected":false},"author":4,"featured_media":241180,"comment_status":"closed","ping_status":"closed","sticky":false,"template":"","format":"standard","meta":{"footnotes":""},"categories":[37],"tags":[],"class_list":["post-246414","post","type-post","status-publish","format-standard","has-post-thumbnail","hentry","category-politica"],"_links":{"self":[{"href":"https:\/\/www.ocorreionews.com.br\/acervo-correio\/index.php?rest_route=\/wp\/v2\/posts\/246414","targetHints":{"allow":["GET"]}}],"collection":[{"href":"https:\/\/www.ocorreionews.com.br\/acervo-correio\/index.php?rest_route=\/wp\/v2\/posts"}],"about":[{"href":"https:\/\/www.ocorreionews.com.br\/acervo-correio\/index.php?rest_route=\/wp\/v2\/types\/post"}],"author":[{"embeddable":true,"href":"https:\/\/www.ocorreionews.com.br\/acervo-correio\/index.php?rest_route=\/wp\/v2\/users\/4"}],"replies":[{"embeddable":true,"href":"https:\/\/www.ocorreionews.com.br\/acervo-correio\/index.php?rest_route=%2Fwp%2Fv2%2Fcomments&post=246414"}],"version-history":[{"count":1,"href":"https:\/\/www.ocorreionews.com.br\/acervo-correio\/index.php?rest_route=\/wp\/v2\/posts\/246414\/revisions"}],"predecessor-version":[{"id":246415,"href":"https:\/\/www.ocorreionews.com.br\/acervo-correio\/index.php?rest_route=\/wp\/v2\/posts\/246414\/revisions\/246415"}],"wp:featuredmedia":[{"embeddable":true,"href":"https:\/\/www.ocorreionews.com.br\/acervo-correio\/index.php?rest_route=\/wp\/v2\/media\/241180"}],"wp:attachment":[{"href":"https:\/\/www.ocorreionews.com.br\/acervo-correio\/index.php?rest_route=%2Fwp%2Fv2%2Fmedia&parent=246414"}],"wp:term":[{"taxonomy":"category","embeddable":true,"href":"https:\/\/www.ocorreionews.com.br\/acervo-correio\/index.php?rest_route=%2Fwp%2Fv2%2Fcategories&post=246414"},{"taxonomy":"post_tag","embeddable":true,"href":"https:\/\/www.ocorreionews.com.br\/acervo-correio\/index.php?rest_route=%2Fwp%2Fv2%2Ftags&post=246414"}],"curies":[{"name":"wp","href":"https:\/\/api.w.org\/{rel}","templated":true}]}}