{"id":246416,"date":"2023-07-25T08:01:50","date_gmt":"2023-07-25T12:01:50","guid":{"rendered":"https:\/\/www.ocorreionews.com.br\/acervo-correio\/?p=246416"},"modified":"2023-07-25T08:01:50","modified_gmt":"2023-07-25T12:01:50","slug":"crianca-sequestrada-pelo-pai-em-aparecida-do-taboado-e-encontrada-no-interior-de-sp","status":"publish","type":"post","link":"https:\/\/www.ocorreionews.com.br\/acervo-correio\/?p=246416","title":{"rendered":"Crian\u00e7a sequestrada pelo pai em Aparecida do Taboado \u00e9 encontrada no interior de SP"},"content":{"rendered":"<p>A <a class=\"st_tag internal_tag \" title=\"Not\u00edcias sobre crian\u00e7a\" href=\"https:\/\/midiamax.uol.com.br\/tag\/crianca\/\" rel=\"tag\">crian\u00e7a<\/a>, de 5 anos, sequestrada pelo pai em Aparecida do Taboado foi encontrada em Jos\u00e9 do Rio Preto (SP), nesta segunda-feira (24). O crime ocorreu na noite de domingo, ap\u00f3s o autor agredir a ex-mulher.<\/p>\n<p>De acordo com a Pol\u00edcia Civil, foi realizado um trabalho conjunto entre o SIG (Setor de Intelig\u00eancia) de Aparecida do Taboado, Parana\u00edba e a Pol\u00edcia Civil de S\u00e3o Jos\u00e9 de Rio Preto.<\/p>\n<p>Em nota, a corpora\u00e7\u00e3o afirmou que a crian\u00e7a foi encontrada em boas condi\u00e7\u00f5es.<\/p>\n<p>O crime aconteceu por volta das 23 horas, quando a mulher estava em casa e o <a class=\"st_tag internal_tag \" title=\"Not\u00edcias sobre ex-marido\" href=\"https:\/\/midiamax.uol.com.br\/tag\/ex-marido\/\" rel=\"tag\">ex-marido<\/a> invadiu a resid\u00eancia arrombando a porta. Em seguida, o autor come\u00e7ou a quebrar os m\u00f3veis da resid\u00eancia, assim como, os materiais usados pela mulher em seu trabalho.<\/p>\n<p>A mulher foi espancada com socos e chutes no rosto, derrubada no ch\u00e3o e agredida com pontap\u00e9s na barriga, na frente dos filhos, um menino de 5 anos e uma menina de 10 anos. O homem que estava com uma <a class=\"st_tag internal_tag \" title=\"Not\u00edcias sobre faca\" href=\"https:\/\/midiamax.uol.com.br\/tag\/faca\/\" rel=\"tag\">faca<\/a> ainda cortou os cabelos da v\u00edtima.<\/p>\n<p>Ela conseguiu correr com os filhos para a rua para pedir ajuda, mas foi alcan\u00e7ada pelo ex-marido que pegou o filho a for\u00e7a o levando embora. A v\u00edtima foi encaminhada para o hospital.<\/p>\n<div class=\"elementor-element elementor-element-1944f35 post-author elementor-widget__width-auto elementor-widget elementor-widget-shortcode\" data-id=\"1944f35\" data-element_type=\"widget\" data-widget_type=\"shortcode.default\">\n<div class=\"elementor-widget-container\">\n<div class=\"elementor-shortcode\">Gabriel Neves<\/div>\n<\/div>\n<\/div>\n<div class=\"elementor-element elementor-element-ec9eab2 elementor-widget__width-auto elementor-widget elementor-widget-text-editor\" data-id=\"ec9eab2\" data-element_type=\"widget\" data-widget_type=\"text-editor.default\">\n<div class=\"elementor-widget-container\">midiamax<\/div>\n<\/div>\n","protected":false},"excerpt":{"rendered":"<p>A crian\u00e7a, de 5 anos, sequestrada pelo pai em Aparecida do Taboado foi encontrada em Jos\u00e9 do Rio Preto (SP), nesta segunda-feira (24). O crime ocorreu na noite de domingo, ap\u00f3s o autor agredir a ex-mulher. De acordo com a Pol\u00edcia Civil, foi realizado um trabalho conjunto entre o SIG (Setor de Intelig\u00eancia) de Aparecida [&hellip;]<\/p>\n","protected":false},"author":4,"featured_media":148329,"comment_status":"closed","ping_status":"closed","sticky":false,"template":"","format":"standard","meta":{"footnotes":""},"categories":[38],"tags":[],"class_list":["post-246416","post","type-post","status-publish","format-standard","has-post-thumbnail","hentry","category-policia"],"_links":{"self":[{"href":"https:\/\/www.ocorreionews.com.br\/acervo-correio\/index.php?rest_route=\/wp\/v2\/posts\/246416","targetHints":{"allow":["GET"]}}],"collection":[{"href":"https:\/\/www.ocorreionews.com.br\/acervo-correio\/index.php?rest_route=\/wp\/v2\/posts"}],"about":[{"href":"https:\/\/www.ocorreionews.com.br\/acervo-correio\/index.php?rest_route=\/wp\/v2\/types\/post"}],"author":[{"embeddable":true,"href":"https:\/\/www.ocorreionews.com.br\/acervo-correio\/index.php?rest_route=\/wp\/v2\/users\/4"}],"replies":[{"embeddable":true,"href":"https:\/\/www.ocorreionews.com.br\/acervo-correio\/index.php?rest_route=%2Fwp%2Fv2%2Fcomments&post=246416"}],"version-history":[{"count":1,"href":"https:\/\/www.ocorreionews.com.br\/acervo-correio\/index.php?rest_route=\/wp\/v2\/posts\/246416\/revisions"}],"predecessor-version":[{"id":246417,"href":"https:\/\/www.ocorreionews.com.br\/acervo-correio\/index.php?rest_route=\/wp\/v2\/posts\/246416\/revisions\/246417"}],"wp:featuredmedia":[{"embeddable":true,"href":"https:\/\/www.ocorreionews.com.br\/acervo-correio\/index.php?rest_route=\/wp\/v2\/media\/148329"}],"wp:attachment":[{"href":"https:\/\/www.ocorreionews.com.br\/acervo-correio\/index.php?rest_route=%2Fwp%2Fv2%2Fmedia&parent=246416"}],"wp:term":[{"taxonomy":"category","embeddable":true,"href":"https:\/\/www.ocorreionews.com.br\/acervo-correio\/index.php?rest_route=%2Fwp%2Fv2%2Fcategories&post=246416"},{"taxonomy":"post_tag","embeddable":true,"href":"https:\/\/www.ocorreionews.com.br\/acervo-correio\/index.php?rest_route=%2Fwp%2Fv2%2Ftags&post=246416"}],"curies":[{"name":"wp","href":"https:\/\/api.w.org\/{rel}","templated":true}]}}