{"id":246420,"date":"2023-07-25T08:29:51","date_gmt":"2023-07-25T12:29:51","guid":{"rendered":"https:\/\/www.ocorreionews.com.br\/acervo-correio\/?p=246420"},"modified":"2023-07-25T08:31:38","modified_gmt":"2023-07-25T12:31:38","slug":"dona-de-boca-que-comprou-crianca-com-pedra-de-crack-na-fronteira-com-ms-e-raptada-por-encapuzados","status":"publish","type":"post","link":"https:\/\/www.ocorreionews.com.br\/acervo-correio\/?p=246420","title":{"rendered":"Dona de boca que comprou crian\u00e7a com pedra de crack na fronteira com MS \u00e9 raptada por encapuzados"},"content":{"rendered":"<p>Agentes da Pol\u00edcia Nacional do Paraguai investigam o rapto de uma mulher no Paraguai identificada como Fany Carolina Ch\u00e1vez, de 36 anos. Ela foi retirada de uma casa no bairro Santa Ana, em Pedro Juan Caballero, na fronteira com Ponta Por\u00e3.<\/p>\n<p>Uma testemunha disse \u00e0 Pol\u00edcia Nacional que \u00e0s 19h30 desta segunda-feira estava na companhia de Fany quando se aproximou um ve\u00edculo um Toyota Hilux se aproximou. Ela tentou esconder dentro da casa, mas tr\u00eas encapuzados a levaram.<\/p>\n<p>Ela teria sido arrastada pelo cabelo por um deles e colocada dentro do ve\u00edculo que tomou rumo ignorado. Ainda segundo a testemunha, os tr\u00eas homens conversavam em portugu\u00eas, dando a entender que podem ser brasileiros.<\/p>\n<p>A mulher raptada, segundo informa\u00e7\u00f5es da Pol\u00edcia Nacional <a href=\"https:\/\/www.ocorreionews.com.br\/acervo-correio\/corpo-de-menina-trocada-pela-mae-por-droga-e-velado-na-fronteira\/\">\u00e9 uma da envolvidas no caso da menina que foi vendida por 30 pedras de cracks pela pr\u00f3pria m\u00e3e.<\/a><\/p>\n<p>Ela era dona de uma boca de fumo e teria ficado com a menina. Em seguida a entregou para estupradores. Dias depois a garota foi encontrada morta, com sinais de viol\u00eancia. O caso chocou a fronteira.<\/p>\n<p>&nbsp;<\/p>\n<p>&nbsp;<\/p>\n<p>*Midiamax &#8211; Marcos Morandi<\/p>\n<div class=\"elementor-element elementor-element-ec9eab2 elementor-widget__width-auto elementor-widget elementor-widget-text-editor\" data-id=\"ec9eab2\" data-element_type=\"widget\" data-widget_type=\"text-editor.default\">\n<div class=\"elementor-widget-container\"><\/div>\n<\/div>\n","protected":false},"excerpt":{"rendered":"<p>Agentes da Pol\u00edcia Nacional do Paraguai investigam o rapto de uma mulher no Paraguai identificada como Fany Carolina Ch\u00e1vez, de 36 anos. Ela foi retirada de uma casa no bairro Santa Ana, em Pedro Juan Caballero, na fronteira com Ponta Por\u00e3. Uma testemunha disse \u00e0 Pol\u00edcia Nacional que \u00e0s 19h30 desta segunda-feira estava na companhia [&hellip;]<\/p>\n","protected":false},"author":5,"featured_media":246422,"comment_status":"closed","ping_status":"closed","sticky":false,"template":"","format":"standard","meta":{"footnotes":""},"categories":[38],"tags":[],"class_list":["post-246420","post","type-post","status-publish","format-standard","has-post-thumbnail","hentry","category-policia"],"_links":{"self":[{"href":"https:\/\/www.ocorreionews.com.br\/acervo-correio\/index.php?rest_route=\/wp\/v2\/posts\/246420","targetHints":{"allow":["GET"]}}],"collection":[{"href":"https:\/\/www.ocorreionews.com.br\/acervo-correio\/index.php?rest_route=\/wp\/v2\/posts"}],"about":[{"href":"https:\/\/www.ocorreionews.com.br\/acervo-correio\/index.php?rest_route=\/wp\/v2\/types\/post"}],"author":[{"embeddable":true,"href":"https:\/\/www.ocorreionews.com.br\/acervo-correio\/index.php?rest_route=\/wp\/v2\/users\/5"}],"replies":[{"embeddable":true,"href":"https:\/\/www.ocorreionews.com.br\/acervo-correio\/index.php?rest_route=%2Fwp%2Fv2%2Fcomments&post=246420"}],"version-history":[{"count":3,"href":"https:\/\/www.ocorreionews.com.br\/acervo-correio\/index.php?rest_route=\/wp\/v2\/posts\/246420\/revisions"}],"predecessor-version":[{"id":246425,"href":"https:\/\/www.ocorreionews.com.br\/acervo-correio\/index.php?rest_route=\/wp\/v2\/posts\/246420\/revisions\/246425"}],"wp:featuredmedia":[{"embeddable":true,"href":"https:\/\/www.ocorreionews.com.br\/acervo-correio\/index.php?rest_route=\/wp\/v2\/media\/246422"}],"wp:attachment":[{"href":"https:\/\/www.ocorreionews.com.br\/acervo-correio\/index.php?rest_route=%2Fwp%2Fv2%2Fmedia&parent=246420"}],"wp:term":[{"taxonomy":"category","embeddable":true,"href":"https:\/\/www.ocorreionews.com.br\/acervo-correio\/index.php?rest_route=%2Fwp%2Fv2%2Fcategories&post=246420"},{"taxonomy":"post_tag","embeddable":true,"href":"https:\/\/www.ocorreionews.com.br\/acervo-correio\/index.php?rest_route=%2Fwp%2Fv2%2Ftags&post=246420"}],"curies":[{"name":"wp","href":"https:\/\/api.w.org\/{rel}","templated":true}]}}