{"id":246430,"date":"2023-07-25T08:46:09","date_gmt":"2023-07-25T12:46:09","guid":{"rendered":"https:\/\/www.ocorreionews.com.br\/acervo-correio\/?p=246430"},"modified":"2023-07-25T08:46:09","modified_gmt":"2023-07-25T12:46:09","slug":"chapadao-do-sul-recebe-investimento-de-seguranca-hidricas-da-sanesul","status":"publish","type":"post","link":"https:\/\/www.ocorreionews.com.br\/acervo-correio\/?p=246430","title":{"rendered":"Chapad\u00e3o do Sul recebe investimento de seguran\u00e7a h\u00eddricas da SANESUL."},"content":{"rendered":"<p>O Governo de Mato Grosso do Sul est\u00e1 intensificando seus investimentos para garantir a seguran\u00e7a h\u00eddrica em v\u00e1rias unidades consumidoras atendidas pela Sanesul (Empresa de Saneamento de Mato Grosso do Sul), mesmo contando com o sistema de abastecimento de \u00e1gua universalizado em sua \u00e1rea de concess\u00e3o.<\/p>\n<p>A empresa licitou obras de perfura\u00e7\u00e3o de po\u00e7os tubulares profundos, cujo investimento total ser\u00e1 de R$ 7.084.858,00, com objetivo de aumentar a produ\u00e7\u00e3o de \u00e1gua pot\u00e1vel para resid\u00eancias em sete munic\u00edpios operados pela empresa.<\/p>\n<p>Os munic\u00edpios contemplados com esses investimentos s\u00e3o Amambai, Caarap\u00f3, Caracol, Chapad\u00e3o do Sul, Itapor\u00e3, Navira\u00ed e Nioaque.<\/p>\n<p>A estrat\u00e9gia do governador Eduardo Riedel dentro de seu compromisso municipalista \u00e9 que a popula\u00e7\u00e3o desses munic\u00edpios seja atendida com \u00e1gua tratada de boa qualidade, buscando o bem-estar das fam\u00edlias.<\/p>\n<p>Apesar da universaliza\u00e7\u00e3o do setor, o diretor-presidente da Sanesul, Renato Marc\u00edlio, destaca a import\u00e2ncia das a\u00e7\u00f5es preventivas para combater a escassez do produto, especialmente durante per\u00edodos de estiagem.<\/p>\n<p>Segundo ele, essa determina\u00e7\u00e3o do governador reflete o compromisso do governo estadual com o acesso universal aos servi\u00e7os essenciais, visando n\u00e3o apenas suprir uma necessidade b\u00e1sica, mas tamb\u00e9m promover a melhoria das condi\u00e7\u00f5es de vida e o bem-estar das fam\u00edlias que residem nessas localidades.<\/p>\n<p>Na pr\u00e1tica, a empresa continua intensificando a perfura\u00e7\u00e3o de novos po\u00e7os e a constru\u00e7\u00e3o de reservat\u00f3rios para aumentar a reserva\u00e7\u00e3o e garantir a seguran\u00e7a h\u00eddrica nos munic\u00edpios sob sua responsabilidade.<\/p>\n<p>\u201cA Sanesul est\u00e1 comprometida em assegurar que toda a popula\u00e7\u00e3o dos munic\u00edpios atendidos receba \u00e1gua tratada, preservando a sa\u00fade e o bem-estar das fam\u00edlias\u201d, afirma.<\/p>\n<p>Para o dirigente, esse compromisso reflete a import\u00e2ncia que a Sanesul atribui \u00e0 responsabilidade social e ambiental, al\u00e9m do desenvolvimento sustent\u00e1vel de v\u00e1rias regi\u00f5es.<\/p>\n<p>Segundo Renato Marc\u00edlio, com essas medidas proativas e investimentos significativos, a companhia busca fortalecer a seguran\u00e7a h\u00eddrica nas cidades atendidas, preparando-se para enfrentar desafios futuros e oferecendo um servi\u00e7o de excel\u00eancia aos seus usu\u00e1rios.<\/p>\n<p>\u201cA empresa continua firme em sua miss\u00e3o de contribuir para a melhoria da qualidade de vida da popula\u00e7\u00e3o e para a preserva\u00e7\u00e3o dos recursos h\u00eddricos, t\u00e3o essenciais para o desenvolvimento econ\u00f4mico e social do Estado\u201d, refor\u00e7a o dirigente, que tem discutido estrat\u00e9gias de investimentos e outras a\u00e7\u00f5es importantes com o governador Eduardo Riedel, prefeitos e parlamentares representantes das cidades parceiras.<\/p>\n<p><strong>PERFURA\u00c7\u00c3O DE PO\u00c7OS<\/strong><\/p>\n<p>Entre os investimentos previstos, a Sanesul ir\u00e1 perfurar um po\u00e7o tubular profundo em Amambai com previs\u00e3o de profundidade de 200 metros e vaz\u00e3o de 100 metros c\u00fabicos por hora, no valor total de R$ 1.055.000,00.<\/p>\n<p>Em Caarap\u00f3, ser\u00e3o investidos R$ 2.902.000,00 na obra de perfura\u00e7\u00e3o de um po\u00e7o com previs\u00e3o de profundidade de 550 metros e vaz\u00e3o de 200 metros c\u00fabicos por hora.<\/p>\n<p>A obra em Caracol custar\u00e1 R$ 379.758,00, sendo a perfura\u00e7\u00e3o de um po\u00e7o com previs\u00e3o de profundidade de 200 metros e vaz\u00e3o de 15 metros c\u00fabicos por hora.<\/p>\n<p>O investimento em Chapad\u00e3o do Sul ser\u00e1 de R$ 758.600,00 para perfura\u00e7\u00e3o de um po\u00e7o com previs\u00e3o de profundidade de 160 metros e vaz\u00e3o de 100 metros c\u00fabicos por hora.<\/p>\n<p>Em Itapor\u00e3, onde o investimento ser\u00e1 de R$ 841.500,00, o po\u00e7o tem previs\u00e3o de profundidade de 200 metros e vaz\u00e3o de 100 metros c\u00fabicos por hora.<\/p>\n<p>J\u00e1 em Navira\u00ed, a Sanesul investir\u00e1 R$ 739 mil na perfura\u00e7\u00e3o de um po\u00e7o com previs\u00e3o de profundidade de 130 metros e vaz\u00e3o de 50 metros c\u00fabicos por hora, enquanto que em Nioaque a obra do po\u00e7o de 150 metros e vaz\u00e3o de 20 metros c\u00fabicos por hora, custar\u00e1 R$ 409 mil.<\/p>\n<p>Sanesul<\/p>\n","protected":false},"excerpt":{"rendered":"<p>O Governo de Mato Grosso do Sul est\u00e1 intensificando seus investimentos para garantir a seguran\u00e7a h\u00eddrica em v\u00e1rias unidades consumidoras atendidas pela Sanesul (Empresa de Saneamento de Mato Grosso do Sul), mesmo contando com o sistema de abastecimento de \u00e1gua universalizado em sua \u00e1rea de concess\u00e3o. A empresa licitou obras de perfura\u00e7\u00e3o de po\u00e7os tubulares [&hellip;]<\/p>\n","protected":false},"author":4,"featured_media":246431,"comment_status":"closed","ping_status":"closed","sticky":false,"template":"","format":"standard","meta":{"footnotes":""},"categories":[23],"tags":[],"class_list":["post-246430","post","type-post","status-publish","format-standard","has-post-thumbnail","hentry","category-chapadao-do-sul"],"_links":{"self":[{"href":"https:\/\/www.ocorreionews.com.br\/acervo-correio\/index.php?rest_route=\/wp\/v2\/posts\/246430","targetHints":{"allow":["GET"]}}],"collection":[{"href":"https:\/\/www.ocorreionews.com.br\/acervo-correio\/index.php?rest_route=\/wp\/v2\/posts"}],"about":[{"href":"https:\/\/www.ocorreionews.com.br\/acervo-correio\/index.php?rest_route=\/wp\/v2\/types\/post"}],"author":[{"embeddable":true,"href":"https:\/\/www.ocorreionews.com.br\/acervo-correio\/index.php?rest_route=\/wp\/v2\/users\/4"}],"replies":[{"embeddable":true,"href":"https:\/\/www.ocorreionews.com.br\/acervo-correio\/index.php?rest_route=%2Fwp%2Fv2%2Fcomments&post=246430"}],"version-history":[{"count":1,"href":"https:\/\/www.ocorreionews.com.br\/acervo-correio\/index.php?rest_route=\/wp\/v2\/posts\/246430\/revisions"}],"predecessor-version":[{"id":246432,"href":"https:\/\/www.ocorreionews.com.br\/acervo-correio\/index.php?rest_route=\/wp\/v2\/posts\/246430\/revisions\/246432"}],"wp:featuredmedia":[{"embeddable":true,"href":"https:\/\/www.ocorreionews.com.br\/acervo-correio\/index.php?rest_route=\/wp\/v2\/media\/246431"}],"wp:attachment":[{"href":"https:\/\/www.ocorreionews.com.br\/acervo-correio\/index.php?rest_route=%2Fwp%2Fv2%2Fmedia&parent=246430"}],"wp:term":[{"taxonomy":"category","embeddable":true,"href":"https:\/\/www.ocorreionews.com.br\/acervo-correio\/index.php?rest_route=%2Fwp%2Fv2%2Fcategories&post=246430"},{"taxonomy":"post_tag","embeddable":true,"href":"https:\/\/www.ocorreionews.com.br\/acervo-correio\/index.php?rest_route=%2Fwp%2Fv2%2Ftags&post=246430"}],"curies":[{"name":"wp","href":"https:\/\/api.w.org\/{rel}","templated":true}]}}