{"id":246523,"date":"2023-07-25T10:10:03","date_gmt":"2023-07-25T14:10:03","guid":{"rendered":"https:\/\/www.ocorreionews.com.br\/acervo-correio\/?p=246523"},"modified":"2023-07-25T10:12:04","modified_gmt":"2023-07-25T14:12:04","slug":"pedras-branca-48-anos-municipio-vai-realizar-uma-festa-da-colonizacao-da-comunidade","status":"publish","type":"post","link":"https:\/\/www.ocorreionews.com.br\/acervo-correio\/?p=246523","title":{"rendered":"Pedra Branca 48 anos: Munic\u00edpio vai realizar uma festa da coloniza\u00e7\u00e3o da comunidade"},"content":{"rendered":"<p>A secretaria de Educa\u00e7\u00e3o de Chapad\u00e3o do Sul come\u00e7ou a articular os preparativos para a festa de 48 anos de coloniza\u00e7\u00e3o da comunidade da Pedra Branca, programada para o dia 2 de setembro.<\/p>\n<p>Os abnegados colonos come\u00e7aram a chegar em 1975. Se fixaram com forte trabalho na agricultura e chegaram a ser modelos de produ\u00e7\u00e3o na d\u00e9cada de 70, num local ainda carente de infraestrutura.\u00a0 S\u00e3o v\u00e1rias fam\u00edlias que tiveram destaque e superaram muitas dificuldades. S\u00e3o leg\u00edtimos representantes que impulsionaram o agroneg\u00f3cio numa Chapad\u00e3o do Sul que come\u00e7a a dar os primeiros passos de desenvolvimento.<\/p>\n<p>No inicio foram anos de dificuldade, com uma regi\u00e3o de dif\u00edcil acesso, falta de \u00e1gua, inseguran\u00e7a se teriam ou n\u00e3o o documento da posse das terras, enfrentando mudan\u00e7as clim\u00e1ticas assustadoras, mas, mesmo assim n\u00e3o desanimaram. Os alem\u00e3es e polacos como eram chamados na \u00e9poca, ficaram suas ra\u00edzes na Pedra Branca e hoje colhem frutos de uma luta \u00e1rdua.<\/p>\n<p>No \u00faltimo final de semana o titular da Educa\u00e7\u00e3o, Guerino P\u00e9rius, teve a primeira reuni\u00e3o na casa do sr. Hildo Fengler e com as presen\u00e7as de outros moradores.<\/p>\n<p>Nas fotos abaixo retirada do face \u201cmem\u00f3rias de Chapad\u00e3o\u201d do jornalista Adejair Morais, o antes e o depois da Pedra Branca<\/p>\n<p><img loading=\"lazy\" decoding=\"async\" class=\"alignnone size-full wp-image-246525\" src=\"https:\/\/www.ocorreionews.com.br\/acervo-correio\/wp-content\/uploads\/2023\/07\/13340173_1041232435971031_255342435018471992_o.jpg\" alt=\"\" width=\"1150\" height=\"470\" srcset=\"https:\/\/www.ocorreionews.com.br\/acervo-correio\/wp-content\/uploads\/2023\/07\/13340173_1041232435971031_255342435018471992_o.jpg 1150w, https:\/\/www.ocorreionews.com.br\/acervo-correio\/wp-content\/uploads\/2023\/07\/13340173_1041232435971031_255342435018471992_o-300x123.jpg 300w, https:\/\/www.ocorreionews.com.br\/acervo-correio\/wp-content\/uploads\/2023\/07\/13340173_1041232435971031_255342435018471992_o-1024x419.jpg 1024w, https:\/\/www.ocorreionews.com.br\/acervo-correio\/wp-content\/uploads\/2023\/07\/13340173_1041232435971031_255342435018471992_o-768x314.jpg 768w\" sizes=\"auto, (max-width: 1150px) 100vw, 1150px\" \/> <img loading=\"lazy\" decoding=\"async\" class=\"alignnone size-full wp-image-246526\" src=\"https:\/\/www.ocorreionews.com.br\/acervo-correio\/wp-content\/uploads\/2023\/07\/13340194_1041231182637823_6581789639607068225_o.jpg\" alt=\"\" width=\"2048\" height=\"1536\" srcset=\"https:\/\/www.ocorreionews.com.br\/acervo-correio\/wp-content\/uploads\/2023\/07\/13340194_1041231182637823_6581789639607068225_o.jpg 2048w, https:\/\/www.ocorreionews.com.br\/acervo-correio\/wp-content\/uploads\/2023\/07\/13340194_1041231182637823_6581789639607068225_o-300x225.jpg 300w, https:\/\/www.ocorreionews.com.br\/acervo-correio\/wp-content\/uploads\/2023\/07\/13340194_1041231182637823_6581789639607068225_o-1024x768.jpg 1024w, https:\/\/www.ocorreionews.com.br\/acervo-correio\/wp-content\/uploads\/2023\/07\/13340194_1041231182637823_6581789639607068225_o-768x576.jpg 768w, https:\/\/www.ocorreionews.com.br\/acervo-correio\/wp-content\/uploads\/2023\/07\/13340194_1041231182637823_6581789639607068225_o-1536x1152.jpg 1536w, https:\/\/www.ocorreionews.com.br\/acervo-correio\/wp-content\/uploads\/2023\/07\/13340194_1041231182637823_6581789639607068225_o-86x64.jpg 86w\" sizes=\"auto, (max-width: 2048px) 100vw, 2048px\" \/> <img loading=\"lazy\" decoding=\"async\" class=\"alignnone size-full wp-image-246527\" src=\"https:\/\/www.ocorreionews.com.br\/acervo-correio\/wp-content\/uploads\/2023\/07\/13350259_1041232949304313_7512921079626551137_o.jpg\" alt=\"\" width=\"2048\" height=\"1341\" srcset=\"https:\/\/www.ocorreionews.com.br\/acervo-correio\/wp-content\/uploads\/2023\/07\/13350259_1041232949304313_7512921079626551137_o.jpg 2048w, https:\/\/www.ocorreionews.com.br\/acervo-correio\/wp-content\/uploads\/2023\/07\/13350259_1041232949304313_7512921079626551137_o-300x196.jpg 300w, https:\/\/www.ocorreionews.com.br\/acervo-correio\/wp-content\/uploads\/2023\/07\/13350259_1041232949304313_7512921079626551137_o-1024x671.jpg 1024w, https:\/\/www.ocorreionews.com.br\/acervo-correio\/wp-content\/uploads\/2023\/07\/13350259_1041232949304313_7512921079626551137_o-768x503.jpg 768w, https:\/\/www.ocorreionews.com.br\/acervo-correio\/wp-content\/uploads\/2023\/07\/13350259_1041232949304313_7512921079626551137_o-1536x1006.jpg 1536w\" sizes=\"auto, (max-width: 2048px) 100vw, 2048px\" \/> <img loading=\"lazy\" decoding=\"async\" class=\"alignnone size-full wp-image-246528\" src=\"https:\/\/www.ocorreionews.com.br\/acervo-correio\/wp-content\/uploads\/2023\/07\/13403919_1041232719304336_2624350786105533902_o.jpg\" alt=\"\" width=\"843\" height=\"539\" srcset=\"https:\/\/www.ocorreionews.com.br\/acervo-correio\/wp-content\/uploads\/2023\/07\/13403919_1041232719304336_2624350786105533902_o.jpg 843w, https:\/\/www.ocorreionews.com.br\/acervo-correio\/wp-content\/uploads\/2023\/07\/13403919_1041232719304336_2624350786105533902_o-300x192.jpg 300w, https:\/\/www.ocorreionews.com.br\/acervo-correio\/wp-content\/uploads\/2023\/07\/13403919_1041232719304336_2624350786105533902_o-768x491.jpg 768w\" sizes=\"auto, (max-width: 843px) 100vw, 843px\" \/> <img loading=\"lazy\" decoding=\"async\" class=\"alignnone size-full wp-image-246529\" src=\"https:\/\/www.ocorreionews.com.br\/acervo-correio\/wp-content\/uploads\/2023\/07\/13415544_1041231222637819_975543166243673265_o.jpg\" alt=\"\" width=\"1932\" height=\"1455\" srcset=\"https:\/\/www.ocorreionews.com.br\/acervo-correio\/wp-content\/uploads\/2023\/07\/13415544_1041231222637819_975543166243673265_o.jpg 1932w, https:\/\/www.ocorreionews.com.br\/acervo-correio\/wp-content\/uploads\/2023\/07\/13415544_1041231222637819_975543166243673265_o-300x226.jpg 300w, https:\/\/www.ocorreionews.com.br\/acervo-correio\/wp-content\/uploads\/2023\/07\/13415544_1041231222637819_975543166243673265_o-1024x771.jpg 1024w, https:\/\/www.ocorreionews.com.br\/acervo-correio\/wp-content\/uploads\/2023\/07\/13415544_1041231222637819_975543166243673265_o-768x578.jpg 768w, https:\/\/www.ocorreionews.com.br\/acervo-correio\/wp-content\/uploads\/2023\/07\/13415544_1041231222637819_975543166243673265_o-1536x1157.jpg 1536w, https:\/\/www.ocorreionews.com.br\/acervo-correio\/wp-content\/uploads\/2023\/07\/13415544_1041231222637819_975543166243673265_o-86x64.jpg 86w\" sizes=\"auto, (max-width: 1932px) 100vw, 1932px\" \/> <img loading=\"lazy\" decoding=\"async\" class=\"alignnone size-full wp-image-246530\" src=\"https:\/\/www.ocorreionews.com.br\/acervo-correio\/wp-content\/uploads\/2023\/07\/13422228_1041231402637801_4672574272198366595_o.jpg\" alt=\"\" width=\"2048\" height=\"1536\" srcset=\"https:\/\/www.ocorreionews.com.br\/acervo-correio\/wp-content\/uploads\/2023\/07\/13422228_1041231402637801_4672574272198366595_o.jpg 2048w, https:\/\/www.ocorreionews.com.br\/acervo-correio\/wp-content\/uploads\/2023\/07\/13422228_1041231402637801_4672574272198366595_o-300x225.jpg 300w, https:\/\/www.ocorreionews.com.br\/acervo-correio\/wp-content\/uploads\/2023\/07\/13422228_1041231402637801_4672574272198366595_o-1024x768.jpg 1024w, https:\/\/www.ocorreionews.com.br\/acervo-correio\/wp-content\/uploads\/2023\/07\/13422228_1041231402637801_4672574272198366595_o-768x576.jpg 768w, https:\/\/www.ocorreionews.com.br\/acervo-correio\/wp-content\/uploads\/2023\/07\/13422228_1041231402637801_4672574272198366595_o-1536x1152.jpg 1536w, https:\/\/www.ocorreionews.com.br\/acervo-correio\/wp-content\/uploads\/2023\/07\/13422228_1041231402637801_4672574272198366595_o-86x64.jpg 86w\" sizes=\"auto, (max-width: 2048px) 100vw, 2048px\" \/><\/p>\n<figure id=\"attachment_246531\" aria-describedby=\"caption-attachment-246531\" style=\"width: 1536px\" class=\"wp-caption alignnone\"><img loading=\"lazy\" decoding=\"async\" class=\"wp-image-246531 size-full\" src=\"https:\/\/www.ocorreionews.com.br\/acervo-correio\/wp-content\/uploads\/2023\/07\/guerino-pedra-branca.png\" alt=\"\" width=\"1536\" height=\"1152\" srcset=\"https:\/\/www.ocorreionews.com.br\/acervo-correio\/wp-content\/uploads\/2023\/07\/guerino-pedra-branca.png 1536w, https:\/\/www.ocorreionews.com.br\/acervo-correio\/wp-content\/uploads\/2023\/07\/guerino-pedra-branca-300x225.png 300w, https:\/\/www.ocorreionews.com.br\/acervo-correio\/wp-content\/uploads\/2023\/07\/guerino-pedra-branca-1024x768.png 1024w, https:\/\/www.ocorreionews.com.br\/acervo-correio\/wp-content\/uploads\/2023\/07\/guerino-pedra-branca-768x576.png 768w, https:\/\/www.ocorreionews.com.br\/acervo-correio\/wp-content\/uploads\/2023\/07\/guerino-pedra-branca-86x64.png 86w\" sizes=\"auto, (max-width: 1536px) 100vw, 1536px\" \/><figcaption id=\"caption-attachment-246531\" class=\"wp-caption-text\">hoje as fam\u00edlias colheram os frutos da persist\u00eancia de 48 anos atr\u00e1s. Na foto Guerino (E) iniciando os tratativas da festa<\/figcaption><\/figure>\n<p><img loading=\"lazy\" decoding=\"async\" class=\"alignnone wp-image-246532 size-full\" src=\"https:\/\/www.ocorreionews.com.br\/acervo-correio\/wp-content\/uploads\/2023\/07\/guerino-pedra-branca02.jpg\" alt=\"\" width=\"1536\" height=\"1152\" srcset=\"https:\/\/www.ocorreionews.com.br\/acervo-correio\/wp-content\/uploads\/2023\/07\/guerino-pedra-branca02.jpg 1536w, https:\/\/www.ocorreionews.com.br\/acervo-correio\/wp-content\/uploads\/2023\/07\/guerino-pedra-branca02-300x225.jpg 300w, https:\/\/www.ocorreionews.com.br\/acervo-correio\/wp-content\/uploads\/2023\/07\/guerino-pedra-branca02-1024x768.jpg 1024w, https:\/\/www.ocorreionews.com.br\/acervo-correio\/wp-content\/uploads\/2023\/07\/guerino-pedra-branca02-768x576.jpg 768w, https:\/\/www.ocorreionews.com.br\/acervo-correio\/wp-content\/uploads\/2023\/07\/guerino-pedra-branca02-86x64.jpg 86w\" sizes=\"auto, (max-width: 1536px) 100vw, 1536px\" \/><\/p>\n<p>Com informa\u00e7\u00f5es -chapadensenews<\/p>\n","protected":false},"excerpt":{"rendered":"<p>A secretaria de Educa\u00e7\u00e3o de Chapad\u00e3o do Sul come\u00e7ou a articular os preparativos para a festa de 48 anos de coloniza\u00e7\u00e3o da comunidade da Pedra Branca, programada para o dia 2 de setembro. Os abnegados colonos come\u00e7aram a chegar em 1975. Se fixaram com forte trabalho na agricultura e chegaram a ser modelos de produ\u00e7\u00e3o [&hellip;]<\/p>\n","protected":false},"author":4,"featured_media":246527,"comment_status":"closed","ping_status":"closed","sticky":false,"template":"","format":"standard","meta":{"footnotes":""},"categories":[23,41],"tags":[],"class_list":["post-246523","post","type-post","status-publish","format-standard","has-post-thumbnail","hentry","category-chapadao-do-sul","category-destaque"],"_links":{"self":[{"href":"https:\/\/www.ocorreionews.com.br\/acervo-correio\/index.php?rest_route=\/wp\/v2\/posts\/246523","targetHints":{"allow":["GET"]}}],"collection":[{"href":"https:\/\/www.ocorreionews.com.br\/acervo-correio\/index.php?rest_route=\/wp\/v2\/posts"}],"about":[{"href":"https:\/\/www.ocorreionews.com.br\/acervo-correio\/index.php?rest_route=\/wp\/v2\/types\/post"}],"author":[{"embeddable":true,"href":"https:\/\/www.ocorreionews.com.br\/acervo-correio\/index.php?rest_route=\/wp\/v2\/users\/4"}],"replies":[{"embeddable":true,"href":"https:\/\/www.ocorreionews.com.br\/acervo-correio\/index.php?rest_route=%2Fwp%2Fv2%2Fcomments&post=246523"}],"version-history":[{"count":4,"href":"https:\/\/www.ocorreionews.com.br\/acervo-correio\/index.php?rest_route=\/wp\/v2\/posts\/246523\/revisions"}],"predecessor-version":[{"id":246537,"href":"https:\/\/www.ocorreionews.com.br\/acervo-correio\/index.php?rest_route=\/wp\/v2\/posts\/246523\/revisions\/246537"}],"wp:featuredmedia":[{"embeddable":true,"href":"https:\/\/www.ocorreionews.com.br\/acervo-correio\/index.php?rest_route=\/wp\/v2\/media\/246527"}],"wp:attachment":[{"href":"https:\/\/www.ocorreionews.com.br\/acervo-correio\/index.php?rest_route=%2Fwp%2Fv2%2Fmedia&parent=246523"}],"wp:term":[{"taxonomy":"category","embeddable":true,"href":"https:\/\/www.ocorreionews.com.br\/acervo-correio\/index.php?rest_route=%2Fwp%2Fv2%2Fcategories&post=246523"},{"taxonomy":"post_tag","embeddable":true,"href":"https:\/\/www.ocorreionews.com.br\/acervo-correio\/index.php?rest_route=%2Fwp%2Fv2%2Ftags&post=246523"}],"curies":[{"name":"wp","href":"https:\/\/api.w.org\/{rel}","templated":true}]}}