{"id":246543,"date":"2023-07-25T13:06:21","date_gmt":"2023-07-25T17:06:21","guid":{"rendered":"https:\/\/www.ocorreionews.com.br\/acervo-correio\/?p=246543"},"modified":"2023-07-25T13:06:21","modified_gmt":"2023-07-25T17:06:21","slug":"suspeito-de-cometer-furtos-e-preso-pela-pm-de-chapadao-do-sul","status":"publish","type":"post","link":"https:\/\/www.ocorreionews.com.br\/acervo-correio\/?p=246543","title":{"rendered":"Suspeito de cometer furtos \u00e9 preso pela PM de Chapad\u00e3o do Sul"},"content":{"rendered":"<p>Na noite desta segunda-feira (24), um homem de 29 anos, suspeito de ter cometidos furtos em resid\u00eancias de Chapad\u00e3o do Sul foi preso pela Pol\u00edcia Militar.<\/p>\n<p>De acordo com informa\u00e7\u00f5es do Boletim de Ocorr\u00eancia, a Policia Militar foi acionada pela v\u00edtima (sexo feminino 38 anos), relatando um poss\u00edvel furto em uma resid\u00eancia da Rua Cinco no centro da cidade.<\/p>\n<p>Com a informa\u00e7\u00f5es, os militares iniciaram rondas e buscas nas proximidades de onde ocorreu o fato, e na lateral na matriz da Igreja Cat\u00f3lica foi avistado um indiv\u00edduo embaixo da sombra de uma \u00e1rvore. Com a suspeita, os militares deram ordem de parada e n\u00e3o foi acatada pelo autor, neste momento ele deixou algo no ch\u00e3o e saiu em disparada, mas foi contido logo depois.<\/p>\n<p>O autor deixou no ch\u00e3o uma bomba de pulveriza\u00e7\u00e3o amarela da marca Volder de 20L, ao ser questionado sobre a proced\u00eancia da mesma, o autor disse que havia encontrado a bomba juntamente com algumas latinhas.<\/p>\n<p>Ao sa\u00edrem do local uma testemunha que presta servi\u00e7os em uma casa informou que havia ocorrido um furto dias atr\u00e1s e naquele dia teria sido roubado de l\u00e1 uma bomba de pulveriza\u00e7\u00e3o da mesma marca e cor que foi encontrada com o autor, al\u00e9m de uma TV de 60 polegadas que n\u00e3o foi encontrada.<\/p>\n<p>Diante disso o autor foi entregue na Delegacia para as medidas cab\u00edveis.<\/p>\n","protected":false},"excerpt":{"rendered":"<p>Na noite desta segunda-feira (24), um homem de 29 anos, suspeito de ter cometidos furtos em resid\u00eancias de Chapad\u00e3o do Sul foi preso pela Pol\u00edcia Militar. De acordo com informa\u00e7\u00f5es do Boletim de Ocorr\u00eancia, a Policia Militar foi acionada pela v\u00edtima (sexo feminino 38 anos), relatando um poss\u00edvel furto em uma resid\u00eancia da Rua Cinco [&hellip;]<\/p>\n","protected":false},"author":5,"featured_media":201651,"comment_status":"closed","ping_status":"closed","sticky":false,"template":"","format":"standard","meta":{"footnotes":""},"categories":[23,38],"tags":[],"class_list":["post-246543","post","type-post","status-publish","format-standard","has-post-thumbnail","hentry","category-chapadao-do-sul","category-policia"],"_links":{"self":[{"href":"https:\/\/www.ocorreionews.com.br\/acervo-correio\/index.php?rest_route=\/wp\/v2\/posts\/246543","targetHints":{"allow":["GET"]}}],"collection":[{"href":"https:\/\/www.ocorreionews.com.br\/acervo-correio\/index.php?rest_route=\/wp\/v2\/posts"}],"about":[{"href":"https:\/\/www.ocorreionews.com.br\/acervo-correio\/index.php?rest_route=\/wp\/v2\/types\/post"}],"author":[{"embeddable":true,"href":"https:\/\/www.ocorreionews.com.br\/acervo-correio\/index.php?rest_route=\/wp\/v2\/users\/5"}],"replies":[{"embeddable":true,"href":"https:\/\/www.ocorreionews.com.br\/acervo-correio\/index.php?rest_route=%2Fwp%2Fv2%2Fcomments&post=246543"}],"version-history":[{"count":1,"href":"https:\/\/www.ocorreionews.com.br\/acervo-correio\/index.php?rest_route=\/wp\/v2\/posts\/246543\/revisions"}],"predecessor-version":[{"id":246544,"href":"https:\/\/www.ocorreionews.com.br\/acervo-correio\/index.php?rest_route=\/wp\/v2\/posts\/246543\/revisions\/246544"}],"wp:featuredmedia":[{"embeddable":true,"href":"https:\/\/www.ocorreionews.com.br\/acervo-correio\/index.php?rest_route=\/wp\/v2\/media\/201651"}],"wp:attachment":[{"href":"https:\/\/www.ocorreionews.com.br\/acervo-correio\/index.php?rest_route=%2Fwp%2Fv2%2Fmedia&parent=246543"}],"wp:term":[{"taxonomy":"category","embeddable":true,"href":"https:\/\/www.ocorreionews.com.br\/acervo-correio\/index.php?rest_route=%2Fwp%2Fv2%2Fcategories&post=246543"},{"taxonomy":"post_tag","embeddable":true,"href":"https:\/\/www.ocorreionews.com.br\/acervo-correio\/index.php?rest_route=%2Fwp%2Fv2%2Ftags&post=246543"}],"curies":[{"name":"wp","href":"https:\/\/api.w.org\/{rel}","templated":true}]}}