{"id":246548,"date":"2023-07-25T13:31:50","date_gmt":"2023-07-25T17:31:50","guid":{"rendered":"https:\/\/www.ocorreionews.com.br\/acervo-correio\/?p=246548"},"modified":"2023-07-25T13:31:50","modified_gmt":"2023-07-25T17:31:50","slug":"gestao-municipal-de-chapadao-do-sul-foi-referencia-estadual-durante-o-forum-de-inovacao-e-cidades-inteligentes-na-assomasul","status":"publish","type":"post","link":"https:\/\/www.ocorreionews.com.br\/acervo-correio\/?p=246548","title":{"rendered":"Gest\u00e3o Municipal de Chapad\u00e3o do Sul foi refer\u00eancia estadual, durante o F\u00f3rum de Inova\u00e7\u00e3o e Cidades Inteligentes na Assomasul"},"content":{"rendered":"<p>A Prefeitura Municipal de Chapad\u00e3o do Sul, esteve na \u00faltima quinta-feira, 20, presente no F\u00f3rum de Inova\u00e7\u00e3o e Cidades Inteligentes, evento promovido pelo N\u00facleo de Gest\u00e3o Municipal, da Associa\u00e7\u00e3o dos Munic\u00edpios de Mato Grosso do Sul (Assomasul). O evento ocorreu de forma presencial e teve in\u00edcio \u00e0s 9h da manh\u00e3 com encerramento \u00e0s 16h, no audit\u00f3rio da entidade na Capital.<\/p>\n<p>Na oportunidade, a gest\u00e3o municipal do Prefeito Jo\u00e3o Carlos Krug, foi refer\u00eancia aos prefeitos e secret\u00e1rios dos 79 munic\u00edpios de Mato Grosso do Sul. Estiveram presentes representando o munic\u00edpio, os secret\u00e1rios Jos\u00e9 Teixeira Junior, que representou o prefeito municipal Jo\u00e3o Carlos Krug, o secret\u00e1rio de finan\u00e7as e planejamento Itamar Mariani, seu adjunto Paulo Pereira Borges, e o secret\u00e1rio adjunto de esportes, Gustavo Flesch Werneck.<\/p>\n<p><img loading=\"lazy\" decoding=\"async\" class=\"alignnone size-full wp-image-246554\" src=\"https:\/\/www.ocorreionews.com.br\/acervo-correio\/wp-content\/uploads\/2023\/07\/forum-na-assomasul2.jpg\" alt=\"\" width=\"1600\" height=\"1066\" srcset=\"https:\/\/www.ocorreionews.com.br\/acervo-correio\/wp-content\/uploads\/2023\/07\/forum-na-assomasul2.jpg 1600w, https:\/\/www.ocorreionews.com.br\/acervo-correio\/wp-content\/uploads\/2023\/07\/forum-na-assomasul2-300x200.jpg 300w, https:\/\/www.ocorreionews.com.br\/acervo-correio\/wp-content\/uploads\/2023\/07\/forum-na-assomasul2-1024x682.jpg 1024w, https:\/\/www.ocorreionews.com.br\/acervo-correio\/wp-content\/uploads\/2023\/07\/forum-na-assomasul2-768x512.jpg 768w, https:\/\/www.ocorreionews.com.br\/acervo-correio\/wp-content\/uploads\/2023\/07\/forum-na-assomasul2-1536x1023.jpg 1536w\" sizes=\"auto, (max-width: 1600px) 100vw, 1600px\" \/><\/p>\n<p>O secret\u00e1rio a Sedema Jos\u00e9 Teixeira Junior, trouxe exemplo de a\u00e7\u00f5es voltadas a pol\u00edticas p\u00fablicas de desenvolvimento, inova\u00e7\u00e3o e sustentabilidade, com a\u00e7\u00f5es que ganharam dois pr\u00eamios nacionais do Sebrae em 2022, e novas a\u00e7\u00f5es inovadoras realizadas pelo munic\u00edpio.<\/p>\n<p><img loading=\"lazy\" decoding=\"async\" class=\"alignnone size-full wp-image-246555\" src=\"https:\/\/www.ocorreionews.com.br\/acervo-correio\/wp-content\/uploads\/2023\/07\/forum-na-assomasul3.jpg\" alt=\"\" width=\"1600\" height=\"1066\" srcset=\"https:\/\/www.ocorreionews.com.br\/acervo-correio\/wp-content\/uploads\/2023\/07\/forum-na-assomasul3.jpg 1600w, https:\/\/www.ocorreionews.com.br\/acervo-correio\/wp-content\/uploads\/2023\/07\/forum-na-assomasul3-300x200.jpg 300w, https:\/\/www.ocorreionews.com.br\/acervo-correio\/wp-content\/uploads\/2023\/07\/forum-na-assomasul3-1024x682.jpg 1024w, https:\/\/www.ocorreionews.com.br\/acervo-correio\/wp-content\/uploads\/2023\/07\/forum-na-assomasul3-768x512.jpg 768w, https:\/\/www.ocorreionews.com.br\/acervo-correio\/wp-content\/uploads\/2023\/07\/forum-na-assomasul3-1536x1023.jpg 1536w\" sizes=\"auto, (max-width: 1600px) 100vw, 1600px\" \/><\/p>\n<p>Os secret\u00e1rios de finan\u00e7as e planejamento, Itamar Mariani e Paulo Pereira Borges, trouxeram a\u00e7\u00f5es voltadas a digitaliza\u00e7\u00e3o de processos, estrat\u00e9gias de arrecada\u00e7\u00e3o, e a\u00e7\u00f5es de aplica\u00e7\u00e3o de recursos municipais.<\/p>\n<p>Segundo o Prefeito Jo\u00e3o Carlos Krug, Chapad\u00e3o do Sul tem se tornado refer\u00eancia em gest\u00e3o p\u00fablica a n\u00edvel nacional.<\/p>\n<p>\u201cParticipa\u00e7\u00e3o como refer\u00eancia em eventos de gest\u00e3o p\u00fablica, como este da Assomasul e outros que j\u00e1 participamos, nos d\u00e1 a certeza que estamos percorrendo o caminho certo, tendo como premissa, boas estrat\u00e9gias de gest\u00e3o que nos permite levar desenvolvimento, inova\u00e7\u00e3o e principalmente entregar resultados a nossa popula\u00e7\u00e3o\u201d Finaliza.<\/p>\n<p>O prop\u00f3sito do F\u00f3rum de Inova\u00e7\u00e3o e Cidades Inteligentes foi aproximar governos municipais e sociedade para promover e identificar mudan\u00e7as fundamentais para evolu\u00e7\u00e3o positiva do \u00e2mbito governamental municipal. Foi um evento para pessoas que buscam conhecer ideias, desde seu ponto de partida, sem desperd\u00edcios, para construir uma sociedade ainda melhor.\u00a0 O F\u00f3rum foi direcionado aos prefeitos, servidores p\u00fablicos, secret\u00e1rios, e todos os que atuam direta ou indiretamente com a Gest\u00e3o P\u00fablica dos Munic\u00edpios.<\/p>\n<p>Outros temas abordados temas como transforma\u00e7\u00e3o digital, sobre a aplica\u00e7\u00e3o da Lei Geral de Prote\u00e7\u00e3o de Dados no Setor P\u00fablico, solu\u00e7\u00f5es integradas e inteligentes de pagamento, e sobre solu\u00e7\u00f5es tecnol\u00f3gicas nas diversas \u00e1reas da gest\u00e3o p\u00fablica municipal, dentre elas as \u00e1reas jur\u00eddicas, da educa\u00e7\u00e3o, do esporte e receitas. Por meio de palestras foram apresentados casos de sucesso de como as pr\u00e1ticas inovadoras podem suportar o desenvolvimento dos governos municipais. O evento contou com especialistas em diversas \u00e1reas.<\/p>\n","protected":false},"excerpt":{"rendered":"<p>A Prefeitura Municipal de Chapad\u00e3o do Sul, esteve na \u00faltima quinta-feira, 20, presente no F\u00f3rum de Inova\u00e7\u00e3o e Cidades Inteligentes, evento promovido pelo N\u00facleo de Gest\u00e3o Municipal, da Associa\u00e7\u00e3o dos Munic\u00edpios de Mato Grosso do Sul (Assomasul). O evento ocorreu de forma presencial e teve in\u00edcio \u00e0s 9h da manh\u00e3 com encerramento \u00e0s 16h, no [&hellip;]<\/p>\n","protected":false},"author":4,"featured_media":246553,"comment_status":"closed","ping_status":"closed","sticky":false,"template":"","format":"standard","meta":{"footnotes":""},"categories":[23],"tags":[],"class_list":["post-246548","post","type-post","status-publish","format-standard","has-post-thumbnail","hentry","category-chapadao-do-sul"],"_links":{"self":[{"href":"https:\/\/www.ocorreionews.com.br\/acervo-correio\/index.php?rest_route=\/wp\/v2\/posts\/246548","targetHints":{"allow":["GET"]}}],"collection":[{"href":"https:\/\/www.ocorreionews.com.br\/acervo-correio\/index.php?rest_route=\/wp\/v2\/posts"}],"about":[{"href":"https:\/\/www.ocorreionews.com.br\/acervo-correio\/index.php?rest_route=\/wp\/v2\/types\/post"}],"author":[{"embeddable":true,"href":"https:\/\/www.ocorreionews.com.br\/acervo-correio\/index.php?rest_route=\/wp\/v2\/users\/4"}],"replies":[{"embeddable":true,"href":"https:\/\/www.ocorreionews.com.br\/acervo-correio\/index.php?rest_route=%2Fwp%2Fv2%2Fcomments&post=246548"}],"version-history":[{"count":1,"href":"https:\/\/www.ocorreionews.com.br\/acervo-correio\/index.php?rest_route=\/wp\/v2\/posts\/246548\/revisions"}],"predecessor-version":[{"id":246557,"href":"https:\/\/www.ocorreionews.com.br\/acervo-correio\/index.php?rest_route=\/wp\/v2\/posts\/246548\/revisions\/246557"}],"wp:featuredmedia":[{"embeddable":true,"href":"https:\/\/www.ocorreionews.com.br\/acervo-correio\/index.php?rest_route=\/wp\/v2\/media\/246553"}],"wp:attachment":[{"href":"https:\/\/www.ocorreionews.com.br\/acervo-correio\/index.php?rest_route=%2Fwp%2Fv2%2Fmedia&parent=246548"}],"wp:term":[{"taxonomy":"category","embeddable":true,"href":"https:\/\/www.ocorreionews.com.br\/acervo-correio\/index.php?rest_route=%2Fwp%2Fv2%2Fcategories&post=246548"},{"taxonomy":"post_tag","embeddable":true,"href":"https:\/\/www.ocorreionews.com.br\/acervo-correio\/index.php?rest_route=%2Fwp%2Fv2%2Ftags&post=246548"}],"curies":[{"name":"wp","href":"https:\/\/api.w.org\/{rel}","templated":true}]}}