{"id":246558,"date":"2023-07-25T14:04:12","date_gmt":"2023-07-25T18:04:12","guid":{"rendered":"https:\/\/www.ocorreionews.com.br\/acervo-correio\/?p=246558"},"modified":"2023-07-25T14:04:12","modified_gmt":"2023-07-25T18:04:12","slug":"executivo-de-alcinopolis-lanca-obra-de-reforma-e-ampliacao-da-unidade-basica-de-saude","status":"publish","type":"post","link":"https:\/\/www.ocorreionews.com.br\/acervo-correio\/?p=246558","title":{"rendered":"Executivo de Alcin\u00f3polis lan\u00e7a obra de reforma e amplia\u00e7\u00e3o da Unidade B\u00e1sica de Sa\u00fade"},"content":{"rendered":"<p>Na tarde de ontem (24\/07) o Prefeito Dalmy Cris\u00f3stomo da Silva e o Secret\u00e1rio Municipal de Sa\u00fade, Jo\u00e3o Abadio, fizeram o lan\u00e7amento da obra de reforma e amplia\u00e7\u00e3o da Unidade B\u00e1sica de Sa\u00fade \u201cJo\u00e3o Ferreira de Andrade\u201d.<\/p>\n<p>. A obra tem o valor estimado de R$1.952.191,18. O ent\u00e3o Deputado Federal, Beto Pereira, enviou emenda parlamentar no valor de R$600.000,00 e o munic\u00edpio entrou com contrapartida no valor de R$1.352.191,18.<\/p>\n<p>A nova Unidade ter\u00e1 um espa\u00e7o, moderno, amplo e aconchegante, com acessibilidade, para melhor atender nossa popula\u00e7\u00e3o. Investir em sa\u00fade \u00e9 investir no bem-estar, na qualidade de vida da nossa gente!<\/p>\n<p>A reforma se fez necess\u00e1ria, pois a Unidade, apesar de j\u00e1 ter passado por outras reformas, apresentava graves problemas, principalmente na parte da cobertura, forro.\u00a0 Durante o per\u00edodo de chuva, os servidores enfrentavam transtornos, pois havia muitas infiltra\u00e7\u00f5es no pr\u00e9dio. A mudan\u00e7a da Unidade fez-se necess\u00e1ria, para preservar a integridade f\u00edsica dos funcion\u00e1rios e usu\u00e1rios. Ressaltamos que nossa gest\u00e3o \u00e9 pautada no respeito, compromisso e comprometimento com a popula\u00e7\u00e3o.<\/p>\n<p><img loading=\"lazy\" decoding=\"async\" class=\"alignnone size-full wp-image-246564\" src=\"https:\/\/www.ocorreionews.com.br\/acervo-correio\/wp-content\/uploads\/2023\/07\/UBS-lancamento-da-obra3.jpg\" alt=\"\" width=\"1600\" height=\"738\" srcset=\"https:\/\/www.ocorreionews.com.br\/acervo-correio\/wp-content\/uploads\/2023\/07\/UBS-lancamento-da-obra3.jpg 1600w, https:\/\/www.ocorreionews.com.br\/acervo-correio\/wp-content\/uploads\/2023\/07\/UBS-lancamento-da-obra3-300x138.jpg 300w, https:\/\/www.ocorreionews.com.br\/acervo-correio\/wp-content\/uploads\/2023\/07\/UBS-lancamento-da-obra3-1024x472.jpg 1024w, https:\/\/www.ocorreionews.com.br\/acervo-correio\/wp-content\/uploads\/2023\/07\/UBS-lancamento-da-obra3-768x354.jpg 768w, https:\/\/www.ocorreionews.com.br\/acervo-correio\/wp-content\/uploads\/2023\/07\/UBS-lancamento-da-obra3-1536x708.jpg 1536w\" sizes=\"auto, (max-width: 1600px) 100vw, 1600px\" \/><\/p>\n<p>Jo\u00e3o Abadio, no uso da palavra cumprimentou todos os presentes e se disse muito emocionado, pois essa obra \u00e9 um sonho de sua gest\u00e3o e que trabalha arduamente com sua equipe para ofertar sempre o melhor para os usu\u00e1rios do sistema. Seu objetivo, frente a pasta, \u00e9 sempre oferecer o melhor atendimento para nossa popula\u00e7\u00e3o e no ato parabenizou o Prefeito Dalmy, por sempre acreditar e investir na sa\u00fade. Para finalizar, parabenizou os agentes comunit\u00e1rios de Sa\u00fade e endemias, pois receberam bicicletas el\u00e9tricas, para realizarem seus trabalhos de visita\u00e7\u00e3o com agilidade, seguran\u00e7a e conforto.<\/p>\n<p><img loading=\"lazy\" decoding=\"async\" class=\"alignnone size-full wp-image-246566\" src=\"https:\/\/www.ocorreionews.com.br\/acervo-correio\/wp-content\/uploads\/2023\/07\/UBS-lancamento-da-obra33.jpg\" alt=\"\" width=\"1600\" height=\"738\" srcset=\"https:\/\/www.ocorreionews.com.br\/acervo-correio\/wp-content\/uploads\/2023\/07\/UBS-lancamento-da-obra33.jpg 1600w, https:\/\/www.ocorreionews.com.br\/acervo-correio\/wp-content\/uploads\/2023\/07\/UBS-lancamento-da-obra33-300x138.jpg 300w, https:\/\/www.ocorreionews.com.br\/acervo-correio\/wp-content\/uploads\/2023\/07\/UBS-lancamento-da-obra33-1024x472.jpg 1024w, https:\/\/www.ocorreionews.com.br\/acervo-correio\/wp-content\/uploads\/2023\/07\/UBS-lancamento-da-obra33-768x354.jpg 768w, https:\/\/www.ocorreionews.com.br\/acervo-correio\/wp-content\/uploads\/2023\/07\/UBS-lancamento-da-obra33-1536x708.jpg 1536w\" sizes=\"auto, (max-width: 1600px) 100vw, 1600px\" \/><\/p>\n<p>Dalmy Cris\u00f3stomo, parabenizou o Secret\u00e1rio de Sa\u00fade, frente a\u00a0 Secretaria e por estar sempre buscando o melhor para a popula\u00e7\u00e3o. No ato, informou a popula\u00e7\u00e3o que a demora na inicializa\u00e7\u00e3o da obra, se deu por conta de quest\u00f5es burocr\u00e1ticas. O processo licitat\u00f3rio tem seus tr\u00e2mites, e devem ser seguidos. Na oportunidade agradeceu o Deputado Federal, Beto Pereira, pela emenda parlamentar. Reafirmou seu compromisso com a popula\u00e7\u00e3o, respeitando o dinheiro p\u00fablico, fazendo investimentos que trazem qualidade de vida para os alcinopolenses.<\/p>\n<p><img loading=\"lazy\" decoding=\"async\" class=\"alignnone size-full wp-image-246563\" src=\"https:\/\/www.ocorreionews.com.br\/acervo-correio\/wp-content\/uploads\/2023\/07\/UBS-lancamento-da-obra2.jpg\" alt=\"\" width=\"1600\" height=\"738\" srcset=\"https:\/\/www.ocorreionews.com.br\/acervo-correio\/wp-content\/uploads\/2023\/07\/UBS-lancamento-da-obra2.jpg 1600w, https:\/\/www.ocorreionews.com.br\/acervo-correio\/wp-content\/uploads\/2023\/07\/UBS-lancamento-da-obra2-300x138.jpg 300w, https:\/\/www.ocorreionews.com.br\/acervo-correio\/wp-content\/uploads\/2023\/07\/UBS-lancamento-da-obra2-1024x472.jpg 1024w, https:\/\/www.ocorreionews.com.br\/acervo-correio\/wp-content\/uploads\/2023\/07\/UBS-lancamento-da-obra2-768x354.jpg 768w, https:\/\/www.ocorreionews.com.br\/acervo-correio\/wp-content\/uploads\/2023\/07\/UBS-lancamento-da-obra2-1536x708.jpg 1536w\" sizes=\"auto, (max-width: 1600px) 100vw, 1600px\" \/><\/p>\n<p>Vale ressaltar que na oportunidade, os Agentes Comunit\u00e1rios de Sa\u00fade e Endemias, receberam bicicletas el\u00e9tricas, para realizarem seus trabalhos. Foram entregues 11 bicicletas, totalizando um investimento de R$60.500,00, sendo este recurso pr\u00f3prio do munic\u00edpio. As bicicletas t\u00eam motor 800w de pot\u00eancia, equipada com 4 baterias, suspens\u00e3o dianteira, acelerador e pedal assistido, buzina, farol de LED, capacete de prote\u00e7\u00e3o, entre outros.<\/p>\n<p><img loading=\"lazy\" decoding=\"async\" class=\"alignnone size-full wp-image-246562\" src=\"https:\/\/www.ocorreionews.com.br\/acervo-correio\/wp-content\/uploads\/2023\/07\/UBS-lancamento-da-obra.jpg\" alt=\"\" width=\"1280\" height=\"720\" srcset=\"https:\/\/www.ocorreionews.com.br\/acervo-correio\/wp-content\/uploads\/2023\/07\/UBS-lancamento-da-obra.jpg 1280w, https:\/\/www.ocorreionews.com.br\/acervo-correio\/wp-content\/uploads\/2023\/07\/UBS-lancamento-da-obra-300x169.jpg 300w, https:\/\/www.ocorreionews.com.br\/acervo-correio\/wp-content\/uploads\/2023\/07\/UBS-lancamento-da-obra-1024x576.jpg 1024w, https:\/\/www.ocorreionews.com.br\/acervo-correio\/wp-content\/uploads\/2023\/07\/UBS-lancamento-da-obra-768x432.jpg 768w\" sizes=\"auto, (max-width: 1280px) 100vw, 1280px\" \/><\/p>\n<p>Fonte\/Fotos: Assecom\/Prefeitura de Alcin\u00f3polis\/Simone Nogueira<\/p>\n","protected":false},"excerpt":{"rendered":"<p>Na tarde de ontem (24\/07) o Prefeito Dalmy Cris\u00f3stomo da Silva e o Secret\u00e1rio Municipal de Sa\u00fade, Jo\u00e3o Abadio, fizeram o lan\u00e7amento da obra de reforma e amplia\u00e7\u00e3o da Unidade B\u00e1sica de Sa\u00fade \u201cJo\u00e3o Ferreira de Andrade\u201d. . A obra tem o valor estimado de R$1.952.191,18. O ent\u00e3o Deputado Federal, Beto Pereira, enviou emenda parlamentar [&hellip;]<\/p>\n","protected":false},"author":4,"featured_media":246565,"comment_status":"closed","ping_status":"closed","sticky":false,"template":"","format":"standard","meta":{"footnotes":""},"categories":[18],"tags":[],"class_list":["post-246558","post","type-post","status-publish","format-standard","has-post-thumbnail","hentry","category-alcinopolis"],"_links":{"self":[{"href":"https:\/\/www.ocorreionews.com.br\/acervo-correio\/index.php?rest_route=\/wp\/v2\/posts\/246558","targetHints":{"allow":["GET"]}}],"collection":[{"href":"https:\/\/www.ocorreionews.com.br\/acervo-correio\/index.php?rest_route=\/wp\/v2\/posts"}],"about":[{"href":"https:\/\/www.ocorreionews.com.br\/acervo-correio\/index.php?rest_route=\/wp\/v2\/types\/post"}],"author":[{"embeddable":true,"href":"https:\/\/www.ocorreionews.com.br\/acervo-correio\/index.php?rest_route=\/wp\/v2\/users\/4"}],"replies":[{"embeddable":true,"href":"https:\/\/www.ocorreionews.com.br\/acervo-correio\/index.php?rest_route=%2Fwp%2Fv2%2Fcomments&post=246558"}],"version-history":[{"count":2,"href":"https:\/\/www.ocorreionews.com.br\/acervo-correio\/index.php?rest_route=\/wp\/v2\/posts\/246558\/revisions"}],"predecessor-version":[{"id":246568,"href":"https:\/\/www.ocorreionews.com.br\/acervo-correio\/index.php?rest_route=\/wp\/v2\/posts\/246558\/revisions\/246568"}],"wp:featuredmedia":[{"embeddable":true,"href":"https:\/\/www.ocorreionews.com.br\/acervo-correio\/index.php?rest_route=\/wp\/v2\/media\/246565"}],"wp:attachment":[{"href":"https:\/\/www.ocorreionews.com.br\/acervo-correio\/index.php?rest_route=%2Fwp%2Fv2%2Fmedia&parent=246558"}],"wp:term":[{"taxonomy":"category","embeddable":true,"href":"https:\/\/www.ocorreionews.com.br\/acervo-correio\/index.php?rest_route=%2Fwp%2Fv2%2Fcategories&post=246558"},{"taxonomy":"post_tag","embeddable":true,"href":"https:\/\/www.ocorreionews.com.br\/acervo-correio\/index.php?rest_route=%2Fwp%2Fv2%2Ftags&post=246558"}],"curies":[{"name":"wp","href":"https:\/\/api.w.org\/{rel}","templated":true}]}}