{"id":246571,"date":"2023-07-25T15:46:16","date_gmt":"2023-07-25T19:46:16","guid":{"rendered":"https:\/\/www.ocorreionews.com.br\/acervo-correio\/?p=246571"},"modified":"2023-07-25T15:46:16","modified_gmt":"2023-07-25T19:46:16","slug":"suspeito-de-estuprar-adolescente-em-ms-encontrado-morto-em-presidio","status":"publish","type":"post","link":"https:\/\/www.ocorreionews.com.br\/acervo-correio\/?p=246571","title":{"rendered":"Suspeito de estuprar adolescente, em MS encontrado morto em pres\u00eddio"},"content":{"rendered":"<p>Idoso acusado de estuprar um adolescente de 15 anos foi encontrado morto em uma cela do Pres\u00eddio de Seguran\u00e7a M\u00e1xima de Navira\u00ed, cidade a 359 quil\u00f4metros de Campo Grande. O crime teria acontecido no domingo (16) e Amilton Teixeira de Oliveira, 62 anos, foi preso no dia seguinte e passou por audi\u00eancia de cust\u00f3dia.<\/p>\n<p>Conforme o site T\u00e1 Na M\u00eddia, Amilton foi colocado em uma cela disciplinar da unidade penitenci\u00e1ria e, na manh\u00e3 de segunda-feira (24), foi encontrado morto pendurado na grade da cela. A dire\u00e7\u00e3o da penitenci\u00e1ria acionou a per\u00edcia e o caso foi registrado na 1\u00aa Delegacia da cidade como morte a esclarecer.<\/p>\n<p>A v\u00edtima tem TEA (Transtorno do Espectro Autista) e teria ido ao trailer de Amilton comprar alguma coisa. Como ele demorou a voltar, o padrasto foi busc\u00e1-lo e encontrou o adolescente junto com o idoso que estava com as cal\u00e7as abaixadas. Ele ent\u00e3o acionou a Pol\u00edcia Militar e o suspeito foi peso em flagrante.<\/p>\n<p>No dia seguinte, vizinhos do adolescente tentaram destruir o trailer de Amilton, mas foram contidos pelos militares. Foram feitas buscas no apartamento do idoso, e uma espingarda calibre 22 foi apreendida. O caso ainda \u00e9 investigado.<\/p>\n<figure style=\"width: 574px\" class=\"wp-caption aligncenter\"><img loading=\"lazy\" decoding=\"async\" class=\"img-fluid\" src=\"https:\/\/cdn6.campograndenews.com.br\/uploads\/noticias\/2023\/07\/25\/2eh0jn8ts3msw.png\" sizes=\"auto, (min-width: 1024px) calc(.5 * (100vw - 21.875em)), 100vw\" srcset=\"https:\/\/cdn6.campograndenews.com.br\/uploads\/noticias\/2023\/07\/25\/ce178u3nw7d2.png 1024w, https:\/\/cdn6.campograndenews.com.br\/uploads\/noticias\/2023\/07\/25\/1kqdz3h08mumj.png 640w, https:\/\/cdn6.campograndenews.com.br\/uploads\/noticias\/2023\/07\/25\/2eh0jn8ts3msw.png 320w\" alt=\"Moradores e trailer destru\u00eddo, em Navira\u00ed (Foto: T\u00e1 na M\u00eddia Navira\u00ed)\" width=\"574\" height=\"395\" \/><figcaption class=\"wp-caption-text\">Moradores e trailer destru\u00eddo, em Navira\u00ed (Foto: T\u00e1 na M\u00eddia Navira\u00ed)<\/figcaption><\/figure>\n<p>&nbsp;<\/p>\n<p>Por Ana Paula Chuva &#8211;\u00a0 CAMPO GRANDE NEWS<\/p>\n","protected":false},"excerpt":{"rendered":"<p>Idoso acusado de estuprar um adolescente de 15 anos foi encontrado morto em uma cela do Pres\u00eddio de Seguran\u00e7a M\u00e1xima de Navira\u00ed, cidade a 359 quil\u00f4metros de Campo Grande. O crime teria acontecido no domingo (16) e Amilton Teixeira de Oliveira, 62 anos, foi preso no dia seguinte e passou por audi\u00eancia de cust\u00f3dia. Conforme [&hellip;]<\/p>\n","protected":false},"author":5,"featured_media":246572,"comment_status":"closed","ping_status":"closed","sticky":false,"template":"","format":"standard","meta":{"footnotes":""},"categories":[38],"tags":[],"class_list":["post-246571","post","type-post","status-publish","format-standard","has-post-thumbnail","hentry","category-policia"],"_links":{"self":[{"href":"https:\/\/www.ocorreionews.com.br\/acervo-correio\/index.php?rest_route=\/wp\/v2\/posts\/246571","targetHints":{"allow":["GET"]}}],"collection":[{"href":"https:\/\/www.ocorreionews.com.br\/acervo-correio\/index.php?rest_route=\/wp\/v2\/posts"}],"about":[{"href":"https:\/\/www.ocorreionews.com.br\/acervo-correio\/index.php?rest_route=\/wp\/v2\/types\/post"}],"author":[{"embeddable":true,"href":"https:\/\/www.ocorreionews.com.br\/acervo-correio\/index.php?rest_route=\/wp\/v2\/users\/5"}],"replies":[{"embeddable":true,"href":"https:\/\/www.ocorreionews.com.br\/acervo-correio\/index.php?rest_route=%2Fwp%2Fv2%2Fcomments&post=246571"}],"version-history":[{"count":1,"href":"https:\/\/www.ocorreionews.com.br\/acervo-correio\/index.php?rest_route=\/wp\/v2\/posts\/246571\/revisions"}],"predecessor-version":[{"id":246573,"href":"https:\/\/www.ocorreionews.com.br\/acervo-correio\/index.php?rest_route=\/wp\/v2\/posts\/246571\/revisions\/246573"}],"wp:featuredmedia":[{"embeddable":true,"href":"https:\/\/www.ocorreionews.com.br\/acervo-correio\/index.php?rest_route=\/wp\/v2\/media\/246572"}],"wp:attachment":[{"href":"https:\/\/www.ocorreionews.com.br\/acervo-correio\/index.php?rest_route=%2Fwp%2Fv2%2Fmedia&parent=246571"}],"wp:term":[{"taxonomy":"category","embeddable":true,"href":"https:\/\/www.ocorreionews.com.br\/acervo-correio\/index.php?rest_route=%2Fwp%2Fv2%2Fcategories&post=246571"},{"taxonomy":"post_tag","embeddable":true,"href":"https:\/\/www.ocorreionews.com.br\/acervo-correio\/index.php?rest_route=%2Fwp%2Fv2%2Ftags&post=246571"}],"curies":[{"name":"wp","href":"https:\/\/api.w.org\/{rel}","templated":true}]}}