{"id":246574,"date":"2023-07-25T15:57:43","date_gmt":"2023-07-25T19:57:43","guid":{"rendered":"https:\/\/www.ocorreionews.com.br\/acervo-correio\/?p=246574"},"modified":"2023-07-25T15:57:43","modified_gmt":"2023-07-25T19:57:43","slug":"prefeitura-de-paraiso-das-aguas-realiza-arrastao-da-limpeza-a-partir-da-proxima-segunda-feira","status":"publish","type":"post","link":"https:\/\/www.ocorreionews.com.br\/acervo-correio\/?p=246574","title":{"rendered":"Prefeitura de Para\u00edso das \u00c1guas realiza \u201cArrast\u00e3o da Limpeza\u201d a partir da pr\u00f3xima segunda-feira"},"content":{"rendered":"<div class=\"leitura\">\n<p>A Prefeitura de Para\u00edso das \u00c1guas por meio da Secretaria Municipal de Sa\u00fade e Secretaria Municipal de Infraestrutura Rural e Urbana, realiza a partir da pr\u00f3xima segunda-feira (31) o \u201cArrast\u00e3o da Limpeza\u201d, a\u00e7\u00e3o cujo objetivo \u00e9 recolher entulhos de podas, constru\u00e7\u00f5es, e demais res\u00edduos que tenham sido descartados em nossa sede e distritos de forma irregular.<\/p>\n<p>Estes res\u00edduos s\u00e3o respons\u00e1veis n\u00e3o somente pela apar\u00eancia ruim que ruas e cal\u00e7adas acabam ficando, mas tamb\u00e9m pela prolifera\u00e7\u00e3o de insetos transmissores de doen\u00e7as, animais pe\u00e7onhentos, lesmas, moscas e mosquitos.<\/p>\n<p>Sendo assim, com o intuito de amenizar esta situa\u00e7\u00e3o e tamb\u00e9m conscientizar a popula\u00e7\u00e3o acerca da maneira correta de descartes destes materiais, equipes da Prefeitura estar\u00e3o trabalhando na sede e distritos recolhendo estes materiais e orientando a popula\u00e7\u00e3o.<\/p>\n<p>Na sede de Para\u00edso das \u00c1guas, o \u201cArrast\u00e3o\u201d tem in\u00edcio na pr\u00f3xima segunda-feira (31) estendendo-se at\u00e9 o dia 11 de agosto. Para os moradores da sede com entulhos que precisam ser descartados \u00e9 indicado que seja solicitada uma ca\u00e7amba junto \u00e0 Secretaria Municipal de Infraestutura Rural e Urbana. A solicita\u00e7\u00e3o deve ser feita presencialmente apresentando-se documentos pessoais como RG, CPF e Endere\u00e7o.<\/p>\n<p>J\u00e1 nos distritos a data para as coletas ficam da seguinte maneira: Pouso Alto (14 a 16 de agosto) e Bela Alvorada (17 a 19 de agosto).<\/p>\n<p>Tamb\u00e9m ser\u00e1 realizado o \u201cArrast\u00e3o\u201d no Assentamento Mateira, entre os dias 21 e 24 de agosto.<\/p>\n<p>De acordo com o prefeito de Para\u00edso das \u00c1guas, An\u00edzio Andrade, executivo municipal e popula\u00e7\u00e3o devem andar de m\u00e3os dadas na preserva\u00e7\u00e3o de nossa cidade.<\/p>\n<p>\u201cO poder p\u00fablico faz sua parte para deixar nossa cidade limpa, saud\u00e1vel, com uma apar\u00eancia agrad\u00e1vel para os que aqui moram ou para aqueles que v\u00eam nos visitar ou para investir em nossa cidade. Por\u00e9m, \u00e9 de fundamental import\u00e2ncia que a comunidade contribua com o meio ambiente de nosso munic\u00edpio. Para\u00edso conta com sistema de coleta seletiva e, a partir das pr\u00f3ximas semanas, contar\u00e1 tamb\u00e9m com um servi\u00e7o de coleta de res\u00edduos de podas e limpezas de terreno. Se trabalharmos juntos diminuiremos a incid\u00eancia de animais pe\u00e7onhentos e insetos transmissores de doen\u00e7as. Se trabalharmos juntos teremos uma Para\u00edso das \u00c1guas com cada vez mais qualidade de vida\u201d, afirmou o prefeito.<\/p>\n<p><img decoding=\"async\" class=\"lb-image\" src=\"https:\/\/www.paraisodasaguas.ms.gov.br\/uploads\/noticia\/arrasta0600.png\" \/><\/p>\n<\/div>\n","protected":false},"excerpt":{"rendered":"<p>A Prefeitura de Para\u00edso das \u00c1guas por meio da Secretaria Municipal de Sa\u00fade e Secretaria Municipal de Infraestrutura Rural e Urbana, realiza a partir da pr\u00f3xima segunda-feira (31) o \u201cArrast\u00e3o da Limpeza\u201d, a\u00e7\u00e3o cujo objetivo \u00e9 recolher entulhos de podas, constru\u00e7\u00f5es, e demais res\u00edduos que tenham sido descartados em nossa sede e distritos de forma [&hellip;]<\/p>\n","protected":false},"author":5,"featured_media":160030,"comment_status":"closed","ping_status":"closed","sticky":false,"template":"","format":"standard","meta":{"footnotes":""},"categories":[36],"tags":[],"class_list":["post-246574","post","type-post","status-publish","format-standard","has-post-thumbnail","hentry","category-paraiso-das-aguas"],"_links":{"self":[{"href":"https:\/\/www.ocorreionews.com.br\/acervo-correio\/index.php?rest_route=\/wp\/v2\/posts\/246574","targetHints":{"allow":["GET"]}}],"collection":[{"href":"https:\/\/www.ocorreionews.com.br\/acervo-correio\/index.php?rest_route=\/wp\/v2\/posts"}],"about":[{"href":"https:\/\/www.ocorreionews.com.br\/acervo-correio\/index.php?rest_route=\/wp\/v2\/types\/post"}],"author":[{"embeddable":true,"href":"https:\/\/www.ocorreionews.com.br\/acervo-correio\/index.php?rest_route=\/wp\/v2\/users\/5"}],"replies":[{"embeddable":true,"href":"https:\/\/www.ocorreionews.com.br\/acervo-correio\/index.php?rest_route=%2Fwp%2Fv2%2Fcomments&post=246574"}],"version-history":[{"count":1,"href":"https:\/\/www.ocorreionews.com.br\/acervo-correio\/index.php?rest_route=\/wp\/v2\/posts\/246574\/revisions"}],"predecessor-version":[{"id":246575,"href":"https:\/\/www.ocorreionews.com.br\/acervo-correio\/index.php?rest_route=\/wp\/v2\/posts\/246574\/revisions\/246575"}],"wp:featuredmedia":[{"embeddable":true,"href":"https:\/\/www.ocorreionews.com.br\/acervo-correio\/index.php?rest_route=\/wp\/v2\/media\/160030"}],"wp:attachment":[{"href":"https:\/\/www.ocorreionews.com.br\/acervo-correio\/index.php?rest_route=%2Fwp%2Fv2%2Fmedia&parent=246574"}],"wp:term":[{"taxonomy":"category","embeddable":true,"href":"https:\/\/www.ocorreionews.com.br\/acervo-correio\/index.php?rest_route=%2Fwp%2Fv2%2Fcategories&post=246574"},{"taxonomy":"post_tag","embeddable":true,"href":"https:\/\/www.ocorreionews.com.br\/acervo-correio\/index.php?rest_route=%2Fwp%2Fv2%2Ftags&post=246574"}],"curies":[{"name":"wp","href":"https:\/\/api.w.org\/{rel}","templated":true}]}}