{"id":246576,"date":"2023-07-25T16:12:30","date_gmt":"2023-07-25T20:12:30","guid":{"rendered":"https:\/\/www.ocorreionews.com.br\/acervo-correio\/?p=246576"},"modified":"2023-07-25T16:12:30","modified_gmt":"2023-07-25T20:12:30","slug":"sequestrada-na-fronteira-de-ms-foi-encontrada-morta-com-requintes-de-crueldades","status":"publish","type":"post","link":"https:\/\/www.ocorreionews.com.br\/acervo-correio\/?p=246576","title":{"rendered":"Sequestrada na fronteira de MS foi encontrada morta com requintes de crueldades"},"content":{"rendered":"<p>An\u00e1lise inicial da per\u00edcia mostra que Fanny Carolina Ch\u00e1vez, achada morta na manh\u00e3\u00a0desta ter\u00e7a-feira (25), tinha marcas de seis facadas, sendo cinco na cabe\u00e7a. Ela foi sequestrada na noite anterior e \u00e9 suspeita de envolvimento na morte de uma crian\u00e7a de tr\u00eas anos na regi\u00e3o.<\/p>\n<p>A informa\u00e7\u00e3o veio do m\u00e9dico forense C\u00e9sar Gonz\u00e1les. A outra marca de facada estava no rosto, em cima do olho no lado esquerdo da v\u00edtima. Gonz\u00e1lez tamb\u00e9m anotou uma les\u00e3o no pesco\u00e7o de Fanny, que seria uma tentativa de asfixia por meio de um cabo (fio).<\/p>\n<p>O perito tamb\u00e9m encontrou diversas outras les\u00f5es que sugerem que a v\u00edtima foi torturada e depois morta. Para o m\u00e9dico, a causa da morte foi traumatismo craniano grave. Fanny teria morrido, disse o profissional, cerca de quatro horas antes do achado do corpo.<\/p>\n<p>A apura\u00e7\u00e3o at\u00e9 o momento indica que a mulher foi morta em outro lugar e o corpo jogado no ponto em que foi achado.<\/p>\n<p><strong>Sequestro<\/strong><\/p>\n<p>A mulher achada morta foi levada por homens encapuzados, na noite desta segunda-feira (24), de uma casa no bairro Santa Ana, em Pedro Juan Caballero, na divisa com Ponta Por\u00e3.<\/p>\n<p>Os suspeitos estavam em uma caminhonete e a pol\u00edcia do pa\u00eds vizinho investiga o caso. A v\u00edtima teria envolvimento na morte de uma crian\u00e7a, caso que chocou a popula\u00e7\u00e3o da regi\u00e3o.<\/p>\n<p>&nbsp;<\/p>\n<p>&nbsp;<\/p>\n<p>Top M\u00eddia News, Thiago de Souza<\/p>\n","protected":false},"excerpt":{"rendered":"<p>An\u00e1lise inicial da per\u00edcia mostra que Fanny Carolina Ch\u00e1vez, achada morta na manh\u00e3\u00a0desta ter\u00e7a-feira (25), tinha marcas de seis facadas, sendo cinco na cabe\u00e7a. Ela foi sequestrada na noite anterior e \u00e9 suspeita de envolvimento na morte de uma crian\u00e7a de tr\u00eas anos na regi\u00e3o. A informa\u00e7\u00e3o veio do m\u00e9dico forense C\u00e9sar Gonz\u00e1les. A outra [&hellip;]<\/p>\n","protected":false},"author":5,"featured_media":246422,"comment_status":"closed","ping_status":"closed","sticky":false,"template":"","format":"standard","meta":{"footnotes":""},"categories":[38],"tags":[],"class_list":["post-246576","post","type-post","status-publish","format-standard","has-post-thumbnail","hentry","category-policia"],"_links":{"self":[{"href":"https:\/\/www.ocorreionews.com.br\/acervo-correio\/index.php?rest_route=\/wp\/v2\/posts\/246576","targetHints":{"allow":["GET"]}}],"collection":[{"href":"https:\/\/www.ocorreionews.com.br\/acervo-correio\/index.php?rest_route=\/wp\/v2\/posts"}],"about":[{"href":"https:\/\/www.ocorreionews.com.br\/acervo-correio\/index.php?rest_route=\/wp\/v2\/types\/post"}],"author":[{"embeddable":true,"href":"https:\/\/www.ocorreionews.com.br\/acervo-correio\/index.php?rest_route=\/wp\/v2\/users\/5"}],"replies":[{"embeddable":true,"href":"https:\/\/www.ocorreionews.com.br\/acervo-correio\/index.php?rest_route=%2Fwp%2Fv2%2Fcomments&post=246576"}],"version-history":[{"count":1,"href":"https:\/\/www.ocorreionews.com.br\/acervo-correio\/index.php?rest_route=\/wp\/v2\/posts\/246576\/revisions"}],"predecessor-version":[{"id":246577,"href":"https:\/\/www.ocorreionews.com.br\/acervo-correio\/index.php?rest_route=\/wp\/v2\/posts\/246576\/revisions\/246577"}],"wp:featuredmedia":[{"embeddable":true,"href":"https:\/\/www.ocorreionews.com.br\/acervo-correio\/index.php?rest_route=\/wp\/v2\/media\/246422"}],"wp:attachment":[{"href":"https:\/\/www.ocorreionews.com.br\/acervo-correio\/index.php?rest_route=%2Fwp%2Fv2%2Fmedia&parent=246576"}],"wp:term":[{"taxonomy":"category","embeddable":true,"href":"https:\/\/www.ocorreionews.com.br\/acervo-correio\/index.php?rest_route=%2Fwp%2Fv2%2Fcategories&post=246576"},{"taxonomy":"post_tag","embeddable":true,"href":"https:\/\/www.ocorreionews.com.br\/acervo-correio\/index.php?rest_route=%2Fwp%2Fv2%2Ftags&post=246576"}],"curies":[{"name":"wp","href":"https:\/\/api.w.org\/{rel}","templated":true}]}}