{"id":246586,"date":"2023-07-25T16:53:16","date_gmt":"2023-07-25T20:53:16","guid":{"rendered":"https:\/\/www.ocorreionews.com.br\/acervo-correio\/?p=246586"},"modified":"2023-07-25T16:53:16","modified_gmt":"2023-07-25T20:53:16","slug":"policia-civil-identifica-e-captura-autor-de-furtos-em-estabelecimentos-comerciais-em-costa-rica","status":"publish","type":"post","link":"https:\/\/www.ocorreionews.com.br\/acervo-correio\/?p=246586","title":{"rendered":"Pol\u00edcia Civil identifica e captura autor de furtos em estabelecimentos comerciais em Costa Rica"},"content":{"rendered":"<p>A Pol\u00edcia Civil, por meio da Se\u00e7\u00e3o de Investiga\u00e7\u00f5es Gerais (SIG) da Delegacia de Pol\u00edcia de Costa Rica, identificou e localizou um autor de furtos ocorridos no munic\u00edpio. Ap\u00f3s mais de 36 horas de dilig\u00eancias ininterruptas, foi poss\u00edvel capturar J.F.S, de 32 anos, respons\u00e1vel por tr\u00eas furtos ocorridos na madrugada do dia 23 de julho de 2023, em estabelecimentos comerciais localizados no centro de Costa Rica-MS.<\/p>\n<p>O autor estava em liberdade h\u00e1 poucos dias. Os objetos subtra\u00eddos foram apreendidos e ser\u00e3o restitu\u00eddos aos reais propriet\u00e1rios.<\/p>\n<p>A SIG da Delegacia de Pol\u00edcia de Costa Rica tem demonstrado resultados consistentes em praticamente todas as investiga\u00e7\u00f5es de crimes patrimoniais, o que evidencia o comprometimento e a dedica\u00e7\u00e3o da equipe de policiais envolvida nas a\u00e7\u00f5es de combate \u00e0 criminalidade na cidade.<\/p>\n<p>Ressalta-se que o trabalho da Pol\u00edcia Civil n\u00e3o seria poss\u00edvel sem a colabora\u00e7\u00e3o da popula\u00e7\u00e3o, que fornece informa\u00e7\u00f5es relevantes e contribui para o esclarecimento de crimes. A participa\u00e7\u00e3o ativa da comunidade \u00e9 essencial para fortalecer as investiga\u00e7\u00f5es, o que pode ser feita pelo telefone\/WhatsApp: (67) 3247 6500.<\/p>\n<p>A Pol\u00edcia Civil agradece a confian\u00e7a e o apoio da popula\u00e7\u00e3o e reafirma seu compromisso em trabalhar incansavelmente para combater a criminalidade, proteger o patrim\u00f4nio dos cidad\u00e3os e garantir a tranquilidade em Costa Rica.<\/p>\n<p>&nbsp;<\/p>\n<p>&nbsp;<\/p>\n<p>*Pol\u00edcia Civil<\/p>\n","protected":false},"excerpt":{"rendered":"<p>A Pol\u00edcia Civil, por meio da Se\u00e7\u00e3o de Investiga\u00e7\u00f5es Gerais (SIG) da Delegacia de Pol\u00edcia de Costa Rica, identificou e localizou um autor de furtos ocorridos no munic\u00edpio. Ap\u00f3s mais de 36 horas de dilig\u00eancias ininterruptas, foi poss\u00edvel capturar J.F.S, de 32 anos, respons\u00e1vel por tr\u00eas furtos ocorridos na madrugada do dia 23 de julho [&hellip;]<\/p>\n","protected":false},"author":5,"featured_media":246587,"comment_status":"closed","ping_status":"closed","sticky":false,"template":"","format":"standard","meta":{"footnotes":""},"categories":[25,38],"tags":[],"class_list":["post-246586","post","type-post","status-publish","format-standard","has-post-thumbnail","hentry","category-costa-rica","category-policia"],"_links":{"self":[{"href":"https:\/\/www.ocorreionews.com.br\/acervo-correio\/index.php?rest_route=\/wp\/v2\/posts\/246586","targetHints":{"allow":["GET"]}}],"collection":[{"href":"https:\/\/www.ocorreionews.com.br\/acervo-correio\/index.php?rest_route=\/wp\/v2\/posts"}],"about":[{"href":"https:\/\/www.ocorreionews.com.br\/acervo-correio\/index.php?rest_route=\/wp\/v2\/types\/post"}],"author":[{"embeddable":true,"href":"https:\/\/www.ocorreionews.com.br\/acervo-correio\/index.php?rest_route=\/wp\/v2\/users\/5"}],"replies":[{"embeddable":true,"href":"https:\/\/www.ocorreionews.com.br\/acervo-correio\/index.php?rest_route=%2Fwp%2Fv2%2Fcomments&post=246586"}],"version-history":[{"count":1,"href":"https:\/\/www.ocorreionews.com.br\/acervo-correio\/index.php?rest_route=\/wp\/v2\/posts\/246586\/revisions"}],"predecessor-version":[{"id":246588,"href":"https:\/\/www.ocorreionews.com.br\/acervo-correio\/index.php?rest_route=\/wp\/v2\/posts\/246586\/revisions\/246588"}],"wp:featuredmedia":[{"embeddable":true,"href":"https:\/\/www.ocorreionews.com.br\/acervo-correio\/index.php?rest_route=\/wp\/v2\/media\/246587"}],"wp:attachment":[{"href":"https:\/\/www.ocorreionews.com.br\/acervo-correio\/index.php?rest_route=%2Fwp%2Fv2%2Fmedia&parent=246586"}],"wp:term":[{"taxonomy":"category","embeddable":true,"href":"https:\/\/www.ocorreionews.com.br\/acervo-correio\/index.php?rest_route=%2Fwp%2Fv2%2Fcategories&post=246586"},{"taxonomy":"post_tag","embeddable":true,"href":"https:\/\/www.ocorreionews.com.br\/acervo-correio\/index.php?rest_route=%2Fwp%2Fv2%2Ftags&post=246586"}],"curies":[{"name":"wp","href":"https:\/\/api.w.org\/{rel}","templated":true}]}}