{"id":246591,"date":"2023-07-26T08:25:31","date_gmt":"2023-07-26T12:25:31","guid":{"rendered":"https:\/\/www.ocorreionews.com.br\/acervo-correio\/?p=246591"},"modified":"2023-07-26T08:25:31","modified_gmt":"2023-07-26T12:25:31","slug":"debutantes-2023-projeto-primavera-de-costa-rica-esta-com-inscricoes-abertas","status":"publish","type":"post","link":"https:\/\/www.ocorreionews.com.br\/acervo-correio\/?p=246591","title":{"rendered":"Debutantes 2023: Projeto Primavera de Costa Rica est\u00e1 com inscri\u00e7\u00f5es abertas"},"content":{"rendered":"<div class=\"ntc_cont_descricao_noticia sw_txteditor\">A Prefeitura de Costa Rica, por interm\u00e9dio da Secretaria de Assist\u00eancia Social, est\u00e1 com as inscri\u00e7\u00f5es abertas de 1\u00ba a 22 de agosto para o &#8220;Projeto Primavera&#8221; 2023. O projeto \u00e9 voltado para adolescentes nascidas no ano de 2008 e tem como meta direta atender 50 meninas. A a\u00e7\u00e3o principal do projeto \u00e9 a realiza\u00e7\u00e3o de oficinas socioeducativas, seguidas de um jantar com baile em estilo tradicional para debutantes.<\/p>\n<p>O baile est\u00e1 previsto para acontecer no dia 4 de novembro de 2023, um s\u00e1bado, no Centro de Conviv\u00eancia do Idoso, em Costa Rica.<\/p>\n<p>O Projeto Primavera tem como objetivo principal marcar essa fase de transi\u00e7\u00e3o na vida das adolescentes, por meio das oficinas socioeducativas e do baile de debutantes. Al\u00e9m das festividades relacionadas ao fato de completar 15 anos, o projeto busca despertar as adolescentes para a realidade da vida e seus desafios, buscando sua inser\u00e7\u00e3o na sociedade.<\/p>\n<p>O projeto est\u00e1 respaldado pela Lei Municipal 1.061, de 03 de agosto de 2011, e regulamentado pelo Decreto 4.014, de 09 de agosto de 2011. O objetivo do projeto \u00e9 fortalecer a conviv\u00eancia familiar e comunit\u00e1ria entre as debutantes, suas fam\u00edlias e a sociedade como um todo, al\u00e9m de prevenir situa\u00e7\u00f5es de risco social e uso de drogas. O projeto tamb\u00e9m promove uma festa de anivers\u00e1rio comunit\u00e1rio em estilo tradicional para as debutantes do munic\u00edpio de Costa Rica, que ocorrer\u00e1 no m\u00eas de novembro de 2023.<\/p>\n<p>A metodologia do projeto consiste em criar, ap\u00f3s o per\u00edodo de inscri\u00e7\u00e3o, um cronograma de atividades em conjunto com a equipe de Psic\u00f3logas e Assistentes Sociais da Secretaria de Assist\u00eancia Social e outros convidados. Ser\u00e3o eleitos temas a serem abordados nas oficinas, visando sempre fornecer informa\u00e7\u00f5es claras e seguras, fortalecendo o conv\u00edvio familiar e a viv\u00eancia em sociedade.<\/p>\n<p>Para participar do projeto, as adolescentes devem cumprir algumas normas estabelecidas pela Secretaria de Assist\u00eancia Social. Elas devem ser do sexo feminino, nascidas no ano de 2008, fazer as inscri\u00e7\u00f5es dentro do per\u00edodo estabelecido e apresentar documentos pessoais, como certid\u00e3o de nascimento, RG, CPF e carteirinha de vacina\u00e7\u00e3o atualizada. Al\u00e9m disso, \u00e9 necess\u00e1rio estar matriculada regularmente na rede de ensino e frequentar as aulas, ter pontualidade nas oficinas socioeducativas e n\u00e3o ser casada, amasiada ou possuir filhos.<\/p>\n<p>Os temas abordados nas oficinas incluem autoestima, comportamento na adolesc\u00eancia e sexualidade, drogas e \u00e1lcool, relacionamento interpessoal, import\u00e2ncia da perman\u00eancia na escola e na escolha da profiss\u00e3o, cuidados com o corpo e higiene pessoal, cuidados com a pele, maquiagem e cabelo, cuidados com a alimenta\u00e7\u00e3o, esclarecimento sobre a sa\u00fade da mulher, cidadania, oficinas de fomento \u00e0 cultura local e visitas a entidades, como o Lar das crian\u00e7as, Lar dos idosos, entre outras, que ser\u00e3o definidas posteriormente.<\/p>\n<p>De acordo com a secret\u00e1ria de Assist\u00eancia Social, Evair Gomes Nogueira, o Projeto Primavera \u00e9 uma iniciativa importante da Prefeitura de Costa Rica, que busca oferecer \u00e0s adolescentes do munic\u00edpio a oportunidade de vivenciar uma fase especial de suas vidas, enquanto promove a conscientiza\u00e7\u00e3o e o fortalecimento das rela\u00e7\u00f5es familiares e sociais. As inscri\u00e7\u00f5es est\u00e3o abertas e as interessadas devem procurar a Secretaria de Assist\u00eancia Social para mais informa\u00e7\u00f5es e realizar a inscri\u00e7\u00e3o.<\/p>\n<p>2022<\/p>\n<p>O Projeto Primavera de 2022 teve 52 inscri\u00e7\u00f5es e conseguiu atender 39 fam\u00edlias. No total, 39 debutantes conclu\u00edram o projeto, mas apenas 38 puderam participar do baile, devido a um luto na fam\u00edlia de uma das meninas. Foram convidados 390 convidados das debutantes, 114 convidados diversos, incluindo apoiadores do projeto, palestrantes, equipe de governos e autoridades, totalizando 504 convidados no evento. A fun\u00e7\u00e3o socioeducativa do projeto foi cumprida com sucesso, com todas as oficinas ocorrendo conforme o planejado.\n<\/p><\/div>\n<div class=\"ntc_area_info_noticia sw_lato\">\n<div>\n<div class=\"ntc_info_noticia\"><strong class=\"sw_lato_black\">Fonte: <\/strong>Assessoria de Comunica\u00e7\u00e3o \/ PMCR<\/div>\n<\/div>\n<\/div>\n","protected":false},"excerpt":{"rendered":"<p>A Prefeitura de Costa Rica, por interm\u00e9dio da Secretaria de Assist\u00eancia Social, est\u00e1 com as inscri\u00e7\u00f5es abertas de 1\u00ba a 22 de agosto para o &#8220;Projeto Primavera&#8221; 2023. O projeto \u00e9 voltado para adolescentes nascidas no ano de 2008 e tem como meta direta atender 50 meninas. A a\u00e7\u00e3o principal do projeto \u00e9 a realiza\u00e7\u00e3o [&hellip;]<\/p>\n","protected":false},"author":4,"featured_media":246625,"comment_status":"closed","ping_status":"closed","sticky":false,"template":"","format":"standard","meta":{"footnotes":""},"categories":[25],"tags":[],"class_list":["post-246591","post","type-post","status-publish","format-standard","has-post-thumbnail","hentry","category-costa-rica"],"_links":{"self":[{"href":"https:\/\/www.ocorreionews.com.br\/acervo-correio\/index.php?rest_route=\/wp\/v2\/posts\/246591","targetHints":{"allow":["GET"]}}],"collection":[{"href":"https:\/\/www.ocorreionews.com.br\/acervo-correio\/index.php?rest_route=\/wp\/v2\/posts"}],"about":[{"href":"https:\/\/www.ocorreionews.com.br\/acervo-correio\/index.php?rest_route=\/wp\/v2\/types\/post"}],"author":[{"embeddable":true,"href":"https:\/\/www.ocorreionews.com.br\/acervo-correio\/index.php?rest_route=\/wp\/v2\/users\/4"}],"replies":[{"embeddable":true,"href":"https:\/\/www.ocorreionews.com.br\/acervo-correio\/index.php?rest_route=%2Fwp%2Fv2%2Fcomments&post=246591"}],"version-history":[{"count":1,"href":"https:\/\/www.ocorreionews.com.br\/acervo-correio\/index.php?rest_route=\/wp\/v2\/posts\/246591\/revisions"}],"predecessor-version":[{"id":246626,"href":"https:\/\/www.ocorreionews.com.br\/acervo-correio\/index.php?rest_route=\/wp\/v2\/posts\/246591\/revisions\/246626"}],"wp:featuredmedia":[{"embeddable":true,"href":"https:\/\/www.ocorreionews.com.br\/acervo-correio\/index.php?rest_route=\/wp\/v2\/media\/246625"}],"wp:attachment":[{"href":"https:\/\/www.ocorreionews.com.br\/acervo-correio\/index.php?rest_route=%2Fwp%2Fv2%2Fmedia&parent=246591"}],"wp:term":[{"taxonomy":"category","embeddable":true,"href":"https:\/\/www.ocorreionews.com.br\/acervo-correio\/index.php?rest_route=%2Fwp%2Fv2%2Fcategories&post=246591"},{"taxonomy":"post_tag","embeddable":true,"href":"https:\/\/www.ocorreionews.com.br\/acervo-correio\/index.php?rest_route=%2Fwp%2Fv2%2Ftags&post=246591"}],"curies":[{"name":"wp","href":"https:\/\/api.w.org\/{rel}","templated":true}]}}