{"id":246607,"date":"2023-07-26T07:57:54","date_gmt":"2023-07-26T11:57:54","guid":{"rendered":"https:\/\/www.ocorreionews.com.br\/acervo-correio\/?p=246607"},"modified":"2023-07-26T07:57:54","modified_gmt":"2023-07-26T11:57:54","slug":"bombeiros-de-coxim-trabalham-por-mais-de-10-horas-para-socorrer-peao-no-pantanal","status":"publish","type":"post","link":"https:\/\/www.ocorreionews.com.br\/acervo-correio\/?p=246607","title":{"rendered":"Bombeiros de Coxim trabalham por mais de 10 horas para socorrer pe\u00e3o no Pantanal"},"content":{"rendered":"<p>Os militares do Corpo de Bombeiros de Coxim, subtenente Christofer Ostemberg e sargento Elouir Ant\u00f4nio Dutra, trabalharam por 10 horas, entre a noite de segunda-feira (24) e a madrugada de ter\u00e7a-feira (25), numa ocorr\u00eancia para socorrer um pe\u00e3o na fazenda Santa Maria, a 120 quil\u00f4metros daqui, j\u00e1 no munic\u00edpio de Corumb\u00e1 (MS).<\/p>\n<div class=\"imagem_noticia right img300_225\"><a href=\"http:\/\/www.edicaoms.com.br\/uploads\/images\/noticias\/bbcbb3f48f4288f039b2300f5d9b1e77.jpg\" data-lightbox=\"example-2\" data-title=\"Foto: Edi\u00e7\u00e3o MS\"><img decoding=\"async\" title=\"\" src=\"http:\/\/www.edicaoms.com.br\/uploads\/images\/noticias\/bbcbb3f48f4288f039b2300f5d9b1e77.jpg\" alt=\"\" \/><\/a><\/p>\n<div class=\"foto_legenda\">Foto: Edi\u00e7\u00e3o MS<\/div>\n<\/div>\n<p>Por volta das 13h30, Luiz M\u00e1rio Martinez de Carvalho, de 58 anos, caiu do cavalo e bateu com a cabe\u00e7a na cerca do mangueiro, ficando desacordado por v\u00e1rias horas. Depois de v\u00e1rias tentativas frustradas de resgate a\u00e9reo, os militares foram socorrer a v\u00edtima por estrada.<\/p>\n<p>Eles deixaram Coxim por volta das 18 horas e chegaram ao local as 22 horas. O pe\u00e3o ainda estava desmaiado, no local da queda. Eles imobilizaram a v\u00edtima, que estava com uma les\u00e3o na nuca, e transportaram at\u00e9 o Hospital Regional \u00c1lvaro Fontoura, em Coxim.<\/p>\n<p>Eles relatam que a volta foi um pouco mais demorada, devido a necessidade de cuidado com o transporte do pe\u00e3o, protegido por uma maca \u00e0 v\u00e1cuo. Quando chegaram no hospital, a v\u00edtima j\u00e1 estava retomando parte da consci\u00eancia e deu entrada para receber atendimento m\u00e9dico.<\/p>\n<p>Sheila Forato edi\u00e7\u00e3o ms<\/p>\n","protected":false},"excerpt":{"rendered":"<p>Os militares do Corpo de Bombeiros de Coxim, subtenente Christofer Ostemberg e sargento Elouir Ant\u00f4nio Dutra, trabalharam por 10 horas, entre a noite de segunda-feira (24) e a madrugada de ter\u00e7a-feira (25), numa ocorr\u00eancia para socorrer um pe\u00e3o na fazenda Santa Maria, a 120 quil\u00f4metros daqui, j\u00e1 no munic\u00edpio de Corumb\u00e1 (MS). Foto: Edi\u00e7\u00e3o MS [&hellip;]<\/p>\n","protected":false},"author":4,"featured_media":246609,"comment_status":"closed","ping_status":"closed","sticky":false,"template":"","format":"standard","meta":{"footnotes":""},"categories":[38],"tags":[],"class_list":["post-246607","post","type-post","status-publish","format-standard","has-post-thumbnail","hentry","category-policia"],"_links":{"self":[{"href":"https:\/\/www.ocorreionews.com.br\/acervo-correio\/index.php?rest_route=\/wp\/v2\/posts\/246607","targetHints":{"allow":["GET"]}}],"collection":[{"href":"https:\/\/www.ocorreionews.com.br\/acervo-correio\/index.php?rest_route=\/wp\/v2\/posts"}],"about":[{"href":"https:\/\/www.ocorreionews.com.br\/acervo-correio\/index.php?rest_route=\/wp\/v2\/types\/post"}],"author":[{"embeddable":true,"href":"https:\/\/www.ocorreionews.com.br\/acervo-correio\/index.php?rest_route=\/wp\/v2\/users\/4"}],"replies":[{"embeddable":true,"href":"https:\/\/www.ocorreionews.com.br\/acervo-correio\/index.php?rest_route=%2Fwp%2Fv2%2Fcomments&post=246607"}],"version-history":[{"count":1,"href":"https:\/\/www.ocorreionews.com.br\/acervo-correio\/index.php?rest_route=\/wp\/v2\/posts\/246607\/revisions"}],"predecessor-version":[{"id":246610,"href":"https:\/\/www.ocorreionews.com.br\/acervo-correio\/index.php?rest_route=\/wp\/v2\/posts\/246607\/revisions\/246610"}],"wp:featuredmedia":[{"embeddable":true,"href":"https:\/\/www.ocorreionews.com.br\/acervo-correio\/index.php?rest_route=\/wp\/v2\/media\/246609"}],"wp:attachment":[{"href":"https:\/\/www.ocorreionews.com.br\/acervo-correio\/index.php?rest_route=%2Fwp%2Fv2%2Fmedia&parent=246607"}],"wp:term":[{"taxonomy":"category","embeddable":true,"href":"https:\/\/www.ocorreionews.com.br\/acervo-correio\/index.php?rest_route=%2Fwp%2Fv2%2Fcategories&post=246607"},{"taxonomy":"post_tag","embeddable":true,"href":"https:\/\/www.ocorreionews.com.br\/acervo-correio\/index.php?rest_route=%2Fwp%2Fv2%2Ftags&post=246607"}],"curies":[{"name":"wp","href":"https:\/\/api.w.org\/{rel}","templated":true}]}}