{"id":246615,"date":"2023-07-26T08:12:17","date_gmt":"2023-07-26T12:12:17","guid":{"rendered":"https:\/\/www.ocorreionews.com.br\/acervo-correio\/?p=246615"},"modified":"2023-07-26T08:13:14","modified_gmt":"2023-07-26T12:13:14","slug":"246615-2","status":"publish","type":"post","link":"https:\/\/www.ocorreionews.com.br\/acervo-correio\/?p=246615","title":{"rendered":"Covid mata mais tr\u00eas em MS; beb\u00ea de cinco meses est\u00e1 entre as v\u00edtimas"},"content":{"rendered":"<p>Boletim epidemiol\u00f3gico divulgado nesta ter\u00e7a-feira (25\/7) aponta para a morte de tr\u00eas pessoas em Mato Grosso do Sul em decorr\u00eancia da Covid-19.<\/p>\n<p>Entre as v\u00edtimas est\u00e3o\u00a0um beb\u00ea de cinco meses, do sexo masculino, morador em Novo Horizonte do Sul e\u00a0com registro de doen\u00e7a cardiovascular, al\u00e9m de duas idosas, de 67 e 91 anos, residentes em Aquidauana e Campo Grande, respectivamente.<\/p>\n<div id=\"taboola-mid-article\" class=\"d-print-none my-3\"><\/div>\n<p>Com os novos dados, o Estado soma agora 11.084 \u00f3bitos e 615.254 casos confirmados do coronav\u00edrus.<\/p>\n<p>Segundo a SES (Secretaria de Estado de Sa\u00fade), o n\u00famero de pessoas infectadas na \u00faltima semana foi de 72 e destes, seis ocorreram em Dourados.<\/p>\n<p>Desde o in\u00edcio de 2013, Mato Grosso do Sul registrou 22.045 testes positivos para a doen\u00e7a, levando a uma taxa de incid\u00eancia de 776,5 pessoas para cada grupo de 100 mil habitantes, a menor desde decretada a\u00a0pandemia, em 2020.<\/p>\n<p>J\u00e1 os mortos chegam a 147 durante o ano no Estado, taxa de letalidade de 0,7%, com mortalidade de 5,2 no mesmo grupo de 100 mil.<\/p>\n<p>Douradosnews<\/p>\n","protected":false},"excerpt":{"rendered":"<p>Boletim epidemiol\u00f3gico divulgado nesta ter\u00e7a-feira (25\/7) aponta para a morte de tr\u00eas pessoas em Mato Grosso do Sul em decorr\u00eancia da Covid-19. Entre as v\u00edtimas est\u00e3o\u00a0um beb\u00ea de cinco meses, do sexo masculino, morador em Novo Horizonte do Sul e\u00a0com registro de doen\u00e7a cardiovascular, al\u00e9m de duas idosas, de 67 e 91 anos, residentes em [&hellip;]<\/p>\n","protected":false},"author":4,"featured_media":191531,"comment_status":"closed","ping_status":"closed","sticky":false,"template":"","format":"standard","meta":{"footnotes":""},"categories":[39],"tags":[],"class_list":["post-246615","post","type-post","status-publish","format-standard","has-post-thumbnail","hentry","category-saude"],"_links":{"self":[{"href":"https:\/\/www.ocorreionews.com.br\/acervo-correio\/index.php?rest_route=\/wp\/v2\/posts\/246615","targetHints":{"allow":["GET"]}}],"collection":[{"href":"https:\/\/www.ocorreionews.com.br\/acervo-correio\/index.php?rest_route=\/wp\/v2\/posts"}],"about":[{"href":"https:\/\/www.ocorreionews.com.br\/acervo-correio\/index.php?rest_route=\/wp\/v2\/types\/post"}],"author":[{"embeddable":true,"href":"https:\/\/www.ocorreionews.com.br\/acervo-correio\/index.php?rest_route=\/wp\/v2\/users\/4"}],"replies":[{"embeddable":true,"href":"https:\/\/www.ocorreionews.com.br\/acervo-correio\/index.php?rest_route=%2Fwp%2Fv2%2Fcomments&post=246615"}],"version-history":[{"count":2,"href":"https:\/\/www.ocorreionews.com.br\/acervo-correio\/index.php?rest_route=\/wp\/v2\/posts\/246615\/revisions"}],"predecessor-version":[{"id":246618,"href":"https:\/\/www.ocorreionews.com.br\/acervo-correio\/index.php?rest_route=\/wp\/v2\/posts\/246615\/revisions\/246618"}],"wp:featuredmedia":[{"embeddable":true,"href":"https:\/\/www.ocorreionews.com.br\/acervo-correio\/index.php?rest_route=\/wp\/v2\/media\/191531"}],"wp:attachment":[{"href":"https:\/\/www.ocorreionews.com.br\/acervo-correio\/index.php?rest_route=%2Fwp%2Fv2%2Fmedia&parent=246615"}],"wp:term":[{"taxonomy":"category","embeddable":true,"href":"https:\/\/www.ocorreionews.com.br\/acervo-correio\/index.php?rest_route=%2Fwp%2Fv2%2Fcategories&post=246615"},{"taxonomy":"post_tag","embeddable":true,"href":"https:\/\/www.ocorreionews.com.br\/acervo-correio\/index.php?rest_route=%2Fwp%2Fv2%2Ftags&post=246615"}],"curies":[{"name":"wp","href":"https:\/\/api.w.org\/{rel}","templated":true}]}}