{"id":246619,"date":"2023-07-26T08:23:16","date_gmt":"2023-07-26T12:23:16","guid":{"rendered":"https:\/\/www.ocorreionews.com.br\/acervo-correio\/?p=246619"},"modified":"2023-07-26T08:23:16","modified_gmt":"2023-07-26T12:23:16","slug":"prefeitura-de-costa-rica-e-governo-do-ms-entregam-33-unidades-habitacionais-e-garantem-o-sonho-da-casa-propria","status":"publish","type":"post","link":"https:\/\/www.ocorreionews.com.br\/acervo-correio\/?p=246619","title":{"rendered":"Prefeitura de Costa Rica e Governo do MS entregam 33 unidades habitacionais e garantem o sonho da casa pr\u00f3pria"},"content":{"rendered":"<div class=\"ntc_cont_descricao_noticia sw_txteditor\">Nesta ter\u00e7a-feira, 25 de julho, foi realizada a entrega de 33 unidades habitacionais no Residencial Flor do Cerrado, em Costa Rica. O evento marcou a concretiza\u00e7\u00e3o do sonho da casa pr\u00f3pria para 33 fam\u00edlias costarriquenses e mais de 150 pessoas, gra\u00e7as \u00e0 parceria entre a Prefeitura de Costa Rica, o Governo do Estado de Mato Grosso do Sul, por meio da SEILOG (Secretaria de Estado de Infraestrutura e Log\u00edstica), e a Agehab (Ag\u00eancia de Habita\u00e7\u00e3o Popular de Mato Grosso do Sul), atrav\u00e9s do Programa Habitacional de Baixa Renda.<\/div>\n<div class=\"ntc_cont_descricao_noticia sw_txteditor\">\u00a0 <img loading=\"lazy\" decoding=\"async\" class=\"alignnone size-full wp-image-246623\" src=\"https:\/\/www.ocorreionews.com.br\/acervo-correio\/wp-content\/uploads\/2023\/07\/entega-de-casas4.jpg\" alt=\"\" width=\"800\" height=\"600\" srcset=\"https:\/\/www.ocorreionews.com.br\/acervo-correio\/wp-content\/uploads\/2023\/07\/entega-de-casas4.jpg 800w, https:\/\/www.ocorreionews.com.br\/acervo-correio\/wp-content\/uploads\/2023\/07\/entega-de-casas4-300x225.jpg 300w, https:\/\/www.ocorreionews.com.br\/acervo-correio\/wp-content\/uploads\/2023\/07\/entega-de-casas4-768x576.jpg 768w, https:\/\/www.ocorreionews.com.br\/acervo-correio\/wp-content\/uploads\/2023\/07\/entega-de-casas4-86x64.jpg 86w\" sizes=\"auto, (max-width: 800px) 100vw, 800px\" \/><\/p>\n<p>O prefeito municipal, delegado Cleverson Alves dos Santos ressaltou a import\u00e2ncia desses investimentos em habita\u00e7\u00e3o para Costa Rica: &#8220;A entrega dessas unidades habitacionais \u00e9 um marco para o nosso munic\u00edpio. Com o apoio do Governo do Estado e a parceria com a Agehab, conseguimos fazer esse investimento em moradia, que \u00e9 fundamental para a dignidade e qualidade de vida da popula\u00e7\u00e3o. Continuaremos trabalhando para proporcionar mais oportunidades e melhorias para todos&#8221;.<br \/>\n<img loading=\"lazy\" decoding=\"async\" class=\"alignnone size-full wp-image-246622\" src=\"https:\/\/www.ocorreionews.com.br\/acervo-correio\/wp-content\/uploads\/2023\/07\/entega-de-casas3.jpg\" alt=\"\" width=\"800\" height=\"600\" srcset=\"https:\/\/www.ocorreionews.com.br\/acervo-correio\/wp-content\/uploads\/2023\/07\/entega-de-casas3.jpg 800w, https:\/\/www.ocorreionews.com.br\/acervo-correio\/wp-content\/uploads\/2023\/07\/entega-de-casas3-300x225.jpg 300w, https:\/\/www.ocorreionews.com.br\/acervo-correio\/wp-content\/uploads\/2023\/07\/entega-de-casas3-768x576.jpg 768w, https:\/\/www.ocorreionews.com.br\/acervo-correio\/wp-content\/uploads\/2023\/07\/entega-de-casas3-86x64.jpg 86w\" sizes=\"auto, (max-width: 800px) 100vw, 800px\" \/><br \/>\nA representante do governo do estado e diretora-presidente da Agehab\/MS, Maria do Carmo Avesani destacou a import\u00e2ncia da parceria com a prefeitura de Costa Rica na constru\u00e7\u00e3o de moradias dignas para 33 fam\u00edlias, reduzindo a desigualdade social e proporcionando seguran\u00e7a. Ela parabenizou a equipe pelo cuidado na sele\u00e7\u00e3o das fam\u00edlias mais necessitadas e ressaltou a prioridade do governador na quest\u00e3o habitacional. \u201cA parceria entre o munic\u00edpio e o governo do estado est\u00e1 tornando realidade o sonho de 33 fam\u00edlias em ter uma casa pr\u00f3pria, beneficiando mais de 150 pessoas. Essa conquista \u00e9 resultado do comprometimento do governador Eduardo Riedel e do prefeito Cleverson Alves com a habita\u00e7\u00e3o, proporcionando condi\u00e7\u00f5es de moradia digna e com infraestrutura de qualidade. A fam\u00edlia que mora bem tem mais sa\u00fade, melhor educa\u00e7\u00e3o e dignidade\u201d, disse.<\/p>\n<p>Cada unidade habitacional possui 42,56 metros quadrados, com sala, cozinha, dois quartos, banheiro e \u00e1rea de servi\u00e7os. O custo total da constru\u00e7\u00e3o foi de R$ 2.388.355,52, sendo 50% financiado por cada ente conveniado. A empresa respons\u00e1vel pela execu\u00e7\u00e3o da obra foi a Trento Solu\u00e7\u00f5es em Constru\u00e7\u00f5es Ltda, de Campo Grande\/MS. Todo o processo de fiscaliza\u00e7\u00e3o foi realizado pelo Departamento de Engenharia do Munic\u00edpio, vinculado \u00e0 Secretaria Municipal de Transportes, Urbaniza\u00e7\u00e3o e Obras P\u00fablicas.<br \/>\n<img loading=\"lazy\" decoding=\"async\" class=\"alignnone size-full wp-image-246620\" src=\"https:\/\/www.ocorreionews.com.br\/acervo-correio\/wp-content\/uploads\/2023\/07\/entega-de-casas.jpg\" alt=\"\" width=\"800\" height=\"600\" srcset=\"https:\/\/www.ocorreionews.com.br\/acervo-correio\/wp-content\/uploads\/2023\/07\/entega-de-casas.jpg 800w, https:\/\/www.ocorreionews.com.br\/acervo-correio\/wp-content\/uploads\/2023\/07\/entega-de-casas-300x225.jpg 300w, https:\/\/www.ocorreionews.com.br\/acervo-correio\/wp-content\/uploads\/2023\/07\/entega-de-casas-768x576.jpg 768w, https:\/\/www.ocorreionews.com.br\/acervo-correio\/wp-content\/uploads\/2023\/07\/entega-de-casas-86x64.jpg 86w\" sizes=\"auto, (max-width: 800px) 100vw, 800px\" \/><br \/>\nA secret\u00e1ria de Assist\u00eancia Social, Evair Gomes Nogueira, ressaltou o objetivo do programa habitacional e o criterioso processo de sele\u00e7\u00e3o dos beneficiados: &#8220;O objetivo principal desse programa \u00e9 proporcionar moradia digna para as fam\u00edlias de baixa renda. Atendemos idosos, pessoas com Defici\u00eancia e os inscritos na ampla concorr\u00eancia. \u00c9 uma forma justa de garantir o acesso \u00e0 moradia para todos. Expressou gratid\u00e3o a Deus por conceder coragem e determina\u00e7\u00e3o para superar a burocracia e concretizar o sonho da casa pr\u00f3pria para mais 33 fam\u00edlias. Destacou a import\u00e2ncia do momento para quem j\u00e1 passou por tantas dificuldades habitacionais, ressaltando que ter um lar traz qualidade de vida e independ\u00eancia para as fam\u00edlias\u201d.<\/p>\n<p>O vice-prefeito de Costa Rica, Roni Cota, destacou a import\u00e2ncia dessa conquista para a popula\u00e7\u00e3o local: &#8220;Estamos muito felizes em entregar essas unidades habitacionais para as fam\u00edlias de Costa Rica. Sabemos que a moradia \u00e9 um direito b\u00e1sico e essencial para o desenvolvimento social e econ\u00f4mico das pessoas. Com essa parceria e investimento, conseguimos garantir o sonho da casa pr\u00f3pria e proporcionar uma vida melhor para essas fam\u00edlias&#8221;.<\/p>\n<p>O processo de constru\u00e7\u00e3o teve in\u00edcio em 20 de junho de 2022 e foi conclu\u00eddo em 03 de julho de 2023, dentro do prazo estabelecido. A entrega das chaves e o ingresso dos novos moradores nas unidades habitacionais representam a concretiza\u00e7\u00e3o de um sonho para essas fam\u00edlias e significam uma melhoria significativa em suas condi\u00e7\u00f5es de vida.<\/p>\n<p>O presidente do Legislativo, Ailton Martins de Amorim enalteceu duas pessoas como refer\u00eancia nos processos de habita\u00e7\u00e3o, Maria do Carmo Avesani da Agehab\/MS e Ant\u00f4nio F\u00e9lix Rodrigues da Secretaria de Assist\u00eancia Social. Disse que o maior sonho de uma fam\u00edlia \u00e9 o lar. Parabenizou a gest\u00e3o do prefeito Cleverson Alves e a gestora Evair Gomes Nogueira pelas realiza\u00e7\u00f5es de moradia popular e destacou que a C\u00e2mara de Vereadores est\u00e1 \u00e0 disposi\u00e7\u00e3o para aprovar o que for bom para o povo costarriquense.<\/p>\n<p>Representando todos os novos moradores, Aurenice Ferreira Alves Dos Santos foi enf\u00e1tica ao afirmar: \u201cO mais importante de uma fam\u00edlia \u00e9 a casa pr\u00f3pria. Vou sair do aluguel e agora vou investir em uma melhor alimenta\u00e7\u00e3o para mim e minha fam\u00edlia. Agrade\u00e7o a Deus, a gest\u00e3o do prefeito Cleverson Alves e ao Governo do estado e os demais parceiros pela realiza\u00e7\u00e3o desse sonho de todos e por ter um olhar voltado para valorizar o social\u201d. Ela chorou de emo\u00e7\u00e3o ao receber as chaves da sua casa pr\u00f3pria.<\/p>\n<p>Com a entrega dessas 33 unidades habitacionais, Costa Rica d\u00e1 um passo importante na garantia de moradia digna para as fam\u00edlias de baixa renda, cumprindo seu papel de promover o desenvolvimento social e econ\u00f4mico do munic\u00edpio.<\/p>\n<p>Regiane Ant\u00f4nia da Rocha Matoso, moradora feliz da nova casa \u00e0 Rua Merc\u00fario, 462, expressou sua gratid\u00e3o ao prefeito Cleverson e o Governador Eduardo Riedel pela conquista da casa pr\u00f3pria. \u201cEstou muito feliz, planejo cuidar da minha fam\u00edlia nessa casa com carinho e realizar as melhorias necess\u00e1rias. \u00c9 um sonho realizado\u201d, disse.<\/p>\n<p>Tamb\u00e9m estiveram presentes \u00e0 a\u00e7\u00e3o, o administrador da Par\u00f3quia Santo Ant\u00f4nio, padre Jos\u00e9 da Silva que deu uma ben\u00e7\u00e3o especial e o pastor da Igreja Presbiteriana Independente, Osmar Gomes que realizou uma ora\u00e7\u00e3o ecum\u00eanica, al\u00e9m da vice-presidente da C\u00e2mara de Vereadores Rosangela Mar\u00e7al Paes; Vereadores Evaldo Paulino Garcia, Adair Tiago de Oliveira e Waldomiro Bocalan (Biri); o prefeito de Para\u00edso das \u00c1guas, An\u00edzio Sobrinho de Andrade; a secret\u00e1ria de Pol\u00edticas P\u00fablicas para as Mulheres e 1\u00aa dama, M\u00e1rcia Alves; o secret\u00e1rio de Administra\u00e7\u00e3o, Finan\u00e7as, Planejamento, Receita e Controle, Uriel Carvalho de Oliveira; o secret\u00e1rio de Turismo, Meio Ambiente, Esporte e Cultura, Jo\u00e3o Carlos Candido Rocha; o secret\u00e1rio de Agricultura e Desenvolvimento, Fernando Barbosa Martins; a secret\u00e1ria de Educa\u00e7\u00e3o, Maria Aparecida Francisca de Souza Almeida; o secret\u00e1rio de Obras P\u00fablicas, Penides Garcia Jacinto; o secret\u00e1rio de Sa\u00fade, Jovenaldo Francisco dos Santos; a subsecret\u00e1ria de Administra\u00e7\u00e3o, Dhiully\u00a0Gargantini Luglio; o subsecret\u00e1rio de Desenvolvimento, Airton Ruiz Pereira; o gestor do (DEMUTRAN)\u00a0\u2013 Departamento de Tr\u00e2nsito de Costa Rica, Abrao Santana Barbosa; o diretor-geral do (SAAE) Servi\u00e7o de \u00c1gua e Esgoto, Cesarino Candido Narcizo; o diretor do Detran\/MS, Limiro Paulino Neto; o tenente da Pol\u00edcia Militar, Mendes e o subtenente, Ricardo; o sargento da Pol\u00edcia Militar, Barbosa, entre outras.\n<\/p><\/div>\n<div class=\"ntc_area_info_noticia sw_lato\">\n<div>\n<div class=\"ntc_info_noticia\"><strong class=\"sw_lato_black\">Fonte: <\/strong>Assessoria de Comunica\u00e7\u00e3o \/ PMCR<\/div>\n<div class=\"ntc_info_noticia\"><strong class=\"sw_lato_black\">Autor: <\/strong>Silvestre de Castro &#8211;<\/div>\n<\/div>\n<\/div>\n","protected":false},"excerpt":{"rendered":"<p>Nesta ter\u00e7a-feira, 25 de julho, foi realizada a entrega de 33 unidades habitacionais no Residencial Flor do Cerrado, em Costa Rica. O evento marcou a concretiza\u00e7\u00e3o do sonho da casa pr\u00f3pria para 33 fam\u00edlias costarriquenses e mais de 150 pessoas, gra\u00e7as \u00e0 parceria entre a Prefeitura de Costa Rica, o Governo do Estado de Mato [&hellip;]<\/p>\n","protected":false},"author":4,"featured_media":246621,"comment_status":"closed","ping_status":"closed","sticky":false,"template":"","format":"standard","meta":{"footnotes":""},"categories":[25,41],"tags":[],"class_list":["post-246619","post","type-post","status-publish","format-standard","has-post-thumbnail","hentry","category-costa-rica","category-destaque"],"_links":{"self":[{"href":"https:\/\/www.ocorreionews.com.br\/acervo-correio\/index.php?rest_route=\/wp\/v2\/posts\/246619","targetHints":{"allow":["GET"]}}],"collection":[{"href":"https:\/\/www.ocorreionews.com.br\/acervo-correio\/index.php?rest_route=\/wp\/v2\/posts"}],"about":[{"href":"https:\/\/www.ocorreionews.com.br\/acervo-correio\/index.php?rest_route=\/wp\/v2\/types\/post"}],"author":[{"embeddable":true,"href":"https:\/\/www.ocorreionews.com.br\/acervo-correio\/index.php?rest_route=\/wp\/v2\/users\/4"}],"replies":[{"embeddable":true,"href":"https:\/\/www.ocorreionews.com.br\/acervo-correio\/index.php?rest_route=%2Fwp%2Fv2%2Fcomments&post=246619"}],"version-history":[{"count":1,"href":"https:\/\/www.ocorreionews.com.br\/acervo-correio\/index.php?rest_route=\/wp\/v2\/posts\/246619\/revisions"}],"predecessor-version":[{"id":246624,"href":"https:\/\/www.ocorreionews.com.br\/acervo-correio\/index.php?rest_route=\/wp\/v2\/posts\/246619\/revisions\/246624"}],"wp:featuredmedia":[{"embeddable":true,"href":"https:\/\/www.ocorreionews.com.br\/acervo-correio\/index.php?rest_route=\/wp\/v2\/media\/246621"}],"wp:attachment":[{"href":"https:\/\/www.ocorreionews.com.br\/acervo-correio\/index.php?rest_route=%2Fwp%2Fv2%2Fmedia&parent=246619"}],"wp:term":[{"taxonomy":"category","embeddable":true,"href":"https:\/\/www.ocorreionews.com.br\/acervo-correio\/index.php?rest_route=%2Fwp%2Fv2%2Fcategories&post=246619"},{"taxonomy":"post_tag","embeddable":true,"href":"https:\/\/www.ocorreionews.com.br\/acervo-correio\/index.php?rest_route=%2Fwp%2Fv2%2Ftags&post=246619"}],"curies":[{"name":"wp","href":"https:\/\/api.w.org\/{rel}","templated":true}]}}