{"id":246627,"date":"2023-07-26T13:17:14","date_gmt":"2023-07-26T17:17:14","guid":{"rendered":"https:\/\/www.ocorreionews.com.br\/acervo-correio\/?p=246627"},"modified":"2023-07-26T13:17:14","modified_gmt":"2023-07-26T17:17:14","slug":"costa-rica-divulga-resultado-final-do-processo-seletivo-para-diretores-das-escolas-da-reme","status":"publish","type":"post","link":"https:\/\/www.ocorreionews.com.br\/acervo-correio\/?p=246627","title":{"rendered":"Costa Rica divulga resultado final do processo seletivo para diretores das escolas da REME"},"content":{"rendered":"<div class=\"ntc_cont_descricao_noticia sw_txteditor\">No Di\u00e1rio Oficial da \u00faltima ter\u00e7a-feira (25), edi\u00e7\u00e3o n\u00ba <a href=\"https:\/\/www.costarica.ms.gov.br\/portal\/diario-oficial\/ver\/3648\">3504<\/a>, foi divulgado o resultado final das provas (escrita objetiva + t\u00edtulos) do Processo Seletivo aberto atrav\u00e9s do Edital n\u00ba 001\/2023, de escolha e provimento da fun\u00e7\u00e3o de diretores escolar das institui\u00e7\u00f5es p\u00fablicas no \u00e2mbito da rede municipal de ensino de Costa Rica\/MS.<\/p>\n<p>O prefeito de Costa Rica, delegado Cleverson Alves dos Santos, ressalta a import\u00e2ncia desse processo seletivo para a melhoria da educa\u00e7\u00e3o no munic\u00edpio. Ele destaca que a gest\u00e3o escolar \u00e9 um fator determinante para o sucesso dos alunos e que a escolha de diretores qualificados \u00e9 fundamental para alcan\u00e7ar esse objetivo.<\/p>\n<p>J\u00e1 a secret\u00e1ria de Educa\u00e7\u00e3o Maria Aparecida Francisca de Souza de Almeida, tamb\u00e9m enfatiza a relev\u00e2ncia desse processo seletivo como forma de valorizar os profissionais da \u00e1rea da educa\u00e7\u00e3o e garantir uma gest\u00e3o escolar que promova a melhoria cont\u00ednua das institui\u00e7\u00f5es.<\/p>\n<p>Essa iniciativa \u00e9 da Prefeitura de Costa Rica, por interm\u00e9dio da Secretaria Municipal de Educa\u00e7\u00e3o (SEMED), e tem como objetivo selecionar profissionais capacitados para exercerem o cargo de diretor escolar nas institui\u00e7\u00f5es de ensino da rede municipal.<\/p>\n<p>A import\u00e2ncia desse processo seletivo est\u00e1 relacionada \u00e0 necessidade de garantir uma gest\u00e3o escolar eficiente e comprometida com a qualidade do ensino, uma vez que o diretor \u00e9 pe\u00e7a fundamental nesse processo. Al\u00e9m disso, a escolha dos diretores por meio de um processo seletivo transparente e criterioso contribui para evitar indica\u00e7\u00f5es pol\u00edticas e garantir a meritocracia.<\/p>\n<p>A lista dos diretores escolares classificados \u00e9 composta por 26 profissionais, apresentando uma diversidade de nomes e experi\u00eancias. Entre os classificados, destacam-se Deuszelia Aparecida de Souza Menezes em primeiro lugar, seguida por Wesly Custodio Ferreira em segundo, Deisi Steinhorst em terceiro, Lilian Cristina Dias dos Santos em quarto e Deborah Yane Pinheiro dos Santos em quinto lugar.<\/p>\n<p>Os demais classificados s\u00e3o: Aline Manchado, Rute Carolina Santana, Adriana Aparecida dos Santos, Maiany Carvalho Martins, Winnie Reiller da Silva, Elisabete de Assis Alves Dias, Eunice da Silva Rosa, Andressa Santos de Almeida Vilela, Elisangela Almeida Carneiro, Tania Regina dos Santos Godoy Correa Godoy, Virginia Oliveira de Lima, Egiane Borges de Souza, Mara Urbano da Silva, Delzeir Maria da Silva, Irenilda Teodoro de Carvalho, Katia Meire Moreira, Sandey Beteti, Alzimar Campos da Cruz, Rozilaine Aparecida Correa, Angelica de Souza Vargas e Simone Correa Menezes.<\/p>\n<p>Esses profissionais ser\u00e3o respons\u00e1veis pela gest\u00e3o das escolas municipais, visando a promo\u00e7\u00e3o de um ambiente educacional adequado, com foco na aprendizagem dos alunos e na qualidade do ensino oferecido. A expectativa \u00e9 de que, com a escolha desses diretores qualificados, haja uma melhoria significativa na gest\u00e3o escolar e, consequentemente, nos resultados educacionais do munic\u00edpio de Costa Rica\/MS.<\/p>\n<\/div>\n<div class=\"ntc_area_info_noticia sw_lato\">\n<div>\n<div class=\"ntc_info_noticia\"><strong class=\"sw_lato_black\">Fonte: <\/strong>Assessoria de Comunica\u00e7\u00e3o \/ PMCR<\/div>\n<\/div>\n<\/div>\n","protected":false},"excerpt":{"rendered":"<p>No Di\u00e1rio Oficial da \u00faltima ter\u00e7a-feira (25), edi\u00e7\u00e3o n\u00ba 3504, foi divulgado o resultado final das provas (escrita objetiva + t\u00edtulos) do Processo Seletivo aberto atrav\u00e9s do Edital n\u00ba 001\/2023, de escolha e provimento da fun\u00e7\u00e3o de diretores escolar das institui\u00e7\u00f5es p\u00fablicas no \u00e2mbito da rede municipal de ensino de Costa Rica\/MS. O prefeito de [&hellip;]<\/p>\n","protected":false},"author":4,"featured_media":246630,"comment_status":"closed","ping_status":"closed","sticky":false,"template":"","format":"standard","meta":{"footnotes":""},"categories":[25,27],"tags":[],"class_list":["post-246627","post","type-post","status-publish","format-standard","has-post-thumbnail","hentry","category-costa-rica","category-educacao"],"_links":{"self":[{"href":"https:\/\/www.ocorreionews.com.br\/acervo-correio\/index.php?rest_route=\/wp\/v2\/posts\/246627","targetHints":{"allow":["GET"]}}],"collection":[{"href":"https:\/\/www.ocorreionews.com.br\/acervo-correio\/index.php?rest_route=\/wp\/v2\/posts"}],"about":[{"href":"https:\/\/www.ocorreionews.com.br\/acervo-correio\/index.php?rest_route=\/wp\/v2\/types\/post"}],"author":[{"embeddable":true,"href":"https:\/\/www.ocorreionews.com.br\/acervo-correio\/index.php?rest_route=\/wp\/v2\/users\/4"}],"replies":[{"embeddable":true,"href":"https:\/\/www.ocorreionews.com.br\/acervo-correio\/index.php?rest_route=%2Fwp%2Fv2%2Fcomments&post=246627"}],"version-history":[{"count":1,"href":"https:\/\/www.ocorreionews.com.br\/acervo-correio\/index.php?rest_route=\/wp\/v2\/posts\/246627\/revisions"}],"predecessor-version":[{"id":246666,"href":"https:\/\/www.ocorreionews.com.br\/acervo-correio\/index.php?rest_route=\/wp\/v2\/posts\/246627\/revisions\/246666"}],"wp:featuredmedia":[{"embeddable":true,"href":"https:\/\/www.ocorreionews.com.br\/acervo-correio\/index.php?rest_route=\/wp\/v2\/media\/246630"}],"wp:attachment":[{"href":"https:\/\/www.ocorreionews.com.br\/acervo-correio\/index.php?rest_route=%2Fwp%2Fv2%2Fmedia&parent=246627"}],"wp:term":[{"taxonomy":"category","embeddable":true,"href":"https:\/\/www.ocorreionews.com.br\/acervo-correio\/index.php?rest_route=%2Fwp%2Fv2%2Fcategories&post=246627"},{"taxonomy":"post_tag","embeddable":true,"href":"https:\/\/www.ocorreionews.com.br\/acervo-correio\/index.php?rest_route=%2Fwp%2Fv2%2Ftags&post=246627"}],"curies":[{"name":"wp","href":"https:\/\/api.w.org\/{rel}","templated":true}]}}