{"id":246629,"date":"2023-07-26T08:59:15","date_gmt":"2023-07-26T12:59:15","guid":{"rendered":"https:\/\/www.ocorreionews.com.br\/acervo-correio\/?p=246629"},"modified":"2023-07-26T08:59:15","modified_gmt":"2023-07-26T12:59:15","slug":"em-costa-rica-prefeito-anizio-participa-de-entrega-de-casas-do-programa-habitacional-de-baixa-renda","status":"publish","type":"post","link":"https:\/\/www.ocorreionews.com.br\/acervo-correio\/?p=246629","title":{"rendered":"Em Costa Rica, prefeito An\u00edzio participa de entrega de casas do Programa Habitacional de Baixa Renda"},"content":{"rendered":"<div class=\"leitura\">\n<p>O prefeito de Para\u00edso das \u00c1guas, An\u00edzio Andrade, participou ontem (25), em Costa Rica, da entrega de 33 unidades habitacionais no Residencial Flor do Cerrado. As casas populares tornaram-se realidade gra\u00e7as a parceria entre Prefeitura de Costa Rica, Governo do Estado de Mato Grosso do Sul e Agehab (Ag\u00eancia de Habita\u00e7\u00e3o Popular de Mato Grosso do Sul), atrav\u00e9s do Programa Habitacional de Baixa Renda.<\/p>\n<p>O prefeito de Para\u00edso das \u00c1guas foi convidado a participar da solenidade pelo prefeito de Costa Rica, Delegado Cleverson Alves dos Santos, e pelo vice-prefeito do munic\u00edpio, Roni Cota.<\/p>\n<p>Na ocasi\u00e3o, o prefeito de Para\u00edso das \u00c1guas, acompanhado da diretora-presidente da Agehab, Maria do Carmo Avessani, conheceu um pouco mais do Programa Habitacional de Baixa Renda.<\/p>\n<p>\u201cProgramas como esse, que unem esfor\u00e7os entre o executivo municipal, Governo do Estado e Ag\u00eancia de Habita\u00e7\u00e3o, s\u00e3o \u00f3timas ferramentas para lidarmos com o problema do d\u00e9ficit habitacional amplamente observado nos munic\u00edpios de nossa regi\u00e3o. A equipe de Para\u00edso das \u00c1guas j\u00e1 est\u00e1 trabalhando para que novas moradias cheguem para a popula\u00e7\u00e3o de nossa cidade\u201d, afirmou An\u00edzio Andrade.<\/p>\n<p>ASECOM<\/p>\n<\/div>\n","protected":false},"excerpt":{"rendered":"<p>O prefeito de Para\u00edso das \u00c1guas, An\u00edzio Andrade, participou ontem (25), em Costa Rica, da entrega de 33 unidades habitacionais no Residencial Flor do Cerrado. As casas populares tornaram-se realidade gra\u00e7as a parceria entre Prefeitura de Costa Rica, Governo do Estado de Mato Grosso do Sul e Agehab (Ag\u00eancia de Habita\u00e7\u00e3o Popular de Mato Grosso [&hellip;]<\/p>\n","protected":false},"author":4,"featured_media":246638,"comment_status":"closed","ping_status":"closed","sticky":false,"template":"","format":"standard","meta":{"footnotes":""},"categories":[36],"tags":[],"class_list":["post-246629","post","type-post","status-publish","format-standard","has-post-thumbnail","hentry","category-paraiso-das-aguas"],"_links":{"self":[{"href":"https:\/\/www.ocorreionews.com.br\/acervo-correio\/index.php?rest_route=\/wp\/v2\/posts\/246629","targetHints":{"allow":["GET"]}}],"collection":[{"href":"https:\/\/www.ocorreionews.com.br\/acervo-correio\/index.php?rest_route=\/wp\/v2\/posts"}],"about":[{"href":"https:\/\/www.ocorreionews.com.br\/acervo-correio\/index.php?rest_route=\/wp\/v2\/types\/post"}],"author":[{"embeddable":true,"href":"https:\/\/www.ocorreionews.com.br\/acervo-correio\/index.php?rest_route=\/wp\/v2\/users\/4"}],"replies":[{"embeddable":true,"href":"https:\/\/www.ocorreionews.com.br\/acervo-correio\/index.php?rest_route=%2Fwp%2Fv2%2Fcomments&post=246629"}],"version-history":[{"count":1,"href":"https:\/\/www.ocorreionews.com.br\/acervo-correio\/index.php?rest_route=\/wp\/v2\/posts\/246629\/revisions"}],"predecessor-version":[{"id":246639,"href":"https:\/\/www.ocorreionews.com.br\/acervo-correio\/index.php?rest_route=\/wp\/v2\/posts\/246629\/revisions\/246639"}],"wp:featuredmedia":[{"embeddable":true,"href":"https:\/\/www.ocorreionews.com.br\/acervo-correio\/index.php?rest_route=\/wp\/v2\/media\/246638"}],"wp:attachment":[{"href":"https:\/\/www.ocorreionews.com.br\/acervo-correio\/index.php?rest_route=%2Fwp%2Fv2%2Fmedia&parent=246629"}],"wp:term":[{"taxonomy":"category","embeddable":true,"href":"https:\/\/www.ocorreionews.com.br\/acervo-correio\/index.php?rest_route=%2Fwp%2Fv2%2Fcategories&post=246629"},{"taxonomy":"post_tag","embeddable":true,"href":"https:\/\/www.ocorreionews.com.br\/acervo-correio\/index.php?rest_route=%2Fwp%2Fv2%2Ftags&post=246629"}],"curies":[{"name":"wp","href":"https:\/\/api.w.org\/{rel}","templated":true}]}}