{"id":246637,"date":"2023-07-26T09:58:19","date_gmt":"2023-07-26T13:58:19","guid":{"rendered":"https:\/\/www.ocorreionews.com.br\/acervo-correio\/?p=246637"},"modified":"2023-07-26T09:58:19","modified_gmt":"2023-07-26T13:58:19","slug":"motoristas-do-transporte-escolar-de-chapadao-do-sul-recebem-capacitacao-ministrada-pelo-cetran-ms","status":"publish","type":"post","link":"https:\/\/www.ocorreionews.com.br\/acervo-correio\/?p=246637","title":{"rendered":"Motoristas do Transporte Escolar de Chapad\u00e3o do Sul recebem capacita\u00e7\u00e3o ministrada pelo CETRAN\/MS"},"content":{"rendered":"<p style=\"font-weight: 400;\">A Secretaria Municipal de Educa\u00e7\u00e3o e Cultura realizou em parceria com o Conselho Estadual de Tr\u00e2nsito (CETRAN\/MS) uma riqu\u00edssima capacita\u00e7\u00e3o para os motoristas, com o renomado instrutor Tenente Duarte de Campo Grande, com not\u00f3rio saber, preparo e forma\u00e7\u00e3o espec\u00edfica na \u00e1rea.<\/p>\n<p style=\"font-weight: 400;\">O Departamento do Transporte Escolar demonstra assim o compromisso conjunto com o Departamento Municipal de Tr\u00e2nsito (DEMUTRAN), em garantir a seguran\u00e7a e a Qualidade do Transporte Escolar de Chapad\u00e3o do Sul\/MS.<\/p>\n<p style=\"font-weight: 400;\">Foram momentos de estudos, debates, esclarecimentos, preocupa\u00e7\u00f5es di\u00e1rias, manuten\u00e7\u00e3o, compromisso com a Legisla\u00e7\u00e3o, hor\u00e1rios, disciplina, comportamentos, itiner\u00e1rios, direitos e deveres, enfim, foi proporcionado um ambiente prop\u00edcio para a reflex\u00e3o, o aprendizado e a troca de experi\u00eancias, onde durante o curso os motoristas tiveram a oportunidade de tirar d\u00favidas, de aprimorar seus conhecimentos em diversas \u00e1reas, como legisla\u00e7\u00e3o de tr\u00e2nsito, primeiros socorros e pr\u00e1ticas de dire\u00e7\u00e3o defensiva. A total participa\u00e7\u00e3o dos servidores de Chapad\u00e3o do Sul\/MS evidencia o comprometimento desses profissionais em oferecer um servi\u00e7o de excel\u00eancia e seguran\u00e7a para os alunos.<\/p>\n<p style=\"font-weight: 400;\">A iniciativa t\u00e3o relevante do CETRAN\/MS, departamentos do Transporte Escolar e do Municipal de tr\u00e2nsito &#8211; DEMUTRAN, contribui para o aprimoramento cont\u00ednuo dos motoristas do transporte escolar, equipe, gest\u00e3o e certamente da comunidade escolar, que se beneficiar\u00e1, pois, esses profissionais mais preparados e conscientes da sua responsabilidade di\u00e1ria no tr\u00e2nsito, na vida\u00a0e\u00a0na\u00a0profiss\u00e3o.<\/p>\n<p>&nbsp;<\/p>\n<p>&nbsp;<\/p>\n<p>*Assecom PMCS<\/p>\n","protected":false},"excerpt":{"rendered":"<p>A Secretaria Municipal de Educa\u00e7\u00e3o e Cultura realizou em parceria com o Conselho Estadual de Tr\u00e2nsito (CETRAN\/MS) uma riqu\u00edssima capacita\u00e7\u00e3o para os motoristas, com o renomado instrutor Tenente Duarte de Campo Grande, com not\u00f3rio saber, preparo e forma\u00e7\u00e3o espec\u00edfica na \u00e1rea. O Departamento do Transporte Escolar demonstra assim o compromisso conjunto com o Departamento Municipal [&hellip;]<\/p>\n","protected":false},"author":5,"featured_media":246640,"comment_status":"closed","ping_status":"closed","sticky":false,"template":"","format":"standard","meta":{"footnotes":""},"categories":[23],"tags":[],"class_list":["post-246637","post","type-post","status-publish","format-standard","has-post-thumbnail","hentry","category-chapadao-do-sul"],"_links":{"self":[{"href":"https:\/\/www.ocorreionews.com.br\/acervo-correio\/index.php?rest_route=\/wp\/v2\/posts\/246637","targetHints":{"allow":["GET"]}}],"collection":[{"href":"https:\/\/www.ocorreionews.com.br\/acervo-correio\/index.php?rest_route=\/wp\/v2\/posts"}],"about":[{"href":"https:\/\/www.ocorreionews.com.br\/acervo-correio\/index.php?rest_route=\/wp\/v2\/types\/post"}],"author":[{"embeddable":true,"href":"https:\/\/www.ocorreionews.com.br\/acervo-correio\/index.php?rest_route=\/wp\/v2\/users\/5"}],"replies":[{"embeddable":true,"href":"https:\/\/www.ocorreionews.com.br\/acervo-correio\/index.php?rest_route=%2Fwp%2Fv2%2Fcomments&post=246637"}],"version-history":[{"count":1,"href":"https:\/\/www.ocorreionews.com.br\/acervo-correio\/index.php?rest_route=\/wp\/v2\/posts\/246637\/revisions"}],"predecessor-version":[{"id":246641,"href":"https:\/\/www.ocorreionews.com.br\/acervo-correio\/index.php?rest_route=\/wp\/v2\/posts\/246637\/revisions\/246641"}],"wp:featuredmedia":[{"embeddable":true,"href":"https:\/\/www.ocorreionews.com.br\/acervo-correio\/index.php?rest_route=\/wp\/v2\/media\/246640"}],"wp:attachment":[{"href":"https:\/\/www.ocorreionews.com.br\/acervo-correio\/index.php?rest_route=%2Fwp%2Fv2%2Fmedia&parent=246637"}],"wp:term":[{"taxonomy":"category","embeddable":true,"href":"https:\/\/www.ocorreionews.com.br\/acervo-correio\/index.php?rest_route=%2Fwp%2Fv2%2Fcategories&post=246637"},{"taxonomy":"post_tag","embeddable":true,"href":"https:\/\/www.ocorreionews.com.br\/acervo-correio\/index.php?rest_route=%2Fwp%2Fv2%2Ftags&post=246637"}],"curies":[{"name":"wp","href":"https:\/\/api.w.org\/{rel}","templated":true}]}}