{"id":246645,"date":"2023-07-26T10:20:00","date_gmt":"2023-07-26T14:20:00","guid":{"rendered":"https:\/\/www.ocorreionews.com.br\/acervo-correio\/?p=246645"},"modified":"2023-07-26T10:49:02","modified_gmt":"2023-07-26T14:49:02","slug":"duas-pessoas-morrem-apos-caminhonete-cair-de-ponte-do-rio-mimoso-em-ribas","status":"publish","type":"post","link":"https:\/\/www.ocorreionews.com.br\/acervo-correio\/?p=246645","title":{"rendered":"Duas pessoas morrem ap\u00f3s caminhonete cair de ponte do Rio Mimoso em Ribas"},"content":{"rendered":"<p>Dois homens, 28 e 29 anos, sendo um do Estado de\u00a0 Alagoas e outro da cidade de\u00a0 \u00c1gua Clara, morreram, morreram no acidente envolvendo uma camionete que caiu no Rio Mimoso, na manh\u00e3 desta quarta-feira (26), em Ribas do Rio Pardo &#8211; MS.<\/p>\n<p>De acordo com a delegada Paula Barreto Ara\u00fajo, o carro era ocupado por quatro homens, sendo que o motorista e o carona morreram no local do acidente. Os outros passageiros que estavam no banco de tr\u00e1s do ve\u00edculo sobreviveram. Eles foram socorridos e encaminhados para o Hospital Municipal de Ribas do Rio Pardo.<\/p>\n<p>A camionete caiu da ponte que passa sobre o rio Mimoso. A delegada revelou que o carro apresentou um barulho momentos antes do acidente. \u201cPouco antes da ponte, o carro fez um barulho, os passageiros perguntaram ao motorista se estava tudo bem, ele disse que sim e logo depois caiu&#8221;, explicou Paula.<\/p>\n<p>A Pol\u00edcia Civil, per\u00edcia e a funer\u00e1ria est\u00e3o a caminho do local dos fatos.<\/p>\n<p><strong>Socorro \u2013<\/strong> Momentos ap\u00f3s o acidente, o Corpo de Bombeiros foi acionado para fazer o resgate das v\u00edtimas, mas quando chegou no local, os homens j\u00e1 estavam mortos. Dois homens tentaram ajudar os passageiros at\u00e9 que o socorro chegasse.<\/p>\n<p>&nbsp;<\/p>\n<p>Por Bruna Marques &#8211; Campo Grande News<\/p>\n","protected":false},"excerpt":{"rendered":"<p>Dois homens, 28 e 29 anos, sendo um do Estado de\u00a0 Alagoas e outro da cidade de\u00a0 \u00c1gua Clara, morreram, morreram no acidente envolvendo uma camionete que caiu no Rio Mimoso, na manh\u00e3 desta quarta-feira (26), em Ribas do Rio Pardo &#8211; MS. De acordo com a delegada Paula Barreto Ara\u00fajo, o carro era ocupado [&hellip;]<\/p>\n","protected":false},"author":5,"featured_media":246646,"comment_status":"closed","ping_status":"closed","sticky":false,"template":"","format":"standard","meta":{"footnotes":""},"categories":[38,143],"tags":[],"class_list":["post-246645","post","type-post","status-publish","format-standard","has-post-thumbnail","hentry","category-policia","category-regional"],"_links":{"self":[{"href":"https:\/\/www.ocorreionews.com.br\/acervo-correio\/index.php?rest_route=\/wp\/v2\/posts\/246645","targetHints":{"allow":["GET"]}}],"collection":[{"href":"https:\/\/www.ocorreionews.com.br\/acervo-correio\/index.php?rest_route=\/wp\/v2\/posts"}],"about":[{"href":"https:\/\/www.ocorreionews.com.br\/acervo-correio\/index.php?rest_route=\/wp\/v2\/types\/post"}],"author":[{"embeddable":true,"href":"https:\/\/www.ocorreionews.com.br\/acervo-correio\/index.php?rest_route=\/wp\/v2\/users\/5"}],"replies":[{"embeddable":true,"href":"https:\/\/www.ocorreionews.com.br\/acervo-correio\/index.php?rest_route=%2Fwp%2Fv2%2Fcomments&post=246645"}],"version-history":[{"count":4,"href":"https:\/\/www.ocorreionews.com.br\/acervo-correio\/index.php?rest_route=\/wp\/v2\/posts\/246645\/revisions"}],"predecessor-version":[{"id":246654,"href":"https:\/\/www.ocorreionews.com.br\/acervo-correio\/index.php?rest_route=\/wp\/v2\/posts\/246645\/revisions\/246654"}],"wp:featuredmedia":[{"embeddable":true,"href":"https:\/\/www.ocorreionews.com.br\/acervo-correio\/index.php?rest_route=\/wp\/v2\/media\/246646"}],"wp:attachment":[{"href":"https:\/\/www.ocorreionews.com.br\/acervo-correio\/index.php?rest_route=%2Fwp%2Fv2%2Fmedia&parent=246645"}],"wp:term":[{"taxonomy":"category","embeddable":true,"href":"https:\/\/www.ocorreionews.com.br\/acervo-correio\/index.php?rest_route=%2Fwp%2Fv2%2Fcategories&post=246645"},{"taxonomy":"post_tag","embeddable":true,"href":"https:\/\/www.ocorreionews.com.br\/acervo-correio\/index.php?rest_route=%2Fwp%2Fv2%2Ftags&post=246645"}],"curies":[{"name":"wp","href":"https:\/\/api.w.org\/{rel}","templated":true}]}}