{"id":246650,"date":"2023-07-26T10:38:21","date_gmt":"2023-07-26T14:38:21","guid":{"rendered":"https:\/\/www.ocorreionews.com.br\/acervo-correio\/?p=246650"},"modified":"2023-07-26T10:38:21","modified_gmt":"2023-07-26T14:38:21","slug":"dupla-morre-em-confronto-com-a-pm-apos-roubar-carro-e-esfaquear-dono-em-go","status":"publish","type":"post","link":"https:\/\/www.ocorreionews.com.br\/acervo-correio\/?p=246650","title":{"rendered":"Dupla morre em confronto com a PM ap\u00f3s roubar carro e esfaquear dono em GO"},"content":{"rendered":"<div id=\"chunk-6hkg5\">\n<div class=\"mc-column content-text active-extra-styles \" data-block-type=\"unstyled\" data-block-weight=\"56\" data-block-id=\"3\">\n<p class=\"content-text__container \" data-track-category=\"Link no Texto\" data-track-links=\"\">Uma dupla morreu em um confronto com a Pol\u00edcia Militar (PM) ap\u00f3s roubar um carro e esfaquear o dono, em Bonfin\u00f3polis, no sudeste do estado. Segundo a PM, foi feita uma tentativa de abordagem na GO-010, onde encontraram os suspeitos, que dirigiam um carro com restri\u00e7\u00e3o de roubo, mas a dupla tentou fugir do local.<\/p>\n<p data-track-category=\"Link no Texto\" data-track-links=\"\">\n<\/div>\n<\/div>\n<div class=\"wall protected-content\">\n<div id=\"chunk-9i536\">\n<div class=\"mc-column content-text active-extra-styles \" data-block-type=\"unstyled\" data-block-weight=\"23\" data-block-id=\"5\">\n<p class=\"content-text__container \" data-track-category=\"Link no Texto\" data-track-links=\"\">A v\u00edtima, que preferiu n\u00e3o se identificar, alega ter sofrido tr\u00eas fraturas nas costelas, al\u00e9m de ter os bra\u00e7os perfurados por faca.<\/p>\n<\/div>\n<\/div>\n<div id=\"chunk-dkj3k\">\n<div class=\"mc-column content-text active-extra-styles\" data-block-type=\"raw\" data-block-weight=\"33\" data-block-id=\"6\">\n<p class=\"content-text__container\">\n<blockquote class=\"content-blockquote theme-border-color-primary-before\"><p>&#8220;Eles me deitaram no ch\u00e3o, quebraram minhas tr\u00eas costelas com chutes, furaram meus bra\u00e7os com a faca, amarraram minhas m\u00e3os, me trancaram no quarto e levaram os pertences da casa&#8217;, disse a v\u00edtima.<\/p><\/blockquote>\n<\/div>\n<\/div>\n<div id=\"chunk-5agce\">\n<p>&nbsp;<\/p>\n<\/div>\n<div id=\"chunk-7uc7m\">\n<div class=\"mc-column content-text active-extra-styles \" data-block-type=\"unstyled\" data-block-weight=\"35\" data-block-id=\"10\">\n<p class=\"content-text__container \" data-track-category=\"Link no Texto\" data-track-links=\"\">O dono do carro ainda informou que teve a resid\u00eancia furtada pela dupla na \u00faltima sexta-feira (21). O homem disse que da casa, al\u00e9m do carro, foram levados tr\u00eas aparelhos de televis\u00e3o e computadores.<\/p>\n<p data-track-category=\"Link no Texto\" data-track-links=\"\">\n<\/div>\n<\/div>\n<div id=\"chunk-f6n9d\">\n<div class=\"mc-column content-text active-extra-styles \" data-block-type=\"unstyled\" data-block-weight=\"55\" data-block-id=\"11\">\n<p class=\"content-text__container \" data-track-category=\"Link no Texto\" data-track-links=\"\">Na tentativa de fuga, o suspeito que dirigia o carro roubado entrou em uma estrada de terra e tentou fugir do local com o comparsa pelo matagal. Segundo os relatos dos militares, durante a fuga os suspeitos atiraram contra os policiais, dando in\u00edcio a uma troca de tiros que resultou na morte da dupla.<\/p>\n<p data-track-category=\"Link no Texto\" data-track-links=\"\">\n<\/div>\n<\/div>\n<div id=\"chunk-o2p9\">\n<div class=\"mc-column content-text active-extra-styles \" data-block-type=\"unstyled\" data-block-weight=\"13\" data-block-id=\"12\">\n<p class=\"content-text__container \" data-track-category=\"Link no Texto\" data-track-links=\"\">Al\u00e9m do carro roubado, os policiais encontraram ainda dois rev\u00f3lveres calibre 38.<\/p>\n<p data-track-category=\"Link no Texto\" data-track-links=\"\">\n<p class=\"content-publication-data__from\" title=\"Gustavo Cruz, g1 Goi\u00e1s\">Por Gustavo Cruz, g1 Goi\u00e1s<\/p>\n<p data-track-category=\"Link no Texto\" data-track-links=\"\">\n<\/div>\n<\/div>\n<\/div>\n","protected":false},"excerpt":{"rendered":"<p>Uma dupla morreu em um confronto com a Pol\u00edcia Militar (PM) ap\u00f3s roubar um carro e esfaquear o dono, em Bonfin\u00f3polis, no sudeste do estado. Segundo a PM, foi feita uma tentativa de abordagem na GO-010, onde encontraram os suspeitos, que dirigiam um carro com restri\u00e7\u00e3o de roubo, mas a dupla tentou fugir do local. [&hellip;]<\/p>\n","protected":false},"author":5,"featured_media":246651,"comment_status":"closed","ping_status":"closed","sticky":false,"template":"","format":"standard","meta":{"footnotes":""},"categories":[141,38],"tags":[],"class_list":["post-246650","post","type-post","status-publish","format-standard","has-post-thumbnail","hentry","category-goias","category-policia"],"_links":{"self":[{"href":"https:\/\/www.ocorreionews.com.br\/acervo-correio\/index.php?rest_route=\/wp\/v2\/posts\/246650","targetHints":{"allow":["GET"]}}],"collection":[{"href":"https:\/\/www.ocorreionews.com.br\/acervo-correio\/index.php?rest_route=\/wp\/v2\/posts"}],"about":[{"href":"https:\/\/www.ocorreionews.com.br\/acervo-correio\/index.php?rest_route=\/wp\/v2\/types\/post"}],"author":[{"embeddable":true,"href":"https:\/\/www.ocorreionews.com.br\/acervo-correio\/index.php?rest_route=\/wp\/v2\/users\/5"}],"replies":[{"embeddable":true,"href":"https:\/\/www.ocorreionews.com.br\/acervo-correio\/index.php?rest_route=%2Fwp%2Fv2%2Fcomments&post=246650"}],"version-history":[{"count":1,"href":"https:\/\/www.ocorreionews.com.br\/acervo-correio\/index.php?rest_route=\/wp\/v2\/posts\/246650\/revisions"}],"predecessor-version":[{"id":246652,"href":"https:\/\/www.ocorreionews.com.br\/acervo-correio\/index.php?rest_route=\/wp\/v2\/posts\/246650\/revisions\/246652"}],"wp:featuredmedia":[{"embeddable":true,"href":"https:\/\/www.ocorreionews.com.br\/acervo-correio\/index.php?rest_route=\/wp\/v2\/media\/246651"}],"wp:attachment":[{"href":"https:\/\/www.ocorreionews.com.br\/acervo-correio\/index.php?rest_route=%2Fwp%2Fv2%2Fmedia&parent=246650"}],"wp:term":[{"taxonomy":"category","embeddable":true,"href":"https:\/\/www.ocorreionews.com.br\/acervo-correio\/index.php?rest_route=%2Fwp%2Fv2%2Fcategories&post=246650"},{"taxonomy":"post_tag","embeddable":true,"href":"https:\/\/www.ocorreionews.com.br\/acervo-correio\/index.php?rest_route=%2Fwp%2Fv2%2Ftags&post=246650"}],"curies":[{"name":"wp","href":"https:\/\/api.w.org\/{rel}","templated":true}]}}