{"id":246668,"date":"2023-07-26T13:19:51","date_gmt":"2023-07-26T17:19:51","guid":{"rendered":"https:\/\/www.ocorreionews.com.br\/acervo-correio\/?p=246668"},"modified":"2023-07-26T13:19:51","modified_gmt":"2023-07-26T17:19:51","slug":"paraiso-esta-com-dois-cursos-profissionalizantes-com-inscricoes-abertas-a-populacao","status":"publish","type":"post","link":"https:\/\/www.ocorreionews.com.br\/acervo-correio\/?p=246668","title":{"rendered":"Para\u00edso est\u00e1 com dois cursos profissionalizantes com inscri\u00e7\u00f5es abertas \u00e0 popula\u00e7\u00e3o"},"content":{"rendered":"<p>A Prefeitura de Para\u00edso das \u00c1guas sempre pensando na qualifica\u00e7\u00e3o profissional da popula\u00e7\u00e3o est\u00e1 com dois cursos profissionalizantes gratuitos com inscri\u00e7\u00f5es abertas.<\/p>\n<p>O primeiro, \u201cHigiene e Manipula\u00e7\u00e3o de Alimentos\u201d come\u00e7a na pr\u00f3xima segunda-feira (31). Com carga de 10 horas aulas, o curso oferecido por meio de parceria entre a Prefeitura, Sedemat, Associa\u00e7\u00e3o Comercial, Sistema Fecom\u00e9rcio, Sebrae e Programa Cidade Empreendedora, tem como objetivo aperfei\u00e7oar o of\u00edcio daqueles que trabalham com alimentos, preparo de refei\u00e7\u00f5es, armazenagem, entre outros.<\/p>\n<p>O curso ser\u00e1 ministrado na C\u00e2mara de Vereadores de Para\u00edso das \u00c1guas entre os dias\u00a0 31 de julho e 02 de agosto, das 13:30 \u00e0s 17 horas.<\/p>\n<p>As inscri\u00e7\u00f5es devem ser realizadas por meio de preenchimento de uma Guia no Google Forms, clicando <a href=\"https:\/\/forms.gle\/Qb2TubmCa25WYHcUA\">AQUI.<\/a><\/p>\n<p>O segundo curso profissionalizante oferecido, \u00e9 o de \u201cOperacionaliza\u00e7\u00e3o de Aeronave Remotamente Pilotada \u2013 Drone\u201d. A oficina \u00e9 um oferecimento da Prefeitura de Para\u00edso por meio da Sedemat em parceria com o Senar\/MS.<\/p>\n<p>As vagas s\u00e3o limitadas e as inscri\u00e7\u00f5es devem ser feitas pessoalmente na Sedemat (Rua Jos\u00e9 Almeida Sobrinho, 26). Mais informa\u00e7\u00f5es podem ser obtidas por meio dos n\u00fameros (67) 99914-6512 ou (67) 99880-4469.<\/p>\n<p>O curso ser\u00e1 realizado nos dias 01 e 02 de agosto das 07:00 \u00e0s 11:00 e das 13:00 \u00e0s 17:00 horas.<\/p>\n<p>De acordo com o prefeito de Para\u00edso das \u00c1guas, An\u00edzio Andrade, essas s\u00e3o oportunidades valiosas para aqueles que buscam novas op\u00e7\u00f5es de of\u00edcio ou para aqueles que querem se aperfei\u00e7oar profissionalmente.<\/p>\n<p>\u201cA Prefeitura em parceria com diversas institui\u00e7\u00f5es n\u00e3o mede esfor\u00e7os para trazer at\u00e9 nosso munic\u00edpio diversas op\u00e7\u00f5es de capacita\u00e7\u00f5es. Por\u00e9m, precisamos de uma contrapartida da sociedade, precisamos que as pessoas se inscrevam, que participem dessas oportunidades \u00fanicas que chegam gratuitamente a todos. Nossa cidade est\u00e1 em pleno desenvolvimento, e para acompanharmos toda essa evolu\u00e7\u00e3o, precisamos aperfei\u00e7oar os servi\u00e7os prestados para a comunidade e para aqueles que v\u00eam nos visitar ou ent\u00e3o investir em nosso munic\u00edpio\u201d, afirmou o prefeito.<\/p>\n<p><img loading=\"lazy\" decoding=\"async\" class=\"alignnone size-full wp-image-246669\" src=\"https:\/\/www.ocorreionews.com.br\/acervo-correio\/wp-content\/uploads\/2023\/07\/curso.png\" alt=\"\" width=\"800\" height=\"500\" srcset=\"https:\/\/www.ocorreionews.com.br\/acervo-correio\/wp-content\/uploads\/2023\/07\/curso.png 800w, https:\/\/www.ocorreionews.com.br\/acervo-correio\/wp-content\/uploads\/2023\/07\/curso-300x188.png 300w, https:\/\/www.ocorreionews.com.br\/acervo-correio\/wp-content\/uploads\/2023\/07\/curso-768x480.png 768w\" sizes=\"auto, (max-width: 800px) 100vw, 800px\" \/><\/p>\n<p>&nbsp;<\/p>\n<p>*Assecom PMPA<\/p>\n","protected":false},"excerpt":{"rendered":"<p>A Prefeitura de Para\u00edso das \u00c1guas sempre pensando na qualifica\u00e7\u00e3o profissional da popula\u00e7\u00e3o est\u00e1 com dois cursos profissionalizantes gratuitos com inscri\u00e7\u00f5es abertas. O primeiro, \u201cHigiene e Manipula\u00e7\u00e3o de Alimentos\u201d come\u00e7a na pr\u00f3xima segunda-feira (31). Com carga de 10 horas aulas, o curso oferecido por meio de parceria entre a Prefeitura, Sedemat, Associa\u00e7\u00e3o Comercial, Sistema Fecom\u00e9rcio, [&hellip;]<\/p>\n","protected":false},"author":5,"featured_media":246669,"comment_status":"closed","ping_status":"closed","sticky":false,"template":"","format":"standard","meta":{"footnotes":""},"categories":[36],"tags":[],"class_list":["post-246668","post","type-post","status-publish","format-standard","has-post-thumbnail","hentry","category-paraiso-das-aguas"],"_links":{"self":[{"href":"https:\/\/www.ocorreionews.com.br\/acervo-correio\/index.php?rest_route=\/wp\/v2\/posts\/246668","targetHints":{"allow":["GET"]}}],"collection":[{"href":"https:\/\/www.ocorreionews.com.br\/acervo-correio\/index.php?rest_route=\/wp\/v2\/posts"}],"about":[{"href":"https:\/\/www.ocorreionews.com.br\/acervo-correio\/index.php?rest_route=\/wp\/v2\/types\/post"}],"author":[{"embeddable":true,"href":"https:\/\/www.ocorreionews.com.br\/acervo-correio\/index.php?rest_route=\/wp\/v2\/users\/5"}],"replies":[{"embeddable":true,"href":"https:\/\/www.ocorreionews.com.br\/acervo-correio\/index.php?rest_route=%2Fwp%2Fv2%2Fcomments&post=246668"}],"version-history":[{"count":2,"href":"https:\/\/www.ocorreionews.com.br\/acervo-correio\/index.php?rest_route=\/wp\/v2\/posts\/246668\/revisions"}],"predecessor-version":[{"id":246671,"href":"https:\/\/www.ocorreionews.com.br\/acervo-correio\/index.php?rest_route=\/wp\/v2\/posts\/246668\/revisions\/246671"}],"wp:featuredmedia":[{"embeddable":true,"href":"https:\/\/www.ocorreionews.com.br\/acervo-correio\/index.php?rest_route=\/wp\/v2\/media\/246669"}],"wp:attachment":[{"href":"https:\/\/www.ocorreionews.com.br\/acervo-correio\/index.php?rest_route=%2Fwp%2Fv2%2Fmedia&parent=246668"}],"wp:term":[{"taxonomy":"category","embeddable":true,"href":"https:\/\/www.ocorreionews.com.br\/acervo-correio\/index.php?rest_route=%2Fwp%2Fv2%2Fcategories&post=246668"},{"taxonomy":"post_tag","embeddable":true,"href":"https:\/\/www.ocorreionews.com.br\/acervo-correio\/index.php?rest_route=%2Fwp%2Fv2%2Ftags&post=246668"}],"curies":[{"name":"wp","href":"https:\/\/api.w.org\/{rel}","templated":true}]}}