{"id":246672,"date":"2023-07-26T13:32:29","date_gmt":"2023-07-26T17:32:29","guid":{"rendered":"https:\/\/www.ocorreionews.com.br\/acervo-correio\/?p=246672"},"modified":"2023-07-26T13:32:29","modified_gmt":"2023-07-26T17:32:29","slug":"suspeito-de-matar-jovem-em-briga-por-pipa-e-preso-na-bahia","status":"publish","type":"post","link":"https:\/\/www.ocorreionews.com.br\/acervo-correio\/?p=246672","title":{"rendered":"Suspeito de matar jovem em briga por pipa \u00e9 preso na Bahia"},"content":{"rendered":"<p>Depois de um m\u00eas de buscas, Lucas Fraz\u00e3o da Silva, conhecido como \u201cBaianinho\u201d, suspeito de matar Richard Veiga de Oliveira, de 19 anos, por causa de pipa, foi preso na manh\u00e3 desta quarta-feira (26), na Bahia.<\/p>\n<p>O crime aconteceu no dia 25 do m\u00eas passado, no Parque Residencial Orestes Prata Tibery, em Tr\u00eas Lagoas, distante 327 quil\u00f4metros de Campo Grande.<\/p>\n<p>Lucas foi encontrado no munic\u00edpio de Mucuru, escondido na casa de um primo. Ele foi preso por for\u00e7a de mandado de pris\u00e3o, est\u00e1 custodiado na delegacia de Teixeira de Freitas e ser\u00e1 recambiado para Tr\u00eas Lagoas.<\/p>\n<p>Conforme investiga\u00e7\u00f5es da pol\u00edcia, o desentendimento entre Lucas e Richard come\u00e7ou porque o autor agrediu o irm\u00e3o mais novo da v\u00edtima, que brincava com uma pipa na Rua do Rio Paran\u00e1. Ap\u00f3s a confus\u00e3o, o agressor foi embora, mas voltou minutos depois acompanhado e armado.<\/p>\n<p>O jovem de 18 anos que teria fornecido a arma a Lucas tamb\u00e9m foi preso, mas negou participa\u00e7\u00e3o no assassinato. Richard foi baleado com tiro na nuca, foi socorrido pelo Samu (Servi\u00e7o de Atendimento M\u00f3vel de Urg\u00eancia) ao Hospital Auxiliadora, mas faleceu ap\u00f3s sete dias internado.<\/p>\n<p>&nbsp;<\/p>\n<p>Por Viviane Oliveira &#8211; Campo Grande News<\/p>\n","protected":false},"excerpt":{"rendered":"<p>Depois de um m\u00eas de buscas, Lucas Fraz\u00e3o da Silva, conhecido como \u201cBaianinho\u201d, suspeito de matar Richard Veiga de Oliveira, de 19 anos, por causa de pipa, foi preso na manh\u00e3 desta quarta-feira (26), na Bahia. O crime aconteceu no dia 25 do m\u00eas passado, no Parque Residencial Orestes Prata Tibery, em Tr\u00eas Lagoas, distante [&hellip;]<\/p>\n","protected":false},"author":5,"featured_media":246673,"comment_status":"closed","ping_status":"closed","sticky":false,"template":"","format":"standard","meta":{"footnotes":""},"categories":[38,143],"tags":[],"class_list":["post-246672","post","type-post","status-publish","format-standard","has-post-thumbnail","hentry","category-policia","category-regional"],"_links":{"self":[{"href":"https:\/\/www.ocorreionews.com.br\/acervo-correio\/index.php?rest_route=\/wp\/v2\/posts\/246672","targetHints":{"allow":["GET"]}}],"collection":[{"href":"https:\/\/www.ocorreionews.com.br\/acervo-correio\/index.php?rest_route=\/wp\/v2\/posts"}],"about":[{"href":"https:\/\/www.ocorreionews.com.br\/acervo-correio\/index.php?rest_route=\/wp\/v2\/types\/post"}],"author":[{"embeddable":true,"href":"https:\/\/www.ocorreionews.com.br\/acervo-correio\/index.php?rest_route=\/wp\/v2\/users\/5"}],"replies":[{"embeddable":true,"href":"https:\/\/www.ocorreionews.com.br\/acervo-correio\/index.php?rest_route=%2Fwp%2Fv2%2Fcomments&post=246672"}],"version-history":[{"count":2,"href":"https:\/\/www.ocorreionews.com.br\/acervo-correio\/index.php?rest_route=\/wp\/v2\/posts\/246672\/revisions"}],"predecessor-version":[{"id":246675,"href":"https:\/\/www.ocorreionews.com.br\/acervo-correio\/index.php?rest_route=\/wp\/v2\/posts\/246672\/revisions\/246675"}],"wp:featuredmedia":[{"embeddable":true,"href":"https:\/\/www.ocorreionews.com.br\/acervo-correio\/index.php?rest_route=\/wp\/v2\/media\/246673"}],"wp:attachment":[{"href":"https:\/\/www.ocorreionews.com.br\/acervo-correio\/index.php?rest_route=%2Fwp%2Fv2%2Fmedia&parent=246672"}],"wp:term":[{"taxonomy":"category","embeddable":true,"href":"https:\/\/www.ocorreionews.com.br\/acervo-correio\/index.php?rest_route=%2Fwp%2Fv2%2Fcategories&post=246672"},{"taxonomy":"post_tag","embeddable":true,"href":"https:\/\/www.ocorreionews.com.br\/acervo-correio\/index.php?rest_route=%2Fwp%2Fv2%2Ftags&post=246672"}],"curies":[{"name":"wp","href":"https:\/\/api.w.org\/{rel}","templated":true}]}}