{"id":246682,"date":"2023-07-26T14:53:45","date_gmt":"2023-07-26T18:53:45","guid":{"rendered":"https:\/\/www.ocorreionews.com.br\/acervo-correio\/?p=246682"},"modified":"2023-07-26T17:43:48","modified_gmt":"2023-07-26T21:43:48","slug":"pedra-branca-48-anos-plinio-carlos-kerber-pioneiro-do-plantio-de-graos","status":"publish","type":"post","link":"https:\/\/www.ocorreionews.com.br\/acervo-correio\/?p=246682","title":{"rendered":"Pedra Branca 48 anos: Pl\u00ednio Carlos Kerber pioneiro do plantio de gr\u00e3os"},"content":{"rendered":"<p>A Col\u00f4nia da Pedra Branca, no munic\u00edpio de Chapad\u00e3o do Sul, est\u00e1 comemorando 48 anos da instala\u00e7\u00e3o das primeiras 64 fam\u00edlias, vinda do sul do Pa\u00eds, a maioria de descend\u00eancias Alem\u00e3es e Polon\u00eas, a reportagem do site, esteve na manh\u00e3 dessa quarta-feira 26, na casa de Pl\u00ednio Carlos Kerber, que foi o pioneiro no plantio de gr\u00e3os no assentamento.\u00a0 Pl\u00ednio Kerber, relatou a sua hist\u00f3ria de como conseguiu realizar o plantio de Arroz.<\/p>\n<p>&nbsp;<\/p>\n<figure id=\"attachment_246694\" aria-describedby=\"caption-attachment-246694\" style=\"width: 959px\" class=\"wp-caption alignnone\"><img loading=\"lazy\" decoding=\"async\" class=\"wp-image-246694 size-full\" src=\"https:\/\/www.ocorreionews.com.br\/acervo-correio\/wp-content\/uploads\/2023\/07\/12.png\" alt=\"\" width=\"959\" height=\"593\" srcset=\"https:\/\/www.ocorreionews.com.br\/acervo-correio\/wp-content\/uploads\/2023\/07\/12.png 959w, https:\/\/www.ocorreionews.com.br\/acervo-correio\/wp-content\/uploads\/2023\/07\/12-300x186.png 300w, https:\/\/www.ocorreionews.com.br\/acervo-correio\/wp-content\/uploads\/2023\/07\/12-768x475.png 768w\" sizes=\"auto, (max-width: 959px) 100vw, 959px\" \/><figcaption id=\"caption-attachment-246694\" class=\"wp-caption-text\">Jornalista Adejair Morais e Pl\u00ednio Carlos Kerber em sua resid\u00eancia<\/figcaption><\/figure>\n<p>\u201cChegamos aqui em 1975, eu e minha fam\u00edlia e outras 63 fam\u00edlias, n\u00e3o tinha nada a n\u00e3o ser um forte cerrado. Para conseguir \u00e1gua, todos tinham que buscar no Rio Pedra Branca. Moramos por muito tempo debaixo de lonas e barracos improvisados, mas Deus nos deu a gl\u00f3ria e aqueles que ficaram conseguiram vencer\u201d afirma o produtor que hoje est\u00e1 aposentado.<\/p>\n<p><strong>Desafio de plantar<\/strong><\/p>\n<p>Pl\u00ednio Kerber afirmou, que no mesmo ano em 75, no m\u00eas e novembro ele conseguiu plantar 30\/hectares de arroz. (Pl\u00ednio conta que o governo cedeu as terras com objetivos de as fam\u00edlias plantarem arroz).<\/p>\n<p>Ele conta que apesar da tormenta de chuva, que provocou um desastre na col\u00f4nia e levar uma grande parte da \u00e1rea plantada, o resultado foi muito bom, colheu o suficiente para pagar as contas.<\/p>\n<p>Com o resultado positivo, no ano seguinte 76, dobrou a \u00e1rea de plantio e buscou o financiamento junto ao BB na cidade de Parana\u00edba e o resultado foi de 30 sacas por hectare.<\/p>\n<p><strong>SOJA<\/strong><\/p>\n<p>Vindo de uma regi\u00e3o onde eles plantavam soja, Pl\u00ednio resolveu fazer um experimento e fez pequenos \u201ccanteiros\u201d e mesmo sem calc\u00e1rio, usando apenas fosfato, que era mandado da Alemanha para eles, resolveu ent\u00e3o no m\u00eas de janeiro fazer o experimento, que teve um resultado de 12 sacos por hectare.<\/p>\n<figure id=\"attachment_246687\" aria-describedby=\"caption-attachment-246687\" style=\"width: 656px\" class=\"wp-caption alignnone\"><img loading=\"lazy\" decoding=\"async\" class=\"wp-image-246687 size-full\" src=\"https:\/\/www.ocorreionews.com.br\/acervo-correio\/wp-content\/uploads\/2023\/07\/05.png\" alt=\"\" width=\"656\" height=\"852\" srcset=\"https:\/\/www.ocorreionews.com.br\/acervo-correio\/wp-content\/uploads\/2023\/07\/05.png 656w, https:\/\/www.ocorreionews.com.br\/acervo-correio\/wp-content\/uploads\/2023\/07\/05-231x300.png 231w\" sizes=\"auto, (max-width: 656px) 100vw, 656px\" \/><figcaption id=\"caption-attachment-246687\" class=\"wp-caption-text\">Pl\u00ednio, esposa e seus filho na primeira lavoura de soja<\/figcaption><\/figure>\n<p>Este resultado, acendeu uma luz e o produtor que de imediato mandou fazer um analise da terra em S\u00e3o Jos\u00e9 do Rio Preto -SP, j\u00e1 que n\u00e3o havia laborat\u00f3rio em MS e com a instala\u00e7\u00e3o da ag\u00eancia do BB em Cassil\u00e2ndia, procurou na \u00e9poca o gerente Paulinho e comentou da sua inten\u00e7\u00e3o de plantar soja e que precisava de um empr\u00e9stimo para plantar\u00a0 hectares.<\/p>\n<p>Conta Pl\u00ednio Kerber, que o gerente olhou firmemente para ele e disse \u201co que \u00e9 isso soja\u201d. Ele ent\u00e3o explicou para o gerente, que n\u00e3o disse nem sim e nem n\u00e3o.<\/p>\n<p>Pl\u00ednio n\u00e3o desistiu e ap\u00f3s tr\u00eas visitas ao gerente, conseguiu um valor para plantar apenas 50 hectares. \u201cConsegui o financiamento atrav\u00e9s de uma al\u00e7ada de gerencia, a titulo de experi\u00eancia e que em contrapartida eu teria que colher pelo menos 25 sacas\u201d.<\/p>\n<p><img loading=\"lazy\" decoding=\"async\" class=\"wp-image-246683 size-full\" src=\"https:\/\/www.ocorreionews.com.br\/acervo-correio\/wp-content\/uploads\/2023\/07\/01.png\" alt=\"\" width=\"733\" height=\"899\" srcset=\"https:\/\/www.ocorreionews.com.br\/acervo-correio\/wp-content\/uploads\/2023\/07\/01.png 733w, https:\/\/www.ocorreionews.com.br\/acervo-correio\/wp-content\/uploads\/2023\/07\/01-245x300.png 245w\" sizes=\"auto, (max-width: 733px) 100vw, 733px\" \/><\/p>\n<p>Utilizando as variedades IAC 2 (zebu do cerrado) e UFV1, Kerber fez o plantio em dois campos, onde conseguiu em m\u00e9dia 27sacas por hectares, sendo que a IAC -27 sacas e a UFV1 -42 sacas.<\/p>\n<p>Resultados esses que serviu de incentivos para que os demais, come\u00e7assem o plantio da soja.<\/p>\n<p>Em pouco tempo, outros propriet\u00e1rios de terra da regi\u00e3o, deram inicio ao preparo do solo e iniciou o c\u00edrculo da soja.<\/p>\n<p><strong>Visita do Ministro<\/strong><\/p>\n<figure id=\"attachment_246695\" aria-describedby=\"caption-attachment-246695\" style=\"width: 750px\" class=\"wp-caption alignnone\"><img loading=\"lazy\" decoding=\"async\" class=\"wp-image-246695 size-full\" src=\"https:\/\/www.ocorreionews.com.br\/acervo-correio\/wp-content\/uploads\/2023\/07\/ALISSON.jpg\" alt=\"\" width=\"750\" height=\"535\" srcset=\"https:\/\/www.ocorreionews.com.br\/acervo-correio\/wp-content\/uploads\/2023\/07\/ALISSON.jpg 750w, https:\/\/www.ocorreionews.com.br\/acervo-correio\/wp-content\/uploads\/2023\/07\/ALISSON-300x214.jpg 300w\" sizes=\"auto, (max-width: 750px) 100vw, 750px\" \/><figcaption id=\"caption-attachment-246695\" class=\"wp-caption-text\">O assentado escolhido para representar os demais no ato foi o produtor, at\u00e9 os dias atuais, Ivo Lauro Henrichsen, pai do atual presidente da Funda\u00e7\u00e3o Chapad\u00e3o, Ilton Henrichsen.<\/figcaption><\/figure>\n<p>As dificuldades que os moradores do assentamento enfrentavam era conseguir os fertilizantes, calc\u00e1rios, gesso, para a corre\u00e7\u00e3o do solo.<\/p>\n<p>A convite do colonizador de Chapad\u00e3o do Sul, J\u00falio Alves Martins, o ministro Alysson Paolinelli, visitou o ent\u00e3o Chapad\u00e3o dos Ga\u00fachos e numa reuni\u00e3o realizada em um Galp\u00e3o da fazenda de J\u00falio, que teve al\u00e9m dos assentados da Pedra Branca e \u00a0\u00a0ao lado de pilhas de sacas de arroz, que os ga\u00fachos insistiam em cultivar na regi\u00e3o, uma grande faixa colocada por Pl\u00ednio Carlos Kerber, pedindo a libera\u00e7\u00e3o de financiamentos para comprar de corretivo do solo, chamou a aten\u00e7\u00e3o do Ministro \u00a0Paolinelli e durante o seu pronunciamento, \u00a0anunciou e determinou o financiamento de corretivos de solos para que o cultivo da soja, que teve resultados expressivos de rentabilidade de colheita \u00a0e posteriormente surgiu as Lavouras do milho, o algod\u00e3o, a recupera\u00e7\u00e3o das pastagens e outras culturas forrageiras.<\/p>\n<p>Al\u00e9m do an\u00fancio feito em sua visita, na mesma oportunidade, entregou t\u00edtulos de terras aos assentados do Projeto Pedra Branca.<\/p>\n<p>&nbsp;<\/p>\n<p>Vejas as fotos do arquivo de Pl\u00ednio :<\/p>\n<figure id=\"attachment_246684\" aria-describedby=\"caption-attachment-246684\" style=\"width: 1237px\" class=\"wp-caption alignnone\"><img loading=\"lazy\" decoding=\"async\" class=\"wp-image-246684 size-full\" src=\"https:\/\/www.ocorreionews.com.br\/acervo-correio\/wp-content\/uploads\/2023\/07\/02-1.png\" alt=\"\" width=\"1237\" height=\"713\" srcset=\"https:\/\/www.ocorreionews.com.br\/acervo-correio\/wp-content\/uploads\/2023\/07\/02-1.png 1237w, https:\/\/www.ocorreionews.com.br\/acervo-correio\/wp-content\/uploads\/2023\/07\/02-1-300x173.png 300w, https:\/\/www.ocorreionews.com.br\/acervo-correio\/wp-content\/uploads\/2023\/07\/02-1-1024x590.png 1024w, https:\/\/www.ocorreionews.com.br\/acervo-correio\/wp-content\/uploads\/2023\/07\/02-1-768x443.png 768w\" sizes=\"auto, (max-width: 1237px) 100vw, 1237px\" \/><figcaption id=\"caption-attachment-246684\" class=\"wp-caption-text\">Nesta foto, Pl\u00ednio e a sua primeira casa constru\u00edda na Pedra Branca<\/figcaption><\/figure>\n<figure id=\"attachment_246685\" aria-describedby=\"caption-attachment-246685\" style=\"width: 1267px\" class=\"wp-caption alignnone\"><img loading=\"lazy\" decoding=\"async\" class=\"wp-image-246685 size-full\" src=\"https:\/\/www.ocorreionews.com.br\/acervo-correio\/wp-content\/uploads\/2023\/07\/03.png\" alt=\"\" width=\"1267\" height=\"723\" srcset=\"https:\/\/www.ocorreionews.com.br\/acervo-correio\/wp-content\/uploads\/2023\/07\/03.png 1267w, https:\/\/www.ocorreionews.com.br\/acervo-correio\/wp-content\/uploads\/2023\/07\/03-300x171.png 300w, https:\/\/www.ocorreionews.com.br\/acervo-correio\/wp-content\/uploads\/2023\/07\/03-1024x584.png 1024w, https:\/\/www.ocorreionews.com.br\/acervo-correio\/wp-content\/uploads\/2023\/07\/03-768x438.png 768w\" sizes=\"auto, (max-width: 1267px) 100vw, 1267px\" \/><figcaption id=\"caption-attachment-246685\" class=\"wp-caption-text\">Lembran\u00e7as de momentos em amigos, com a confraterniza\u00e7\u00e3o de festa de anivers\u00e1rio<\/figcaption><\/figure>\n<figure id=\"attachment_246689\" aria-describedby=\"caption-attachment-246689\" style=\"width: 913px\" class=\"wp-caption alignnone\"><img loading=\"lazy\" decoding=\"async\" class=\"wp-image-246689 size-full\" src=\"https:\/\/www.ocorreionews.com.br\/acervo-correio\/wp-content\/uploads\/2023\/07\/07.png\" alt=\"\" width=\"913\" height=\"727\" srcset=\"https:\/\/www.ocorreionews.com.br\/acervo-correio\/wp-content\/uploads\/2023\/07\/07.png 913w, https:\/\/www.ocorreionews.com.br\/acervo-correio\/wp-content\/uploads\/2023\/07\/07-300x239.png 300w, https:\/\/www.ocorreionews.com.br\/acervo-correio\/wp-content\/uploads\/2023\/07\/07-768x612.png 768w\" sizes=\"auto, (max-width: 913px) 100vw, 913px\" \/><figcaption id=\"caption-attachment-246689\" class=\"wp-caption-text\">Pl\u00ednio e o filho Andr\u00e9, no preparo do solo<\/figcaption><\/figure>\n<figure id=\"attachment_246693\" aria-describedby=\"caption-attachment-246693\" style=\"width: 901px\" class=\"wp-caption alignnone\"><img loading=\"lazy\" decoding=\"async\" class=\"wp-image-246693 size-full\" src=\"https:\/\/www.ocorreionews.com.br\/acervo-correio\/wp-content\/uploads\/2023\/07\/11.png\" alt=\"\" width=\"901\" height=\"721\" srcset=\"https:\/\/www.ocorreionews.com.br\/acervo-correio\/wp-content\/uploads\/2023\/07\/11.png 901w, https:\/\/www.ocorreionews.com.br\/acervo-correio\/wp-content\/uploads\/2023\/07\/11-300x240.png 300w, https:\/\/www.ocorreionews.com.br\/acervo-correio\/wp-content\/uploads\/2023\/07\/11-768x615.png 768w\" sizes=\"auto, (max-width: 901px) 100vw, 901px\" \/><figcaption id=\"caption-attachment-246693\" class=\"wp-caption-text\">Uma das grandes dificuldades dos assentados era as estradas em \u00e9poca de chuvas<\/figcaption><\/figure>\n<figure id=\"attachment_246692\" aria-describedby=\"caption-attachment-246692\" style=\"width: 1233px\" class=\"wp-caption alignnone\"><img loading=\"lazy\" decoding=\"async\" class=\"wp-image-246692 size-full\" src=\"https:\/\/www.ocorreionews.com.br\/acervo-correio\/wp-content\/uploads\/2023\/07\/10.png\" alt=\"\" width=\"1233\" height=\"673\" srcset=\"https:\/\/www.ocorreionews.com.br\/acervo-correio\/wp-content\/uploads\/2023\/07\/10.png 1233w, https:\/\/www.ocorreionews.com.br\/acervo-correio\/wp-content\/uploads\/2023\/07\/10-300x164.png 300w, https:\/\/www.ocorreionews.com.br\/acervo-correio\/wp-content\/uploads\/2023\/07\/10-1024x559.png 1024w, https:\/\/www.ocorreionews.com.br\/acervo-correio\/wp-content\/uploads\/2023\/07\/10-768x419.png 768w\" sizes=\"auto, (max-width: 1233px) 100vw, 1233px\" \/><figcaption id=\"caption-attachment-246692\" class=\"wp-caption-text\">Casal de amigos vistando a Lavoura de soja<\/figcaption><\/figure>\n<p><img loading=\"lazy\" decoding=\"async\" class=\"alignnone size-full wp-image-246688\" src=\"https:\/\/www.ocorreionews.com.br\/acervo-correio\/wp-content\/uploads\/2023\/07\/06.png\" alt=\"\" width=\"689\" height=\"1065\" srcset=\"https:\/\/www.ocorreionews.com.br\/acervo-correio\/wp-content\/uploads\/2023\/07\/06.png 689w, https:\/\/www.ocorreionews.com.br\/acervo-correio\/wp-content\/uploads\/2023\/07\/06-194x300.png 194w, https:\/\/www.ocorreionews.com.br\/acervo-correio\/wp-content\/uploads\/2023\/07\/06-662x1024.png 662w\" sizes=\"auto, (max-width: 689px) 100vw, 689px\" \/><img loading=\"lazy\" decoding=\"async\" class=\"alignnone size-full wp-image-246690\" src=\"https:\/\/www.ocorreionews.com.br\/acervo-correio\/wp-content\/uploads\/2023\/07\/08.png\" alt=\"\" width=\"627\" height=\"877\" srcset=\"https:\/\/www.ocorreionews.com.br\/acervo-correio\/wp-content\/uploads\/2023\/07\/08.png 627w, https:\/\/www.ocorreionews.com.br\/acervo-correio\/wp-content\/uploads\/2023\/07\/08-214x300.png 214w\" sizes=\"auto, (max-width: 627px) 100vw, 627px\" \/><\/p>\n","protected":false},"excerpt":{"rendered":"<p>A Col\u00f4nia da Pedra Branca, no munic\u00edpio de Chapad\u00e3o do Sul, est\u00e1 comemorando 48 anos da instala\u00e7\u00e3o das primeiras 64 fam\u00edlias, vinda do sul do Pa\u00eds, a maioria de descend\u00eancias Alem\u00e3es e Polon\u00eas, a reportagem do site, esteve na manh\u00e3 dessa quarta-feira 26, na casa de Pl\u00ednio Carlos Kerber, que foi o pioneiro no plantio [&hellip;]<\/p>\n","protected":false},"author":4,"featured_media":246696,"comment_status":"closed","ping_status":"closed","sticky":false,"template":"","format":"standard","meta":{"footnotes":""},"categories":[17,23,41],"tags":[],"class_list":["post-246682","post","type-post","status-publish","format-standard","has-post-thumbnail","hentry","category-agropecuaria","category-chapadao-do-sul","category-destaque"],"_links":{"self":[{"href":"https:\/\/www.ocorreionews.com.br\/acervo-correio\/index.php?rest_route=\/wp\/v2\/posts\/246682","targetHints":{"allow":["GET"]}}],"collection":[{"href":"https:\/\/www.ocorreionews.com.br\/acervo-correio\/index.php?rest_route=\/wp\/v2\/posts"}],"about":[{"href":"https:\/\/www.ocorreionews.com.br\/acervo-correio\/index.php?rest_route=\/wp\/v2\/types\/post"}],"author":[{"embeddable":true,"href":"https:\/\/www.ocorreionews.com.br\/acervo-correio\/index.php?rest_route=\/wp\/v2\/users\/4"}],"replies":[{"embeddable":true,"href":"https:\/\/www.ocorreionews.com.br\/acervo-correio\/index.php?rest_route=%2Fwp%2Fv2%2Fcomments&post=246682"}],"version-history":[{"count":4,"href":"https:\/\/www.ocorreionews.com.br\/acervo-correio\/index.php?rest_route=\/wp\/v2\/posts\/246682\/revisions"}],"predecessor-version":[{"id":246715,"href":"https:\/\/www.ocorreionews.com.br\/acervo-correio\/index.php?rest_route=\/wp\/v2\/posts\/246682\/revisions\/246715"}],"wp:featuredmedia":[{"embeddable":true,"href":"https:\/\/www.ocorreionews.com.br\/acervo-correio\/index.php?rest_route=\/wp\/v2\/media\/246696"}],"wp:attachment":[{"href":"https:\/\/www.ocorreionews.com.br\/acervo-correio\/index.php?rest_route=%2Fwp%2Fv2%2Fmedia&parent=246682"}],"wp:term":[{"taxonomy":"category","embeddable":true,"href":"https:\/\/www.ocorreionews.com.br\/acervo-correio\/index.php?rest_route=%2Fwp%2Fv2%2Fcategories&post=246682"},{"taxonomy":"post_tag","embeddable":true,"href":"https:\/\/www.ocorreionews.com.br\/acervo-correio\/index.php?rest_route=%2Fwp%2Fv2%2Ftags&post=246682"}],"curies":[{"name":"wp","href":"https:\/\/api.w.org\/{rel}","templated":true}]}}