{"id":246709,"date":"2023-07-26T17:35:53","date_gmt":"2023-07-26T21:35:53","guid":{"rendered":"https:\/\/www.ocorreionews.com.br\/acervo-correio\/?p=246709"},"modified":"2023-07-26T17:41:28","modified_gmt":"2023-07-26T21:41:28","slug":"show-de-ana-castela-menores-desacompanhados-dos-pais-precisarao-de-autorizacao-para-entrar-na-festa-do-peao-de-cassilandia-veja-como-abaixar-o-modelo","status":"publish","type":"post","link":"https:\/\/www.ocorreionews.com.br\/acervo-correio\/?p=246709","title":{"rendered":"Show de Ana Castela: Menores desacompanhados dos pais precisar\u00e3o de autoriza\u00e7\u00e3o para entrar na Festa do Pe\u00e3o de Cassil\u00e2ndia. Veja como abaixar o modelo"},"content":{"rendered":"<p>Menores de idade somente poder\u00e3o entrar na Festa do Pe\u00e3o de Cassil\u00e2ndia acompanhado dos pais ou atrav\u00e9s de uma autoriza\u00e7\u00e3o preenchida e assinada pelos pais, nomeando uma pessoa maior de 21 anos como respons\u00e1vel pelo seu filho. &#8220;N\u00e3o adianta chegar l\u00e1 com um parente qualquer. Sem os pais e\/ou representante legal do menor (guardi\u00e3o, por exemplo), h\u00e1 a obrigatoriedade do preenchimento da autoriza\u00e7\u00e3o e comprova\u00e7\u00e3o, atrav\u00e9s de c\u00f3pia de documentos com foto, das pessoas (o menor, a m\u00e3e\/pai autorizante e o respons\u00e1vel), disse a advogada do Sindicato Rural, Dra. La\u00eds Cardoso.<\/p>\n<p>Para facilitar o acesso e evitar tumulto hoje, no show de Ana Castela, disponibiliza\u00e7\u00e3o o documento para voc\u00ea fazer o download, imprimir, preencher e assinar .Confira:<\/p>\n<h3><a href=\"https:\/\/www.gov.br\/mj\/pt-br\/assuntos\/seus-direitos\/classificacao-1\/autorizacaoacessoevento-espetaculos-publicos-2022.doc#:~:text=Eu%20__________________________________________(nome%20do%20pai,crian%C3%A7a%20ou%20adolescente)%2C%20de%20______\">Acesse aqui e abaixe o modelo<\/a><\/h3>\n<p>&nbsp;<\/p>\n<p><a href=\"https:\/\/www.ocorreionews.com.br\/acervo-correio\/wp-content\/uploads\/2023\/07\/autorizacaoacessoevento-espetaculos-publicos-2023.pdf\">autorizacaoacessoevento-espetaculos-publicos-2023<\/a><\/p>\n<p><a href=\"https:\/\/www.ocorreionews.com.br\/acervo-correio\/wp-content\/uploads\/2023\/07\/autorizacaoacessoevento-espetaculos-publicos-2023.doc\">autorizacaoacessoevento-espetaculos-publicos-2023<\/a><\/p>\n<p><img loading=\"lazy\" decoding=\"async\" class=\"alignnone size-full wp-image-246612\" src=\"https:\/\/www.ocorreionews.com.br\/acervo-correio\/wp-content\/uploads\/2023\/07\/51a-Festa-do-Peao-de-Cassilandia.jpg\" alt=\"\" width=\"1080\" height=\"764\" srcset=\"https:\/\/www.ocorreionews.com.br\/acervo-correio\/wp-content\/uploads\/2023\/07\/51a-Festa-do-Peao-de-Cassilandia.jpg 1080w, https:\/\/www.ocorreionews.com.br\/acervo-correio\/wp-content\/uploads\/2023\/07\/51a-Festa-do-Peao-de-Cassilandia-300x212.jpg 300w, https:\/\/www.ocorreionews.com.br\/acervo-correio\/wp-content\/uploads\/2023\/07\/51a-Festa-do-Peao-de-Cassilandia-1024x724.jpg 1024w, https:\/\/www.ocorreionews.com.br\/acervo-correio\/wp-content\/uploads\/2023\/07\/51a-Festa-do-Peao-de-Cassilandia-768x543.jpg 768w\" sizes=\"auto, (max-width: 1080px) 100vw, 1080px\" \/><\/p>\n<p>*Cassil\u00e2ndia Not\u00edcias<\/p>\n","protected":false},"excerpt":{"rendered":"<p>Menores de idade somente poder\u00e3o entrar na Festa do Pe\u00e3o de Cassil\u00e2ndia acompanhado dos pais ou atrav\u00e9s de uma autoriza\u00e7\u00e3o preenchida e assinada pelos pais, nomeando uma pessoa maior de 21 anos como respons\u00e1vel pelo seu filho. &#8220;N\u00e3o adianta chegar l\u00e1 com um parente qualquer. Sem os pais e\/ou representante legal do menor (guardi\u00e3o, por [&hellip;]<\/p>\n","protected":false},"author":5,"featured_media":246047,"comment_status":"closed","ping_status":"closed","sticky":false,"template":"","format":"standard","meta":{"footnotes":""},"categories":[21],"tags":[],"class_list":["post-246709","post","type-post","status-publish","format-standard","has-post-thumbnail","hentry","category-cassilandia"],"_links":{"self":[{"href":"https:\/\/www.ocorreionews.com.br\/acervo-correio\/index.php?rest_route=\/wp\/v2\/posts\/246709","targetHints":{"allow":["GET"]}}],"collection":[{"href":"https:\/\/www.ocorreionews.com.br\/acervo-correio\/index.php?rest_route=\/wp\/v2\/posts"}],"about":[{"href":"https:\/\/www.ocorreionews.com.br\/acervo-correio\/index.php?rest_route=\/wp\/v2\/types\/post"}],"author":[{"embeddable":true,"href":"https:\/\/www.ocorreionews.com.br\/acervo-correio\/index.php?rest_route=\/wp\/v2\/users\/5"}],"replies":[{"embeddable":true,"href":"https:\/\/www.ocorreionews.com.br\/acervo-correio\/index.php?rest_route=%2Fwp%2Fv2%2Fcomments&post=246709"}],"version-history":[{"count":3,"href":"https:\/\/www.ocorreionews.com.br\/acervo-correio\/index.php?rest_route=\/wp\/v2\/posts\/246709\/revisions"}],"predecessor-version":[{"id":246714,"href":"https:\/\/www.ocorreionews.com.br\/acervo-correio\/index.php?rest_route=\/wp\/v2\/posts\/246709\/revisions\/246714"}],"wp:featuredmedia":[{"embeddable":true,"href":"https:\/\/www.ocorreionews.com.br\/acervo-correio\/index.php?rest_route=\/wp\/v2\/media\/246047"}],"wp:attachment":[{"href":"https:\/\/www.ocorreionews.com.br\/acervo-correio\/index.php?rest_route=%2Fwp%2Fv2%2Fmedia&parent=246709"}],"wp:term":[{"taxonomy":"category","embeddable":true,"href":"https:\/\/www.ocorreionews.com.br\/acervo-correio\/index.php?rest_route=%2Fwp%2Fv2%2Fcategories&post=246709"},{"taxonomy":"post_tag","embeddable":true,"href":"https:\/\/www.ocorreionews.com.br\/acervo-correio\/index.php?rest_route=%2Fwp%2Fv2%2Ftags&post=246709"}],"curies":[{"name":"wp","href":"https:\/\/api.w.org\/{rel}","templated":true}]}}