{"id":246720,"date":"2023-07-27T07:36:07","date_gmt":"2023-07-27T11:36:07","guid":{"rendered":"https:\/\/www.ocorreionews.com.br\/acervo-correio\/?p=246720"},"modified":"2023-07-27T07:36:07","modified_gmt":"2023-07-27T11:36:07","slug":"tragedia-explosao-em-cooperativa-faz-vitimas-no-parana","status":"publish","type":"post","link":"https:\/\/www.ocorreionews.com.br\/acervo-correio\/?p=246720","title":{"rendered":"TRAG\u00c9DIA: Explos\u00e3o em cooperativa faz v\u00edtimas no Paran\u00e1"},"content":{"rendered":"<blockquote>\n<h2 class=\"content-head__subtitle\"><span style=\"font-size: 12pt;\">Sesa informou ontem que 10 pessoas estavam em estado grave, mas com a oitava morte, passam a ser nove os feridos gravemente. Uma pessoa est\u00e1 desaparecida, segundo Defesa Civil.<\/span><\/h2>\n<\/blockquote>\n<div id=\"chunk-fabul\">\n<div class=\"mc-column content-text active-extra-styles \" data-block-type=\"unstyled\" data-block-weight=\"34\" data-block-id=\"3\">\n<p class=\"content-text__container \" data-track-category=\"Link no Texto\" data-track-links=\"\">Subiu para <strong>oito o n\u00famero de mortos em explos\u00f5es<\/strong> em um silo de secagem de gr\u00e3os da C.Vale, cooperativa agroindustrial de Palotina, no oeste do Paran\u00e1. O caso aconteceu na tarde de quarta-feira (26).<\/p>\n<\/div>\n<\/div>\n<div class=\"wall protected-content\">\n<div id=\"chunk-es2b\">\n<div class=\"mc-column content-text active-extra-styles \" data-block-type=\"unstyled\" data-block-weight=\"22\" data-block-id=\"4\">\n<p class=\"content-text__container \" data-track-category=\"Link no Texto\" data-track-links=\"\">No in\u00edcio da manh\u00e3 desta quinta-feira (27) eram sete mortos. O Instituto M\u00e9dico-Legal (IML) confirmou a oitava v\u00edtima por volta de 8h.<\/p>\n<\/div>\n<\/div>\n<div id=\"chunk-199ts\">\n<div class=\"mc-column content-text active-extra-styles\" data-block-type=\"raw\" data-block-weight=\"6\" data-block-id=\"5\">\n<p>&nbsp;<\/p>\n<\/div>\n<\/div>\n<div id=\"chunk-996eu\">\n<div class=\"mc-column content-text active-extra-styles \" data-block-type=\"unstyled\" data-block-weight=\"41\" data-block-id=\"6\">\n<p class=\"content-text__container \" data-track-category=\"Link no Texto\" data-track-links=\"\">Segundo a Defesa Civil, <strong>12 pessoas ficaram feridas <\/strong>no acidente. Na manh\u00e3 desta quinta, a <strong>Secretaria de Estado de Sa\u00fade (Sesa) informou que 10 pessoas estavam em estado grave<\/strong>, mas com a nova morte, <strong>passam a ser nove<\/strong> os feridos gravemente.<\/p>\n<\/div>\n<\/div>\n<div id=\"chunk-as5ru\"><\/div>\n<div id=\"chunk-4kq59\">\n<div class=\"mc-column content-text active-extra-styles \" data-block-type=\"unstyled\" data-block-weight=\"9\" data-block-id=\"8\">\n<p class=\"content-text__container \" data-track-category=\"Link no Texto\" data-track-links=\"\">Todos os feridos foram encaminhados para hospitais da regi\u00e3o.<\/p>\n<\/div>\n<\/div>\n<div id=\"chunk-h0mn\">\n<div class=\"mc-column content-text active-extra-styles \" data-block-type=\"unstyled\" data-block-weight=\"19\" data-block-id=\"9\">\n<p class=\"content-text__container \" data-track-category=\"Link no Texto\" data-track-links=\"\">Na manh\u00e3 desta quinta (27), a Defesa Civil informou que <strong>uma pessoa est\u00e1 desaparecida<\/strong>. Os trabalhos no local continuam.<\/p>\n<\/div>\n<\/div>\n<div id=\"chunk-11dl3\">\n<div class=\"mc-column content-text active-extra-styles \" data-block-type=\"unstyled\" data-block-weight=\"19\" data-block-id=\"10\">\n<p class=\"content-text__container \" data-track-category=\"Link no Texto\" data-track-links=\"\">O \u00f3rg\u00e3o disse, ainda, que as buscas n\u00e3o foram paralisadas na madrugada, mas a equipe foi reduzida.<\/p>\n<\/div>\n<\/div>\n<div id=\"chunk-d27s9\">\n<div class=\"mc-column content-text active-extra-styles\" data-block-type=\"raw\" data-block-weight=\"12\" data-block-id=\"11\">\n<p>&nbsp;<\/p>\n<\/div>\n<\/div>\n<div id=\"chunk-c8ss\">\n<div class=\"mc-column content-text active-extra-styles \" data-block-type=\"unstyled\" data-block-weight=\"21\" data-block-id=\"12\">\n<p class=\"content-text__container \" data-track-category=\"Link no Texto\" data-track-links=\"\">Em nota, a C.Vale disse que est\u00e1 colaborando com as for\u00e7as de seguran\u00e7a. <strong><em>Leia a nota na \u00edntegra mais abaixo. <\/em><\/strong><\/p>\n<\/div>\n<\/div>\n<div id=\"chunk-c96ih\">\n<div class=\"mc-column content-text active-extra-styles \" data-block-type=\"unstyled\" data-block-weight=\"35\" data-block-id=\"13\">\n<p class=\"content-text__container \" data-track-category=\"Link no Texto\" data-track-links=\"\">O Corpo de Bombeiros informou que montou uma for\u00e7a-tarefa para o resgate das v\u00edtimas. Segundo a institui\u00e7\u00e3o, foram disponibilizados mais de 35 socorristas e c\u00e3es de Palotina, Cascavel e Toledo, cidades do oeste do Paran\u00e1.<\/p>\n<\/div>\n<\/div>\n<div id=\"chunk-8t93j\"><img loading=\"lazy\" decoding=\"async\" class=\"alignnone size-full wp-image-246722\" src=\"https:\/\/www.ocorreionews.com.br\/acervo-correio\/wp-content\/uploads\/2023\/07\/explosao-PR.jpg\" alt=\"\" width=\"900\" height=\"849\" srcset=\"https:\/\/www.ocorreionews.com.br\/acervo-correio\/wp-content\/uploads\/2023\/07\/explosao-PR.jpg 900w, https:\/\/www.ocorreionews.com.br\/acervo-correio\/wp-content\/uploads\/2023\/07\/explosao-PR-300x283.jpg 300w, https:\/\/www.ocorreionews.com.br\/acervo-correio\/wp-content\/uploads\/2023\/07\/explosao-PR-768x724.jpg 768w\" sizes=\"auto, (max-width: 900px) 100vw, 900px\" \/><\/div>\n<div id=\"chunk-ct34h\"><\/div>\n<div id=\"chunk-5e4sn\">\n<div class=\"bs-video-block mc-column  content-media content-video\" data-block-type=\"backstage-video\" data-block-id=\"15\">\n<div class=\"content-media__container\">\n<div class=\"content-video__bigger-player-description-fixer\">\n<article class=\"content-video\">\n<section class=\"content-video__video-container\">\n<div class=\"content-video__video\">\n<div class=\"content-video__placeholder\" data-video-id=\"11814798\" data-video-has-viewport-play=\"True\"><\/div>\n<\/div>\n<\/section>\n<\/article>\n<\/div>\n<\/div>\n<\/div>\n<\/div>\n<\/div>\n<div id=\"chunk-5e4sn\">\n<div class=\"bs-video-block mc-column  content-media content-video\" data-block-type=\"backstage-video\" data-block-id=\"15\">\n<div class=\"content-media__container\">\n<div class=\"content-video__bigger-player-description-fixer\">\n<article class=\"content-video\">\n<section class=\"content-video__video-container\">\n<div class=\"content-video__video\"><\/div>\n<\/section>\n<\/article>\n<\/div>\n<p class=\"content-media__description\">Imagens mostram estragos ap\u00f3s explos\u00f5es em cooperativa em Palatina (PR)<\/p>\n<\/div>\n<\/div>\n<\/div>\n<div id=\"chunk-6ldf3\">\n<div class=\"mc-column content-text active-extra-styles \" data-block-type=\"unstyled\" data-block-weight=\"38\" data-block-id=\"16\">\n<p class=\"content-text__container \" data-track-category=\"Link no Texto\" data-track-links=\"\">Na noite de quarta o governo estadual anunciou o envio, em dois avi\u00f5es da Casa Militar, de 14 bombeiros do Grupo de Opera\u00e7\u00f5es de Socorro T\u00e1tico (Gost), equipe especializada da corpora\u00e7\u00e3o. Dois c\u00e3es tamb\u00e9m seguir\u00e3o nesses voos.<\/p>\n<\/div>\n<\/div>\n<div id=\"chunk-euah1\">\n<div class=\"mc-column content-text active-extra-styles\" data-block-type=\"raw\" data-block-weight=\"5\" data-block-id=\"17\">\n<p class=\"content-text__container\">\n<div class=\"content-intertitle\">\n<h2><strong>O que diz a C.Vale<\/strong><\/h2>\n<\/div>\n<p>&nbsp;<\/p>\n<\/div>\n<\/div>\n<div id=\"chunk-9l1mi\">\n<div class=\"mc-column content-text active-extra-styles \" data-block-type=\"unstyled\" data-block-weight=\"42\" data-block-id=\"18\">\n<p class=\"content-text__container \" data-track-category=\"Link no Texto\" data-track-links=\"\"><em>&#8220;A C.Vale comunica aos seus associados e comunidade em geral que nesta quarta-feira, 26 de julho, \u00e0s 16h50, um sinistro de grandes propor\u00e7\u00f5es atingiu nossa unidade central de recebimentos de gr\u00e3os em Palotina, oeste do Paran\u00e1, devido a causas ainda n\u00e3o identificadas.<\/em><\/p>\n<\/div>\n<\/div>\n<div id=\"chunk-o7t7\">\n<div class=\"mc-column content-text active-extra-styles \" data-block-type=\"unstyled\" data-block-weight=\"32\" data-block-id=\"19\">\n<p class=\"content-text__container \" data-track-category=\"Link no Texto\" data-track-links=\"\"><em>No momento, a prioridade est\u00e1 centrada na mobiliza\u00e7\u00e3o de todos os esfor\u00e7os e recursos necess\u00e1rios \u00e0 preserva\u00e7\u00e3o da integridade dos colaboradores atingidos pelo incidente e apoio aos familiares das poss\u00edveis v\u00edtimas atingidas.<\/em><\/p>\n<\/div>\n<\/div>\n<div id=\"chunk-b2shn\"><\/div>\n<div id=\"chunk-4u8oq\">\n<div class=\"mc-column content-text active-extra-styles \" data-block-type=\"unstyled\" data-block-weight=\"22\" data-block-id=\"21\">\n<p class=\"content-text__container \" data-track-category=\"Link no Texto\" data-track-links=\"\"><em>No momento, todas as equipes de seguran\u00e7a da cooperativa est\u00e3o ativas colaborando com autoridades p\u00fablicas envolvidas, visando minimizar efeitos desse lament\u00e1vel evento.<\/em><\/p>\n<\/div>\n<\/div>\n<div id=\"chunk-4rfm8\">\n<div class=\"mc-column content-text active-extra-styles \" data-block-type=\"unstyled\" data-block-weight=\"29\" data-block-id=\"22\">\n<p class=\"content-text__container \" data-track-category=\"Link no Texto\" data-track-links=\"\"><em>Assim que todas as vari\u00e1veis forem identificadas e apuradas as repercuss\u00f5es geradas pelo incidente, nova nota de esclarecimento ser\u00e1 emitida pela equipe de gerenciamento de crise instalada nessa oportunidade.&#8221;<\/em><\/p>\n<\/div>\n<\/div>\n<div id=\"chunk-7ib4p\">\n<div class=\"mc-column content-text active-extra-styles\" data-block-type=\"raw\" data-block-weight=\"8\" data-block-id=\"23\">\n<p class=\"content-text__container\">\n<div class=\"content-intertitle\">\n<h2>&#8216;\u00c9 uma corrida contra o tempo&#8217;, afirma capit\u00e3o<\/h2>\n<\/div>\n<p>&nbsp;<\/p>\n<\/div>\n<\/div>\n<div id=\"chunk-2rb3e\">\n<div class=\"bs-video-block mc-column  content-media content-video\" data-block-type=\"backstage-video\" data-block-id=\"24\">\n<div class=\"content-media__container\">\n<div class=\"content-video__bigger-player-description-fixer\">\n<article class=\"content-video\">\n<section class=\"content-video__video-container\">\n<div class=\"content-video__video\">\n<div class=\"content-video__placeholder\" data-video-id=\"11815011\" data-video-has-viewport-play=\"True\"><img decoding=\"async\" class=\"content-video__placeholder__thumb\" title=\"Capit\u00e3o do Corpo de Bombeiros detalha como explos\u00f5es aconteceram\" src=\"https:\/\/s04.video.glbimg.com\/x240\/11815011.jpg\" alt=\"Capit\u00e3o do Corpo de Bombeiros detalha como explos\u00f5es aconteceram\" \/><\/div>\n<\/div>\n<\/section>\n<\/article>\n<\/div>\n<\/div>\n<\/div>\n<\/div>\n<div id=\"chunk-2rb3e\">\n<div class=\"bs-video-block mc-column  content-media content-video\" data-block-type=\"backstage-video\" data-block-id=\"24\">\n<div class=\"content-media__container\">\n<div class=\"content-video__bigger-player-description-fixer\">\n<article class=\"content-video\">\n<section class=\"content-video__video-container\">\n<div class=\"content-video__video\"><\/div>\n<\/section>\n<\/article>\n<\/div>\n<p class=\"content-media__description\">Capit\u00e3o do Corpo de Bombeiros detalha como explos\u00f5es aconteceram<\/p>\n<\/div>\n<\/div>\n<\/div>\n<div id=\"chunk-3l5fq\">\n<div class=\"mc-column content-text active-extra-styles \" data-block-type=\"unstyled\" data-block-weight=\"28\" data-block-id=\"25\">\n<p class=\"content-text__container \" data-track-category=\"Link no Texto\" data-track-links=\"\">O capit\u00e3o Rodrigues, do Corpo de Bombeiros, explicou que as v\u00edtimas estavam em um t\u00fanel que interliga os armaz\u00e9ns do silo na hora das explos\u00f5es. <strong><em>Veja acima. <\/em><\/strong><\/p>\n<\/div>\n<\/div>\n<div id=\"chunk-fq3bb\">\n<div class=\"mc-column content-text active-extra-styles\" data-block-type=\"raw\" data-block-weight=\"30\" data-block-id=\"26\">\n<p class=\"content-text__container\">\n<blockquote class=\"content-blockquote theme-border-color-primary-before\"><p>&#8220;As v\u00edtimas estavam no subsolo, nesse t\u00fanel, e a estrutura veio abaixo por conta da explos\u00e3o. Estamos trabalhando o mais r\u00e1pido poss\u00edvel no resgate. \u00c9 uma corrida contra o tempo.&#8221;<\/p><\/blockquote>\n<p>&nbsp;<\/p>\n<\/div>\n<\/div>\n<div id=\"chunk-384he\"><img loading=\"lazy\" decoding=\"async\" class=\"alignnone size-full wp-image-246723\" src=\"https:\/\/www.ocorreionews.com.br\/acervo-correio\/wp-content\/uploads\/2023\/07\/explosao-PR2.jpg\" alt=\"\" width=\"576\" height=\"1024\" srcset=\"https:\/\/www.ocorreionews.com.br\/acervo-correio\/wp-content\/uploads\/2023\/07\/explosao-PR2.jpg 576w, https:\/\/www.ocorreionews.com.br\/acervo-correio\/wp-content\/uploads\/2023\/07\/explosao-PR2-169x300.jpg 169w\" sizes=\"auto, (max-width: 576px) 100vw, 576px\" \/><\/div>\n<div id=\"chunk-f1v0j\">\n<div class=\"mc-column content-text active-extra-styles \" data-block-type=\"unstyled\" data-block-weight=\"16\" data-block-id=\"28\">\n<p class=\"content-text__container \" data-track-category=\"Link no Texto\" data-track-links=\"\">O oficial detalhou onde os corpos foram localizados pelos primeiros socorristas que chegaram ao local.<\/p>\n<\/div>\n<\/div>\n<div id=\"chunk-ib7b\">\n<div class=\"mc-column content-text active-extra-styles \" data-block-type=\"unstyled\" data-block-weight=\"39\" data-block-id=\"29\">\n<p class=\"content-text__container \" data-track-category=\"Link no Texto\" data-track-links=\"\">&#8220;Provavelmente elas foram atingidas pela onda de choque que se propaga no momento da explos\u00e3o e acabaram morrendo [&#8230;] Um dos corpos estava \u00e0 frente do armaz\u00e9m, onde era realizado o servi\u00e7o, e outra v\u00edtima estava atr\u00e1s&#8221;, afirmou.<\/p>\n<\/div>\n<\/div>\n<div id=\"chunk-2q7dc\">\n<div class=\"mc-column content-text active-extra-styles\" data-block-type=\"raw\" data-block-weight=\"1\" data-block-id=\"30\">\n<p class=\"content-text__container\">\n<div class=\"content-intertitle\">\n<h2>For\u00e7a-tarefa<\/h2>\n<\/div>\n<p>&nbsp;<\/p>\n<\/div>\n<\/div>\n<div id=\"chunk-5clgm\">\n<div class=\"mc-column content-text active-extra-styles \" data-block-type=\"unstyled\" data-block-weight=\"41\" data-block-id=\"31\">\n<p class=\"content-text__container \" data-track-category=\"Link no Texto\" data-track-links=\"\">A cooperativa tem atua\u00e7\u00e3o no Paran\u00e1, Santa Catarina, Mato Grosso, Mato Grosso do Sul, Rio Grande do Sul e Paraguai. Ela \u00e9 considerada a 5\u00aa maior do agroneg\u00f3cio na regi\u00e3o sul do Brasil em vendas e a 2\u00aa maior do Paran\u00e1.<\/p>\n<\/div>\n<\/div>\n<div id=\"chunk-drtae\">\n<div class=\"mc-column content-text active-extra-styles \" data-block-type=\"unstyled\" data-block-weight=\"24\" data-block-id=\"32\">\n<p class=\"content-text__container \" data-track-category=\"Link no Texto\" data-track-links=\"\">Em nota, a Secretaria de Estado de Sa\u00fade informou que est\u00e1 auxiliando a Prefeitura de Palotina nas transfer\u00eancias dos pacientes feridos. <strong><em>Veja abaixo. <\/em><\/strong><\/p>\n<\/div>\n<\/div>\n<div id=\"chunk-3gtd8\">\n<div class=\"mc-column content-text active-extra-styles \" data-block-type=\"unstyled\" data-block-weight=\"90\" data-block-id=\"33\">\n<p class=\"content-text__container \" data-track-category=\"Link no Texto\" data-track-links=\"\"><em>&#8220;A Secretaria de Estado da Sa\u00fade (Sesa) est\u00e1 em alerta para o apoio operacional e de assist\u00eancia nas unidades e estruturas hospitalares do Estado para o caso do incidente em Palotina e auxilia o munic\u00edpio por meio da Regula\u00e7\u00e3o de Leitos na transfer\u00eancia e encaminhamento de pacientes. At\u00e9 \u00e0s 20h a Regula\u00e7\u00e3o registrou a transfer\u00eancia de um paciente para a Policl\u00ednica de Cascavel e aguarda novas demandas por parte do Hospital Municipal de Palotina. A Sesa j\u00e1 acionou os hospitais de refer\u00eancia do Estado para poss\u00edveis acolhimentos de outros feridos&#8221;.<\/em><\/p>\n<\/div>\n<\/div>\n<div id=\"chunk-c4r1e\"><\/div>\n<div id=\"chunk-fhh5q\">\n<div class=\"mc-column content-text active-extra-styles\" data-block-type=\"raw\" data-block-weight=\"7\" data-block-id=\"35\">\n<p class=\"content-text__container\">\n<div class=\"content-intertitle\">\n<h2>Vidros de casas quebraram com as explos\u00f5es<\/h2>\n<\/div>\n<p>&nbsp;<\/p>\n<\/div>\n<\/div>\n<div id=\"chunk-dn5ja\">\n<div class=\"row medium-uncollapsed content-media content-photo\" data-block-type=\"backstage-photo\" data-block-id=\"36\">\n<div class=\" mc-column  content-media__container\">\n<div class=\"content-media-container glb-skeleton-box\">\n<figure class=\"content-media-figure\"><img decoding=\"async\" class=\"i-amphtml-fill-content i-amphtml-replaced-content\" src=\"https:\/\/s2-g1.glbimg.com\/T85g4VqFRrnmjPPMdXUFLlJ7dRQ=\/0x0:1600x900\/984x0\/smart\/filters:strip_icc()\/i.s3.glbimg.com\/v1\/AUTH_59edd422c0c84a879bd37670ae4f538a\/internal_photos\/bs\/2023\/t\/d\/BUyBj1T8GAeEuJmsBPbA\/whatsapp-image-2023-07-26-at-18.52.25-2-.jpeg\" sizes=\"(max-width: 1366px) 648px, 100vw\" srcset=\"https:\/\/s2-g1.glbimg.com\/a2WvkSGaK6TtaX2KX8IXnKdij_Y=\/0x0:1600x900\/1000x0\/smart\/filters:strip_icc()\/i.s3.glbimg.com\/v1\/AUTH_59edd422c0c84a879bd37670ae4f538a\/internal_photos\/bs\/2023\/t\/d\/BUyBj1T8GAeEuJmsBPbA\/whatsapp-image-2023-07-26-at-18.52.25-2-.jpeg 1000w, https:\/\/s2-g1.glbimg.com\/T85g4VqFRrnmjPPMdXUFLlJ7dRQ=\/0x0:1600x900\/984x0\/smart\/filters:strip_icc()\/i.s3.glbimg.com\/v1\/AUTH_59edd422c0c84a879bd37670ae4f538a\/internal_photos\/bs\/2023\/t\/d\/BUyBj1T8GAeEuJmsBPbA\/whatsapp-image-2023-07-26-at-18.52.25-2-.jpeg 984w, https:\/\/s2-g1.glbimg.com\/GxQPymUPkFAaI7MqvkFW1JL37Z8=\/0x0:1600x900\/640x0\/smart\/filters:strip_icc()\/i.s3.glbimg.com\/v1\/AUTH_59edd422c0c84a879bd37670ae4f538a\/internal_photos\/bs\/2023\/t\/d\/BUyBj1T8GAeEuJmsBPbA\/whatsapp-image-2023-07-26-at-18.52.25-2-.jpeg 640w, https:\/\/s2-g1.glbimg.com\/I8bS-FdStCqwE9qidf4vxqxIeOc=\/0x0:1600x900\/600x0\/smart\/filters:strip_icc()\/i.s3.glbimg.com\/v1\/AUTH_59edd422c0c84a879bd37670ae4f538a\/internal_photos\/bs\/2023\/t\/d\/BUyBj1T8GAeEuJmsBPbA\/whatsapp-image-2023-07-26-at-18.52.25-2-.jpeg 600w\" alt=\"Explos\u00f5es em cooperativa de Palotina deixam mortos e feridos \u2014 Foto: Reprodu\u00e7\u00e3o\/RPC\" \/><\/figure>\n<\/div>\n<p class=\"content-media__description  \">Explos\u00f5es em cooperativa de Palotina deixam mortos e feridos \u2014 Foto: Reprodu\u00e7\u00e3o\/RPC<\/p>\n<\/div>\n<\/div>\n<\/div>\n<div id=\"chunk-d98et\">\n<div class=\"mc-column content-text active-extra-styles \" data-block-type=\"unstyled\" data-block-weight=\"24\" data-block-id=\"37\">\n<p class=\"content-text__container \" data-track-category=\"Link no Texto\" data-track-links=\"\">Moradores da regi\u00e3o afirmaram que sentiram o tremor causado pelas explos\u00f5es. Em alguns casos, segundo as testemunhas, vidros das resid\u00eancias chegaram a quebrar.<\/p>\n<\/div>\n<\/div>\n<div id=\"chunk-bfkv1\">\n<div class=\"mc-column content-text active-extra-styles \" data-block-type=\"unstyled\" data-block-weight=\"15\" data-block-id=\"38\">\n<p class=\"content-text__container \" data-track-category=\"Link no Texto\" data-track-links=\"\">H\u00e1 relato de tremores em casas a cerca de 8 quil\u00f4metros de dist\u00e2ncia da cooperativa.<\/p>\n<\/div>\n<\/div>\n<div id=\"chunk-degtp\">\n<div class=\"mc-column content-text active-extra-styles \" data-block-type=\"unstyled\" data-block-weight=\"11\" data-block-id=\"39\">\n<p class=\"content-text__container \" data-track-category=\"Link no Texto\" data-track-links=\"\">Os bombeiros orientam que os moradores n\u00e3o se aproximem do local.<\/p>\n<\/div>\n<\/div>\n<div id=\"chunk-s416\">\n<div class=\"show-flourish-embed-block\">\n<div class=\"show-flourish-embed-block__container show-flourish-embed-block__container--visualization\" data-flourish-embed=\"\" data-flourish-content-type=\"visualization\">\n<div class=\"flourish-embed flourish-embed--visualization flourish-background\" data-src=\"visualisation\/14558988\" data-width=\"100%\"><\/div>\n<\/div>\n<\/div>\n<\/div>\n<div id=\"chunk-8n0t\"><\/div>\n<div id=\"chunk-4tbic\">\n<div class=\"show-multicontent-playlist-container mc-column\" data-track-category=\"multicontent\" data-track-action=\"playlist-multicontent-block\" data-track-scroll=\"view\" data-track-click=\"click\" data-block-type=\"playlist\" data-block-id=\"41\">\n<div class=\"show-multicontent-playlist\"><\/div>\n<\/div>\n<\/div>\n<p><span class=\"show-multicontent-playlist__label\">\u00a0<\/span><img decoding=\"async\" class=\"i-amphtml-fill-content i-amphtml-replaced-content\" src=\"https:\/\/s2-g1.glbimg.com\/pVzxjVVzSW5xowWidx7mIVzboBg=\/650x0\/smart\/filters:strip_icc()\/s03.video.glbimg.com\/deo\/vi\/10\/45\/11814510\" sizes=\"(max-width: 1366px) 417px, 100vw\" srcset=\"https:\/\/s2-g1.glbimg.com\/pVzxjVVzSW5xowWidx7mIVzboBg=\/650x0\/smart\/filters:strip_icc()\/s03.video.glbimg.com\/deo\/vi\/10\/45\/11814510\n 650w,https:\/\/s2-g1.glbimg.com\/uniZczt4WzD9tc-hbxaKC4A4WgM=\/640x0\/smart\/filters:strip_icc()\/s03.video.glbimg.com\/deo\/vi\/10\/45\/11814510\n 640w,https:\/\/s2-g1.glbimg.com\/JP4AskNj3XpQBGbB3YxhUJAg9LE=\/416x0\/smart\/filters:strip_icc()\/s03.video.glbimg.com\/deo\/vi\/10\/45\/11814510\n 416w,https:\/\/s2-g1.glbimg.com\/8px5fmwP44ZPBeN1A9vWTHcZDrA=\/390x0\/smart\/filters:strip_icc()\/s03.video.glbimg.com\/deo\/vi\/10\/45\/11814510\n 390w\" alt=\"Explos\u00e3o em cooperativa de Palotina deixa mortos e feridos, diz Consamu\" \/><\/p>\n<p>Por g1 PR e RPC \u2014 Cascavel<\/p>\n","protected":false},"excerpt":{"rendered":"<p>Sesa informou ontem que 10 pessoas estavam em estado grave, mas com a oitava morte, passam a ser nove os feridos gravemente. Uma pessoa est\u00e1 desaparecida, segundo Defesa Civil. Subiu para oito o n\u00famero de mortos em explos\u00f5es em um silo de secagem de gr\u00e3os da C.Vale, cooperativa agroindustrial de Palotina, no oeste do Paran\u00e1. [&hellip;]<\/p>\n","protected":false},"author":4,"featured_media":246722,"comment_status":"closed","ping_status":"closed","sticky":false,"template":"","format":"standard","meta":{"footnotes":""},"categories":[38],"tags":[],"class_list":["post-246720","post","type-post","status-publish","format-standard","has-post-thumbnail","hentry","category-policia"],"_links":{"self":[{"href":"https:\/\/www.ocorreionews.com.br\/acervo-correio\/index.php?rest_route=\/wp\/v2\/posts\/246720","targetHints":{"allow":["GET"]}}],"collection":[{"href":"https:\/\/www.ocorreionews.com.br\/acervo-correio\/index.php?rest_route=\/wp\/v2\/posts"}],"about":[{"href":"https:\/\/www.ocorreionews.com.br\/acervo-correio\/index.php?rest_route=\/wp\/v2\/types\/post"}],"author":[{"embeddable":true,"href":"https:\/\/www.ocorreionews.com.br\/acervo-correio\/index.php?rest_route=\/wp\/v2\/users\/4"}],"replies":[{"embeddable":true,"href":"https:\/\/www.ocorreionews.com.br\/acervo-correio\/index.php?rest_route=%2Fwp%2Fv2%2Fcomments&post=246720"}],"version-history":[{"count":1,"href":"https:\/\/www.ocorreionews.com.br\/acervo-correio\/index.php?rest_route=\/wp\/v2\/posts\/246720\/revisions"}],"predecessor-version":[{"id":246724,"href":"https:\/\/www.ocorreionews.com.br\/acervo-correio\/index.php?rest_route=\/wp\/v2\/posts\/246720\/revisions\/246724"}],"wp:featuredmedia":[{"embeddable":true,"href":"https:\/\/www.ocorreionews.com.br\/acervo-correio\/index.php?rest_route=\/wp\/v2\/media\/246722"}],"wp:attachment":[{"href":"https:\/\/www.ocorreionews.com.br\/acervo-correio\/index.php?rest_route=%2Fwp%2Fv2%2Fmedia&parent=246720"}],"wp:term":[{"taxonomy":"category","embeddable":true,"href":"https:\/\/www.ocorreionews.com.br\/acervo-correio\/index.php?rest_route=%2Fwp%2Fv2%2Fcategories&post=246720"},{"taxonomy":"post_tag","embeddable":true,"href":"https:\/\/www.ocorreionews.com.br\/acervo-correio\/index.php?rest_route=%2Fwp%2Fv2%2Ftags&post=246720"}],"curies":[{"name":"wp","href":"https:\/\/api.w.org\/{rel}","templated":true}]}}