{"id":246725,"date":"2023-07-27T07:54:27","date_gmt":"2023-07-27T11:54:27","guid":{"rendered":"https:\/\/www.ocorreionews.com.br\/acervo-correio\/?p=246725"},"modified":"2023-07-27T08:36:00","modified_gmt":"2023-07-27T12:36:00","slug":"policia-identifica-corpos-carbonizados-em-tres-lagoas","status":"publish","type":"post","link":"https:\/\/www.ocorreionews.com.br\/acervo-correio\/?p=246725","title":{"rendered":"Policia identifica corpos carbonizados em Tr\u00eas Lagoas"},"content":{"rendered":"<p>A Pol\u00edcia Civil chegou a identifica\u00e7\u00e3o do segundo corpo encontrado carbonizado pr\u00f3ximo \u00e0 BR-158 e uma estrada vicinal, em Tr\u00eas Lagoas, a 338 km de Campo Grande. Trata-se de Denis Ant\u00f4nio de Souza Queir\u00f3s, de 31 anos. No mesmo dia, uma jovem tamb\u00e9m foi encontrada carbonizada e identificada como Leide Jasmin Rodrigues, 21.<\/p>\n<p>Uma tatuagem no bra\u00e7o direito com escrito &#8220;madre&#8221; ajudou na identifica\u00e7\u00e3o de Denis. O corpo dele estava parcialmente queimado, principalmente na regi\u00e3o genital. A suspeita da Pol\u00edcia Civil \u00e9 de que o rapaz tenha sido morto estrangulado por uma corda.<\/p>\n<p>&nbsp;<\/p>\n<p>Ainda, conforme informa\u00e7\u00f5es da R\u00e1dio Ca\u00e7ula, a fam\u00edlia de Denis \u00e9 de S\u00e3o Paulo e vai at\u00e9 o Imol (Instituto M\u00e9dico e Odontol\u00f3gico Legal) na manh\u00e3 desta quinta-feira (27).<\/p>\n<p><strong>1\u00aa v\u00edtima &#8211;<\/strong> Tr\u00eas horas antes de Denis ser encontrado morto, o corpo de uma mulher tamb\u00e9m foi localizado na manh\u00e3 de s\u00e1bado, 22 de julho, atr\u00e1s da Unei (Unidade Educacional de Interna\u00e7\u00e3o) de Tr\u00eas Lagoas, e estava totalmente queimado.<\/p>\n<p>A v\u00edtima se trata de Leide Jasmin Rodrigues, que morava em Ponta Por\u00e3 e estaria de passagem por Tr\u00eas Lagoas, a cerca de 22 dias. Depois, ela seguiria para S\u00e3o Paulo.<\/p>\n<p>Denis foi visto em companhia da jovem, mas detalhes n\u00e3o foram informados. A pol\u00edcia apura a liga\u00e7\u00e3o entre os casos.<\/p>\n<p>Por Dayene Paz campograndenews<\/p>\n","protected":false},"excerpt":{"rendered":"<p>A Pol\u00edcia Civil chegou a identifica\u00e7\u00e3o do segundo corpo encontrado carbonizado pr\u00f3ximo \u00e0 BR-158 e uma estrada vicinal, em Tr\u00eas Lagoas, a 338 km de Campo Grande. Trata-se de Denis Ant\u00f4nio de Souza Queir\u00f3s, de 31 anos. No mesmo dia, uma jovem tamb\u00e9m foi encontrada carbonizada e identificada como Leide Jasmin Rodrigues, 21. Uma tatuagem [&hellip;]<\/p>\n","protected":false},"author":4,"featured_media":246741,"comment_status":"closed","ping_status":"closed","sticky":false,"template":"","format":"standard","meta":{"footnotes":""},"categories":[38],"tags":[],"class_list":["post-246725","post","type-post","status-publish","format-standard","has-post-thumbnail","hentry","category-policia"],"_links":{"self":[{"href":"https:\/\/www.ocorreionews.com.br\/acervo-correio\/index.php?rest_route=\/wp\/v2\/posts\/246725","targetHints":{"allow":["GET"]}}],"collection":[{"href":"https:\/\/www.ocorreionews.com.br\/acervo-correio\/index.php?rest_route=\/wp\/v2\/posts"}],"about":[{"href":"https:\/\/www.ocorreionews.com.br\/acervo-correio\/index.php?rest_route=\/wp\/v2\/types\/post"}],"author":[{"embeddable":true,"href":"https:\/\/www.ocorreionews.com.br\/acervo-correio\/index.php?rest_route=\/wp\/v2\/users\/4"}],"replies":[{"embeddable":true,"href":"https:\/\/www.ocorreionews.com.br\/acervo-correio\/index.php?rest_route=%2Fwp%2Fv2%2Fcomments&post=246725"}],"version-history":[{"count":3,"href":"https:\/\/www.ocorreionews.com.br\/acervo-correio\/index.php?rest_route=\/wp\/v2\/posts\/246725\/revisions"}],"predecessor-version":[{"id":246751,"href":"https:\/\/www.ocorreionews.com.br\/acervo-correio\/index.php?rest_route=\/wp\/v2\/posts\/246725\/revisions\/246751"}],"wp:featuredmedia":[{"embeddable":true,"href":"https:\/\/www.ocorreionews.com.br\/acervo-correio\/index.php?rest_route=\/wp\/v2\/media\/246741"}],"wp:attachment":[{"href":"https:\/\/www.ocorreionews.com.br\/acervo-correio\/index.php?rest_route=%2Fwp%2Fv2%2Fmedia&parent=246725"}],"wp:term":[{"taxonomy":"category","embeddable":true,"href":"https:\/\/www.ocorreionews.com.br\/acervo-correio\/index.php?rest_route=%2Fwp%2Fv2%2Fcategories&post=246725"},{"taxonomy":"post_tag","embeddable":true,"href":"https:\/\/www.ocorreionews.com.br\/acervo-correio\/index.php?rest_route=%2Fwp%2Fv2%2Ftags&post=246725"}],"curies":[{"name":"wp","href":"https:\/\/api.w.org\/{rel}","templated":true}]}}