{"id":246734,"date":"2023-07-27T08:14:27","date_gmt":"2023-07-27T12:14:27","guid":{"rendered":"https:\/\/www.ocorreionews.com.br\/acervo-correio\/?p=246734"},"modified":"2023-07-27T08:14:27","modified_gmt":"2023-07-27T12:14:27","slug":"pm-resgatam-mulher-que-era-mantida-em-carcere-privado-em-costa-rica","status":"publish","type":"post","link":"https:\/\/www.ocorreionews.com.br\/acervo-correio\/?p=246734","title":{"rendered":"PM resgatam mulher que era mantida em c\u00e1rcere privado em Costa Rica"},"content":{"rendered":"<p>Na noite da \u00faltima ter\u00e7a-feira (25), um jovem de 25 anos foi preso na cidade de Costa Rica ap\u00f3s manter sua esposa em c\u00e1rcere privado e ainda amea\u00e7ar matar o irm\u00e3o dela, caso ela fugisse.<\/p>\n<p>Segundo informa\u00e7\u00f5es do Boletim de Ocorr\u00eancia, populares que n\u00e3o que quiseram se identificar acionaram a Policia Militar \u00a0de Costa Rica para atender uma ocorr\u00eancia de c\u00e1rcere com uso de arma de fogo, onde relaram ter recebido mensagens da v\u00edtima, uma jovem de 28 anos, falando que a mesma estaria sendo mantida contra sua vontade dentro de casa por seu marido que estaria sobre posse de arma de fogo, sendo um rev\u00f3lver calibre 38 niquelado.<\/p>\n<p>De imediato os militares foram at\u00e9 a resid\u00eancia da v\u00edtima que fica na Rua Histonile Santos Menezes, no local encontra a v\u00edtima que estava com sua filha de tr\u00eas meses no colo. Segundo ela o seu marido a amea\u00e7ou dizendo que se ela fosse embora iria matar o irm\u00e3o dela, a v\u00edtima autorizou a entrada dos militares em sua resid\u00eancia e l\u00e1 estava o autor sentado em uma cadeira, ao indaga-lo sobre os fatos o mesmo confirmou tudo, por\u00e9m n\u00e3o quis informar onde estaria a arma.<\/p>\n<p>Diante os fatos o autor recebeu voz de pris\u00e3o e foi encaminhado para a Delegacia de Pol\u00edcia.<\/p>\n<p>&nbsp;<\/p>\n<p>&nbsp;<\/p>\n<p><em>* O Correio News, com informa\u00e7\u00f5es da Assessoria de Comunica\u00e7\u00e3o da 4\u00aaCIPM<\/em><\/p>\n","protected":false},"excerpt":{"rendered":"<p>Na noite da \u00faltima ter\u00e7a-feira (25), um jovem de 25 anos foi preso na cidade de Costa Rica ap\u00f3s manter sua esposa em c\u00e1rcere privado e ainda amea\u00e7ar matar o irm\u00e3o dela, caso ela fugisse. Segundo informa\u00e7\u00f5es do Boletim de Ocorr\u00eancia, populares que n\u00e3o que quiseram se identificar acionaram a Policia Militar \u00a0de Costa Rica [&hellip;]<\/p>\n","protected":false},"author":5,"featured_media":244320,"comment_status":"closed","ping_status":"closed","sticky":false,"template":"","format":"standard","meta":{"footnotes":""},"categories":[25,38],"tags":[],"class_list":["post-246734","post","type-post","status-publish","format-standard","has-post-thumbnail","hentry","category-costa-rica","category-policia"],"_links":{"self":[{"href":"https:\/\/www.ocorreionews.com.br\/acervo-correio\/index.php?rest_route=\/wp\/v2\/posts\/246734","targetHints":{"allow":["GET"]}}],"collection":[{"href":"https:\/\/www.ocorreionews.com.br\/acervo-correio\/index.php?rest_route=\/wp\/v2\/posts"}],"about":[{"href":"https:\/\/www.ocorreionews.com.br\/acervo-correio\/index.php?rest_route=\/wp\/v2\/types\/post"}],"author":[{"embeddable":true,"href":"https:\/\/www.ocorreionews.com.br\/acervo-correio\/index.php?rest_route=\/wp\/v2\/users\/5"}],"replies":[{"embeddable":true,"href":"https:\/\/www.ocorreionews.com.br\/acervo-correio\/index.php?rest_route=%2Fwp%2Fv2%2Fcomments&post=246734"}],"version-history":[{"count":1,"href":"https:\/\/www.ocorreionews.com.br\/acervo-correio\/index.php?rest_route=\/wp\/v2\/posts\/246734\/revisions"}],"predecessor-version":[{"id":246737,"href":"https:\/\/www.ocorreionews.com.br\/acervo-correio\/index.php?rest_route=\/wp\/v2\/posts\/246734\/revisions\/246737"}],"wp:featuredmedia":[{"embeddable":true,"href":"https:\/\/www.ocorreionews.com.br\/acervo-correio\/index.php?rest_route=\/wp\/v2\/media\/244320"}],"wp:attachment":[{"href":"https:\/\/www.ocorreionews.com.br\/acervo-correio\/index.php?rest_route=%2Fwp%2Fv2%2Fmedia&parent=246734"}],"wp:term":[{"taxonomy":"category","embeddable":true,"href":"https:\/\/www.ocorreionews.com.br\/acervo-correio\/index.php?rest_route=%2Fwp%2Fv2%2Fcategories&post=246734"},{"taxonomy":"post_tag","embeddable":true,"href":"https:\/\/www.ocorreionews.com.br\/acervo-correio\/index.php?rest_route=%2Fwp%2Fv2%2Ftags&post=246734"}],"curies":[{"name":"wp","href":"https:\/\/api.w.org\/{rel}","templated":true}]}}