{"id":246787,"date":"2023-07-27T13:34:23","date_gmt":"2023-07-27T17:34:23","guid":{"rendered":"https:\/\/www.ocorreionews.com.br\/acervo-correio\/?p=246787"},"modified":"2023-07-27T13:34:23","modified_gmt":"2023-07-27T17:34:23","slug":"criancas-de-11-e-12-anos-sao-atacadas-por-homem-escondido-em-mata-e-estupradas-embaixo-de-ponte-em-ms","status":"publish","type":"post","link":"https:\/\/www.ocorreionews.com.br\/acervo-correio\/?p=246787","title":{"rendered":"Crian\u00e7as de 11 e 12 anos s\u00e3o atacadas por homem escondido em mata e estupradas embaixo de ponte em MS"},"content":{"rendered":"<div id=\"chunk-bs04o\">\n<div class=\"mc-column content-text active-extra-styles \" data-block-type=\"unstyled\" data-block-weight=\"56\" data-block-id=\"3\">\n<p class=\"content-text__container \" data-track-category=\"Link no Texto\" data-track-links=\"\">Duas crian\u00e7as, de 11 e 12 anos, foram atacadas e estupradas por um homem escondido em uma mata na rua Ant\u00f4nio da Silva Batu\u00edra, bairro Parque Residencial dos Girass\u00f3is, em Campo Grande. As v\u00edtimas foram atendidas pela Pol\u00edcia Militar e o caso encaminhado para a Delegacia Especializada de Prote\u00e7\u00e3o \u00e0 Crian\u00e7a e Adolescente.<\/p>\n<p data-track-category=\"Link no Texto\" data-track-links=\"\">\n<\/div>\n<\/div>\n<div class=\"wall protected-content\">\n<div id=\"chunk-aj0mn\">\n<div class=\"mc-column content-text active-extra-styles \" data-block-type=\"unstyled\" data-block-weight=\"48\" data-block-id=\"4\">\n<p class=\"content-text__container \" data-track-category=\"Link no Texto\" data-track-links=\"\">De acordo com o boletim de ocorr\u00eancia, as crian\u00e7as estavam atravessando a ponte, quando o suspeito saiu do mato com uma faca e amea\u00e7ou as duas. Conforme o depoimento das m\u00e3es das v\u00edtimas, o homem levou as meninas para debaixo da ponte, onde praticou o abuso sexual.<\/p>\n<\/div>\n<\/div>\n<div id=\"chunk-atkun\">\n<div class=\"content-ads content-ads--reveal\" data-block-type=\"ads\" data-block-id=\"5\">\n<div><\/div>\n<\/div>\n<\/div>\n<div id=\"chunk-dhl0p\">\n<div class=\"mc-column content-text active-extra-styles \" data-block-type=\"unstyled\" data-block-weight=\"12\" data-block-id=\"6\">\n<p class=\"content-text__container \" data-track-category=\"Link no Texto\" data-track-links=\"\">Ap\u00f3s o crime, o homem fugiu do local levando os celulares.<\/p>\n<p data-track-category=\"Link no Texto\" data-track-links=\"\">\n<\/div>\n<\/div>\n<div id=\"chunk-1kig6\">\n<div class=\"mc-column content-text active-extra-styles \" data-block-type=\"unstyled\" data-block-weight=\"30\" data-block-id=\"7\">\n<p class=\"content-text__container \" data-track-category=\"Link no Texto\" data-track-links=\"\">Ainda conforme a ocorr\u00eancia, durante o abuso o suspeito riscava as v\u00edtimas com a faca. Deixando marcas superficiais nas duas pernas de uma e no punho esquerdo de outra.<\/p>\n<p data-track-category=\"Link no Texto\" data-track-links=\"\">\n<\/div>\n<\/div>\n<div id=\"chunk-dl1c7\">\n<div class=\"mc-column content-text active-extra-styles \" data-block-type=\"unstyled\" data-block-weight=\"28\" data-block-id=\"8\">\n<p class=\"content-text__container \" data-track-category=\"Link no Texto\" data-track-links=\"\">As v\u00edtimas foram apresentadas na Delegacia de Pronto Atendimento Comunit\u00e1rio (Depac) Cepol, onde devem ser ouvidas em escuta especial e passarem por exames m\u00e9dicos legistas, caso necess\u00e1rio.<\/p>\n<p data-track-category=\"Link no Texto\" data-track-links=\"\">\n<\/div>\n<\/div>\n<div id=\"chunk-3q96a\">\n<div class=\"mc-column content-text active-extra-styles \" data-block-type=\"unstyled\" data-block-weight=\"21\" data-block-id=\"9\">\n<p class=\"content-text__container \" data-track-category=\"Link no Texto\" data-track-links=\"\">O suspeito segue foragido e a pol\u00edcia investiga o caso, registado como estupro de vulner\u00e1vel e roubo com arma branca.<\/p>\n<p data-track-category=\"Link no Texto\" data-track-links=\"\">\n<p class=\"content-publication-data__from\" title=\"D\u00e9bora Ricalde e Geisy Garnes, g1 MS\">Por D\u00e9bora Ricalde e Geisy Garnes, g1 MS<\/p>\n<\/div>\n<\/div>\n<\/div>\n","protected":false},"excerpt":{"rendered":"<p>Duas crian\u00e7as, de 11 e 12 anos, foram atacadas e estupradas por um homem escondido em uma mata na rua Ant\u00f4nio da Silva Batu\u00edra, bairro Parque Residencial dos Girass\u00f3is, em Campo Grande. As v\u00edtimas foram atendidas pela Pol\u00edcia Militar e o caso encaminhado para a Delegacia Especializada de Prote\u00e7\u00e3o \u00e0 Crian\u00e7a e Adolescente. De acordo [&hellip;]<\/p>\n","protected":false},"author":5,"featured_media":229215,"comment_status":"closed","ping_status":"closed","sticky":false,"template":"","format":"standard","meta":{"footnotes":""},"categories":[38],"tags":[],"class_list":["post-246787","post","type-post","status-publish","format-standard","has-post-thumbnail","hentry","category-policia"],"_links":{"self":[{"href":"https:\/\/www.ocorreionews.com.br\/acervo-correio\/index.php?rest_route=\/wp\/v2\/posts\/246787","targetHints":{"allow":["GET"]}}],"collection":[{"href":"https:\/\/www.ocorreionews.com.br\/acervo-correio\/index.php?rest_route=\/wp\/v2\/posts"}],"about":[{"href":"https:\/\/www.ocorreionews.com.br\/acervo-correio\/index.php?rest_route=\/wp\/v2\/types\/post"}],"author":[{"embeddable":true,"href":"https:\/\/www.ocorreionews.com.br\/acervo-correio\/index.php?rest_route=\/wp\/v2\/users\/5"}],"replies":[{"embeddable":true,"href":"https:\/\/www.ocorreionews.com.br\/acervo-correio\/index.php?rest_route=%2Fwp%2Fv2%2Fcomments&post=246787"}],"version-history":[{"count":1,"href":"https:\/\/www.ocorreionews.com.br\/acervo-correio\/index.php?rest_route=\/wp\/v2\/posts\/246787\/revisions"}],"predecessor-version":[{"id":246789,"href":"https:\/\/www.ocorreionews.com.br\/acervo-correio\/index.php?rest_route=\/wp\/v2\/posts\/246787\/revisions\/246789"}],"wp:featuredmedia":[{"embeddable":true,"href":"https:\/\/www.ocorreionews.com.br\/acervo-correio\/index.php?rest_route=\/wp\/v2\/media\/229215"}],"wp:attachment":[{"href":"https:\/\/www.ocorreionews.com.br\/acervo-correio\/index.php?rest_route=%2Fwp%2Fv2%2Fmedia&parent=246787"}],"wp:term":[{"taxonomy":"category","embeddable":true,"href":"https:\/\/www.ocorreionews.com.br\/acervo-correio\/index.php?rest_route=%2Fwp%2Fv2%2Fcategories&post=246787"},{"taxonomy":"post_tag","embeddable":true,"href":"https:\/\/www.ocorreionews.com.br\/acervo-correio\/index.php?rest_route=%2Fwp%2Fv2%2Ftags&post=246787"}],"curies":[{"name":"wp","href":"https:\/\/api.w.org\/{rel}","templated":true}]}}