{"id":246795,"date":"2023-07-27T13:45:24","date_gmt":"2023-07-27T17:45:24","guid":{"rendered":"https:\/\/www.ocorreionews.com.br\/acervo-correio\/?p=246795"},"modified":"2023-07-27T13:45:24","modified_gmt":"2023-07-27T17:45:24","slug":"paraiso-das-aguas-e-mais-6-cidades-de-ms-poderao-instalar-infraestrutura-para-conexao-5g","status":"publish","type":"post","link":"https:\/\/www.ocorreionews.com.br\/acervo-correio\/?p=246795","title":{"rendered":"Para\u00edso das \u00c1guas e mais 6 cidades de MS poder\u00e3o instalar infraestrutura para conex\u00e3o 5G"},"content":{"rendered":"<p>Sete novos munic\u00edpios de Mato Grosso do Sul poder\u00e3o instalar infraestrutura para 5G a partir de 31 de julho. A decis\u00e3o ocorreu durante reuni\u00e3o do Gaispi (Grupo de Acompanhamento da Implanta\u00e7\u00e3o das Solu\u00e7\u00f5es para os Problemas de Interfer\u00eancia) na faixa de 3.625 a 3,7 mil MHz, na quarta-feira (26). Ao todo, 102 munic\u00edpios em 17 estados brasileiros implementar\u00e3o a tecnologia.<\/p>\n<p>A partir de agora, Ribas do Rio Pardo, \u00c1gua Clara, Brasil\u00e2ndia, <strong>Para\u00edso das \u00c1guas<\/strong>, Jate\u00ed, Juti e Sonora estar\u00e3o aptos a colocar a nova estrutura.<\/p>\n<p>Vale ressaltar que a libera\u00e7\u00e3o da faixa n\u00e3o implica na instala\u00e7\u00e3o imediata das redes do 5G nas localidades, pois, conforme edital, compromissos est\u00e3o programados para vencer a partir de 2025. A instala\u00e7\u00e3o antecipada de esta\u00e7\u00f5es do 5G nessas cidades depende do planejamento e interesse de cada prestadora.<\/p>\n<p>No total, 1.712 cidades j\u00e1 efetuaram a limpeza da faixa de 3,5 GHz e poder\u00e3o implementar o servi\u00e7o, beneficiando mais de 145 milh\u00f5es de brasileiros, cerca de 69,3% da popula\u00e7\u00e3o brasileira.<\/p>\n<p>Desde que foi ativado, o 5G j\u00e1 alcan\u00e7ou mais de 10 milh\u00f5es de usu\u00e1rios no Brasil, marca que o 4G demorou pouco mais de dois anos para ter, segundo estudo do Conexis (Sindicato das Empresas de Telecomunica\u00e7\u00f5es e Conectividade).<\/p>\n<p>O n\u00famero de usu\u00e1rios deve aumentar ainda mais durante este ano: ao todo, mais de 1.610 munic\u00edpios j\u00e1 receberam autoriza\u00e7\u00e3o da Anatel (Ag\u00eancia Nacional de Telecomunica\u00e7\u00f5es) para ativar o sinal. A ativa\u00e7\u00e3o, no entanto, depende de as operadoras instalarem os equipamentos e pedirem \u00e0 Anatel a ativa\u00e7\u00e3o das antenas.<\/p>\n<p>Atualmente, o grupo de trabalho do governo busca liberar a ativa\u00e7\u00e3o do sinal nos munic\u00edpios que possuem popula\u00e7\u00e3o de at\u00e9 200 mil habitantes e em pelo menos 25% dos que t\u00eam popula\u00e7\u00e3o de at\u00e9 30 mil. O cronograma prev\u00ea que pelo menos at\u00e9 1\u00ba de janeiro de 2026 o sinal comece a ser liberado nos munic\u00edpios com menos de 30 mil moradores.<\/p>\n<p>Conforme apurado pela reportagem, j\u00e1 h\u00e1 ao menos uma antena de conex\u00e3o 5G &#8211; pura ou n\u00e3o -, em Campo Grande, Dourados, Aquidauana e Ribas do Rio Pardo.<\/p>\n<p>O 5G \u00e9 a evolu\u00e7\u00e3o da atual rede de celulares de quarta gera\u00e7\u00e3o (4G). Trata-se de uma rede mais potente e veloz que, al\u00e9m de ser \u201cinteligente\u201d, causa menos impacto ao meio ambiente.<\/p>\n<p><strong>Projeto &#8211;<\/strong> Em publica\u00e7\u00e3o encaminhada pelo Minist\u00e9rio das Comunica\u00e7\u00f5es, o ministro Juscelino Filho explicou que a pasta pretende disponibilizar com agilidade o servi\u00e7o \u00e0 sociedade. &#8220;Existe um cronograma do leil\u00e3o a ser cumprido, mas estamos construindo um caminho junto com as operadoras para antecipar essas entregas\u201d.<\/p>\n<p>\u201cA meta estabelecida para o primeiro semestre de 2023 foi alcan\u00e7ada antes da data limite e mais de 30% dos munic\u00edpios brasileiros j\u00e1 est\u00e3o aptos para instala\u00e7\u00e3o da infraestrutura 5G&#8221;.<\/p>\n<p>Com a decis\u00e3o do Gaispi, as operadoras poder\u00e3o solicitar a implanta\u00e7\u00e3o da infraestrutura da quinta gera\u00e7\u00e3o de redes m\u00f3veis nas localidades. O estado de Minas Gerais teve a maior quantidade de libera\u00e7\u00f5es, com 22 munic\u00edpios. Na sequ\u00eancia, est\u00e3o Rio Grande do Sul (19), Santa Catarina (13), Mato Grosso do Sul (7), Para\u00edba (6), Esp\u00edrito Santo (6), Paran\u00e1 (5), Rio Grande do Norte (5), Rio de Janeiro (4), Mato Grosso (4), Maranh\u00e3o (2), Pernambuco (2), Cear\u00e1 (2), Par\u00e1 (2), Bahia (1), S\u00e3o Paulo (1) e Tocantins (1).<\/p>\n<p>As autoriza\u00e7\u00f5es ocorrem quando conclu\u00edda a migra\u00e7\u00e3o da recep\u00e7\u00e3o do sinal de televis\u00e3o aberta e gratuita por meio de antenas parab\u00f3licas na banda C satelital para a banda Ku. O edital do Leil\u00e3o do 5G tamb\u00e9m garantiu investimento das operadoras vencedoras para distribui\u00e7\u00e3o de kits para recep\u00e7\u00e3o aos cadastrados no Cad\u00danico \u2013 lista de benefici\u00e1rios dos programas sociais do Governo Federal.<\/p>\n<p>&nbsp;<\/p>\n<p>Por Guilherme Correia &#8211; Campo Grande News<\/p>\n","protected":false},"excerpt":{"rendered":"<p>Sete novos munic\u00edpios de Mato Grosso do Sul poder\u00e3o instalar infraestrutura para 5G a partir de 31 de julho. A decis\u00e3o ocorreu durante reuni\u00e3o do Gaispi (Grupo de Acompanhamento da Implanta\u00e7\u00e3o das Solu\u00e7\u00f5es para os Problemas de Interfer\u00eancia) na faixa de 3.625 a 3,7 mil MHz, na quarta-feira (26). Ao todo, 102 munic\u00edpios em 17 [&hellip;]<\/p>\n","protected":false},"author":5,"featured_media":149537,"comment_status":"closed","ping_status":"closed","sticky":false,"template":"","format":"standard","meta":{"footnotes":""},"categories":[41,36],"tags":[],"class_list":["post-246795","post","type-post","status-publish","format-standard","has-post-thumbnail","hentry","category-destaque","category-paraiso-das-aguas"],"_links":{"self":[{"href":"https:\/\/www.ocorreionews.com.br\/acervo-correio\/index.php?rest_route=\/wp\/v2\/posts\/246795","targetHints":{"allow":["GET"]}}],"collection":[{"href":"https:\/\/www.ocorreionews.com.br\/acervo-correio\/index.php?rest_route=\/wp\/v2\/posts"}],"about":[{"href":"https:\/\/www.ocorreionews.com.br\/acervo-correio\/index.php?rest_route=\/wp\/v2\/types\/post"}],"author":[{"embeddable":true,"href":"https:\/\/www.ocorreionews.com.br\/acervo-correio\/index.php?rest_route=\/wp\/v2\/users\/5"}],"replies":[{"embeddable":true,"href":"https:\/\/www.ocorreionews.com.br\/acervo-correio\/index.php?rest_route=%2Fwp%2Fv2%2Fcomments&post=246795"}],"version-history":[{"count":1,"href":"https:\/\/www.ocorreionews.com.br\/acervo-correio\/index.php?rest_route=\/wp\/v2\/posts\/246795\/revisions"}],"predecessor-version":[{"id":246796,"href":"https:\/\/www.ocorreionews.com.br\/acervo-correio\/index.php?rest_route=\/wp\/v2\/posts\/246795\/revisions\/246796"}],"wp:featuredmedia":[{"embeddable":true,"href":"https:\/\/www.ocorreionews.com.br\/acervo-correio\/index.php?rest_route=\/wp\/v2\/media\/149537"}],"wp:attachment":[{"href":"https:\/\/www.ocorreionews.com.br\/acervo-correio\/index.php?rest_route=%2Fwp%2Fv2%2Fmedia&parent=246795"}],"wp:term":[{"taxonomy":"category","embeddable":true,"href":"https:\/\/www.ocorreionews.com.br\/acervo-correio\/index.php?rest_route=%2Fwp%2Fv2%2Fcategories&post=246795"},{"taxonomy":"post_tag","embeddable":true,"href":"https:\/\/www.ocorreionews.com.br\/acervo-correio\/index.php?rest_route=%2Fwp%2Fv2%2Ftags&post=246795"}],"curies":[{"name":"wp","href":"https:\/\/api.w.org\/{rel}","templated":true}]}}