{"id":246797,"date":"2023-07-27T14:07:58","date_gmt":"2023-07-27T18:07:58","guid":{"rendered":"https:\/\/www.ocorreionews.com.br\/acervo-correio\/?p=246797"},"modified":"2023-07-27T14:08:56","modified_gmt":"2023-07-27T18:08:56","slug":"professor-e-preso-por-armazenamento-de-pornografia-infanto-juvenil-em-costa-rica","status":"publish","type":"post","link":"https:\/\/www.ocorreionews.com.br\/acervo-correio\/?p=246797","title":{"rendered":"Professor \u00e9 preso por armazenamento de pornografia infanto-juvenil em Costa Rica"},"content":{"rendered":"<p>Na manh\u00e3 desta quinta-feira (27\/07), policiais da Delegacia Especializada de Prote\u00e7\u00e3o \u00e0 Crian\u00e7a e ao Adolescente (DEPCA) prenderam um professor de 19 anos, no centro de Costa Rica-MS.<\/p>\n<p>A equipe da DEPCA deslocou-se \u00e0 Costa Rica ap\u00f3s identificar, atrav\u00e9s de seu n\u00facleo de intelig\u00eancia, que um indiv\u00edduo residente no munic\u00edpio armazenava fotos e v\u00eddeos de cenas de sexo expl\u00edcito e pornogr\u00e1ficas envolvendo crian\u00e7as e adolescentes, baixados da internet.<\/p>\n<p>O delegado de pol\u00edcia que preside a investiga\u00e7\u00e3o representou ao Poder Judici\u00e1rio pela expedi\u00e7\u00e3o de mandado de busca domiciliar, que foi deferido. Ao realizarem a busca, os policiais encontraram no computador, no aparelho celular e em um pen drive do investigado, centenas de v\u00eddeos e fotografias retratando abusos sexuais contra crian\u00e7as e adolescentes.<\/p>\n<p>A dilig\u00eancia desta manh\u00e3 \u00e9 desdobramento da opera\u00e7\u00e3o \u201cSentinela\u201d, desenvolvida permanentemente pela DEPCA, para a repress\u00e3o de abuso sexual infantojuvenil, atrav\u00e9s do monitoramento constante das atividades il\u00edcitas em meio virtual, atrav\u00e9s do qual, todos os anos, dezenas de ped\u00f3filos s\u00e3o presos por praticarem tais crimes.<\/p>\n<p>Diante dos fatos, o suspeito foi preso em flagrante e indiciando-o pelo cometimento do crime previsto no art. 241- B, do Estatuto da Crian\u00e7a e do Adolescente, que tem pena de pris\u00e3o de 1 a 4 anos e multa.<\/p>\n<p>&nbsp;<\/p>\n<p>&nbsp;<\/p>\n<p>*Pol\u00edcia Civil<\/p>\n","protected":false},"excerpt":{"rendered":"<p>Na manh\u00e3 desta quinta-feira (27\/07), policiais da Delegacia Especializada de Prote\u00e7\u00e3o \u00e0 Crian\u00e7a e ao Adolescente (DEPCA) prenderam um professor de 19 anos, no centro de Costa Rica-MS. A equipe da DEPCA deslocou-se \u00e0 Costa Rica ap\u00f3s identificar, atrav\u00e9s de seu n\u00facleo de intelig\u00eancia, que um indiv\u00edduo residente no munic\u00edpio armazenava fotos e v\u00eddeos de [&hellip;]<\/p>\n","protected":false},"author":5,"featured_media":246799,"comment_status":"closed","ping_status":"closed","sticky":false,"template":"","format":"standard","meta":{"footnotes":""},"categories":[25,41,38],"tags":[],"class_list":["post-246797","post","type-post","status-publish","format-standard","has-post-thumbnail","hentry","category-costa-rica","category-destaque","category-policia"],"_links":{"self":[{"href":"https:\/\/www.ocorreionews.com.br\/acervo-correio\/index.php?rest_route=\/wp\/v2\/posts\/246797","targetHints":{"allow":["GET"]}}],"collection":[{"href":"https:\/\/www.ocorreionews.com.br\/acervo-correio\/index.php?rest_route=\/wp\/v2\/posts"}],"about":[{"href":"https:\/\/www.ocorreionews.com.br\/acervo-correio\/index.php?rest_route=\/wp\/v2\/types\/post"}],"author":[{"embeddable":true,"href":"https:\/\/www.ocorreionews.com.br\/acervo-correio\/index.php?rest_route=\/wp\/v2\/users\/5"}],"replies":[{"embeddable":true,"href":"https:\/\/www.ocorreionews.com.br\/acervo-correio\/index.php?rest_route=%2Fwp%2Fv2%2Fcomments&post=246797"}],"version-history":[{"count":2,"href":"https:\/\/www.ocorreionews.com.br\/acervo-correio\/index.php?rest_route=\/wp\/v2\/posts\/246797\/revisions"}],"predecessor-version":[{"id":246801,"href":"https:\/\/www.ocorreionews.com.br\/acervo-correio\/index.php?rest_route=\/wp\/v2\/posts\/246797\/revisions\/246801"}],"wp:featuredmedia":[{"embeddable":true,"href":"https:\/\/www.ocorreionews.com.br\/acervo-correio\/index.php?rest_route=\/wp\/v2\/media\/246799"}],"wp:attachment":[{"href":"https:\/\/www.ocorreionews.com.br\/acervo-correio\/index.php?rest_route=%2Fwp%2Fv2%2Fmedia&parent=246797"}],"wp:term":[{"taxonomy":"category","embeddable":true,"href":"https:\/\/www.ocorreionews.com.br\/acervo-correio\/index.php?rest_route=%2Fwp%2Fv2%2Fcategories&post=246797"},{"taxonomy":"post_tag","embeddable":true,"href":"https:\/\/www.ocorreionews.com.br\/acervo-correio\/index.php?rest_route=%2Fwp%2Fv2%2Ftags&post=246797"}],"curies":[{"name":"wp","href":"https:\/\/api.w.org\/{rel}","templated":true}]}}