{"id":246809,"date":"2023-07-28T06:43:23","date_gmt":"2023-07-28T10:43:23","guid":{"rendered":"https:\/\/www.ocorreionews.com.br\/acervo-correio\/?p=246809"},"modified":"2023-07-28T06:43:23","modified_gmt":"2023-07-28T10:43:23","slug":"amplavisao-no-recesso-os-politicos-descansam-e-articulam","status":"publish","type":"post","link":"https:\/\/www.ocorreionews.com.br\/acervo-correio\/?p=246809","title":{"rendered":"Amplavis\u00e3o &#8211; No recesso os pol\u00edticos descansam e articulam"},"content":{"rendered":"<p><strong><u>PERFIL:<\/u><\/strong> Os mineiros t\u00eam mem\u00f3ria. Aferi isso em Itajub\u00e1 onde Aureliano Chaves estudou, casou e foi sepultado. Respons\u00e1vel pela cria\u00e7\u00e3o da Universidade Federal, Deputado estadual, federal, governador e vice-presidente da rep\u00fablica. Em 1989 tentou a presid\u00eancia da Rep\u00fablica ( 9\u00ba lugar). Morreu em 30\/04\/2003 aos 73 anos de idade.<\/p>\n<p><strong><u>MINEIROS: <\/u><\/strong>Outra figura nacional de Itajub\u00e1 foi Wenceslau Braz, em cuja casa da fam\u00edlia ainda residem a neta e bisnetos. Ele presidiu o pa\u00eds (1914-1918) ao vencer Ruy Barbosa \u2013 ap\u00f3s ocupar v\u00e1rios cargos legislativos e ter sido presidente de Minas Gerais. Faleceu em 15\/05\/1966 e tamb\u00e9m sepultado naquela cidade.<\/p>\n<div id=\"taboola-mid-article\" class=\"d-print-none my-3\"><\/div>\n<p><strong><u>\u2018P\u00c3O DE QUEIJO\u2019:<\/u> \u00a0<\/strong>O poder pol\u00edtico dos mineiros \u00e9 induvidoso. \u00a0Afonso Penna, Wenceslau Braz, Delfim Moreira, Epit\u00e1cio Pessoa, Artur Bernardes, Juscelino Kubitschek, Tancredo Neves, Itamar Franco e Dilma Rousseff. Portanto, Minas \u00e9 o estado ber\u00e7o do maior n\u00famero de presidentes da rep\u00fablica eleitos nas urnas.<\/p>\n<p><strong><u>CONCLUINDO:<\/u><\/strong> Segundo maior col\u00e9gio eleitoral, Minas \u00e9 decisiva nas elei\u00e7\u00f5es presidenciais. Sua diversidade econ\u00f4mica e cultural \u00e9 fruto de v\u00e1rios fatores, inclusive por estar cercada de povos diferentes: S\u00e3o Paulo, Goi\u00e1s, Bahia, Esp\u00edrito Santo, Mato Grosso do Sul e Rio de Janeiro. Pesa ainda a habilidade dos seus pol\u00edticos ao longo de gera\u00e7\u00f5es.<\/p>\n<p><strong><u>A\u00c7\u00d5ES &amp; DEPUTADOS:<\/u><\/strong>\u00a0 <strong>Z\u00e9 Teixeira: <\/strong>Conclu\u00eddas as obras do Data Center na ALEMS iniciadas em sua gest\u00e3o; Pede hospital da Cassems em Ivinhema e a reforma das pontes entre P. Murtinho e Bonito.\u00a0 <strong>Roberto Hashioka: \u00a0<\/strong>Seu PL cria \u2018Programa de Resolu\u00e7\u00e3o de Conflitos\u2019 contra viol\u00eancia nas escolas; PL, facilita acesso aos processos de Invent\u00e1rio e Partilha; homenageou a Escola Delmiro S. Bonin pelo pr\u00eamio \u2018Coopera Cerrado\u2019. <strong>Lucas de Lima:<\/strong> PL pr\u00f3 consumidor em casos de duplicidade de produtos e servi\u00e7os; por libera\u00e7\u00e3o de recursos esteve na Sudeco e na entrega de maquin\u00e1rios na Agraer. \u00a0<strong>Gerson Claro: <\/strong>Fiel ao regimento, liberal sem perda de autoridade, elogiado pelos deputados, jornalistas e funcion\u00e1rios; defende o Estado enxuto com menos ideologia.<\/p>\n<p><strong><u>BOLA CHEIA.<\/u><\/strong> A ex-deputada Rose Modesto continua a sorrir: o TJMS validou o resultado da conven\u00e7\u00e3o do \u2018Uni\u00e3o Brasil\u2019 elegendo-a presidente estadual do partido. A sigla era presidida pela senadora Soraya Thronicke, que sem grupo vai perdendo for\u00e7a e brilho. Sem chances de sobreviv\u00eancia.<\/p>\n<p><strong><u>PERSPECTIVAS:\u00a0<\/u><\/strong> O jogo pol\u00edtico n\u00e3o para em plena\u2019 entre safra\u2019 O senador Nelsinho Trad (PDS) \u00a0ingressar\u00e1 no PL \u2018aben\u00e7oado\u2019 por Bolsonaro. \u00a0Aqui na capital ele tem recebido lideran\u00e7as e prefeitos na tratativa recursos e emendas parlamentares. \u00a0O ex-vice governador Murilo Zauthi (Uni\u00e3o Brasil) passou por l\u00e1 para um caf\u00e9 amigo.<\/p>\n<p><strong><u>NELSINHO:\u00a0\u00a0<\/u><\/strong> Os n\u00fameros mostram que desde a sua posse \u00e9 o senador do Mato Grosso do Sul que mais liberou verbas para os munic\u00edpios de todas as regi\u00f5es, sem discriminar tend\u00eancia ideol\u00f3gica e partid\u00e1ria dos prefeitos e vereadores. . Al\u00e9m disso, tem jogo de cintura, sabe navegar com um bom discurso em todos os mares da pol\u00edtica.<\/p>\n<p><strong><u>DEPUTADOS\u00a0 &amp; A\u00c7\u00d5ES:<\/u><\/strong> <strong>Mara Caseiro: <\/strong>Pede amplia\u00e7\u00e3o do trecho da MS 436 em Alcin\u00f3polis; mais seguran\u00e7a em Camapu\u00e3, quadra poliesportiva em Selv\u00edria e atendida pela Agesul na constru\u00e7\u00e3o de ponte no rio Salobra em Bodoquena. \u00a0<strong>Professor Rinaldo:<\/strong> Autor de PL pela cria\u00e7\u00e3o da Semana do Cooperativismo; presidiu evento comemorativo aos 10 anos da Cria\u00e7\u00e3o do Dia do Qu\u00edmico; defensor da sa\u00fade, da mulher e ensino. <strong>Junior Mochi:<\/strong> Pede inspe\u00e7\u00e3o na ponte do rio Guaimb\u00e9 na MS 379; inclus\u00e3o da Cavalgada de Sonora no calend\u00e1rio de eventos do MS; asfalto em ruas do Jardim Parati em Dourados. <strong>Rafael Tavares: <\/strong>De posi\u00e7\u00e3o clara em temas ligados \u00e0 moral, costumes, consumidor e a influ\u00eancia da pol\u00edtica LGBT nas escolas e crian\u00e7as. Seu PL pede maior prazo para utilizar o laudo de vistoria do Detran.<\/p>\n<p><strong><u>\u2018N\u00d3S E ELES\u2019:<\/u><\/strong> \u00a0O pa\u00eds esteve dividido na Independ\u00eancia, Aboli\u00e7\u00e3o da Escravatura, Proclama\u00e7\u00e3o da Rep\u00fablica. Agora o fen\u00f4meno s\u00f3cio e pol\u00edtico volta a ocorrer com a oposi\u00e7\u00e3o inflamada e Lula incentivando o confronto ao inv\u00e9s da reconcilia\u00e7\u00e3o. \u00a0A quest\u00e3o \u00e9 se o debate em 2024 ser\u00e1 nacionalizado nas capitais e grandes cidades.<\/p>\n<p><strong><u>1-POL\u00caMICA:<\/u><\/strong> O decreto presidencial sobre col\u00e9gios c\u00edvicos militares e restri\u00e7\u00f5es ao uso de armas causam rea\u00e7\u00f5es. O deputado federal Rodolfo Nogueira (PL) por exemplo, lembra: \u201ctodo desarmamento precede uma ditadura\u2026(-)\u2026as mortes violentas ca\u00edram 2,4% em 2022, o menor patamar da s\u00e9rie hist\u00f3rica\u2026 (-)\u2026todo cidad\u00e3o tem o direito de se defender\u2026\u201d<\/p>\n<p><strong><u>2-POL\u00caMICA: <\/u><\/strong>\u201cNo meio das armas calam-se \u2013 a lei e a arrog\u00e2ncia das autoridades deve ser controlada\u201d. As p\u00e9rolas de Marco T\u00falio C\u00edcero caem como uma luva nos excessos do STF. No arremate recorro a Ruy Barbosa: \u201cA pior ditadura \u00e9 do Judici\u00e1rio, contra ela n\u00e3o h\u00e1 a quem recorrer\u201d. \u00a0Enfim, n\u00e3o pode haver STF de uma s\u00f3 caneta.<\/p>\n<p><strong><u>DA ASSEMBLEIA:<\/u><\/strong> <strong>Antonio Vaz:<\/strong> PL institui o \u2018Pr\u00eamio Estudante Nota Dez\u2019; PL declarou de utilidade p\u00fablica a Associa\u00e7\u00e3o de Professoras de Educa\u00e7\u00e3o F\u00edsica de Corumb\u00e1; PL promove a inclus\u00e3o e oportunidade aos estudantes deficientes no servi\u00e7o p\u00fablico.<strong> Lia Nogueira: <\/strong>Pede pavimenta\u00e7\u00e3o nas ruas dos distritos de Itahum, Maca\u00faba e Vila Formosa; pediu ao DNIT o recapeamento da BR-376 entre Vicentina e Jate\u00ed; Pl prioriza a contrata\u00e7\u00e3o de mulheres vulner\u00e1veis a viol\u00eancia dom\u00e9stica.\u00a0 <strong>Jo\u00e3o Mattogrosso: <\/strong>PL pede cria\u00e7\u00e3o de subsecretaria para promo\u00e7\u00e3o de a\u00e7\u00f5es da Primeira Inf\u00e2ncia; PL extingue o pagamento \u00a0de taxa de inscri\u00e7\u00e3o aos deficientes f\u00edsicos em competi\u00e7\u00f5es; seu PL conscientiza sobre os males do uso de celulares\/ tablets\/ computadores por beb\u00eas e crian\u00e7as.<\/p>\n<p><strong><u>MUTRETAS?\u00a0<\/u><\/strong> Depende o olhar de an\u00e1lise. A onda de apostas nas partidas de futebol \u2013 com propagandas em hor\u00e1rios nobres da TV. provocando interroga\u00e7\u00f5es. Qual a garantia de lisura de procedimento? Quem estaria por tr\u00e1s destas empresas? Ser\u00e1 que estariam recolhendo os tributos? E at\u00e9 onde as manipula\u00e7\u00f5es descobertas ser\u00e3o divulgadas?<\/p>\n<p><strong><u>O CURIOSO :<\/u><\/strong> Leitor volta a questionar a \u2018m\u00e1gica\u2019 de alguns pol\u00edticos que conseguem ficar ricos mesmo ocupando cargos eletivos e sem tempo para atividades na iniciativa privada. Diz ele: \u201c (-)\u2026uns usam terceiros comprando fazendas, outros preferem\u00a0 d\u00f3lares e h\u00e1 \u00a0at\u00e9 quem estaria no com\u00e9rcio de ve\u00edculos atrav\u00e9s de \u2018laranjas\u2019\u2026(-)\u201d.<\/p>\n<p><strong><u>A\u00c7\u00d5ES &amp; DEPUTADOS: <\/u>Neno Razuk: \u00a0<\/strong>Pioneiro em defesa da pol\u00edtica de inclus\u00e3o e assist\u00eancia aos autistas no MS; presidiu evento pelos 50 anos da \u2018Embrapa Pantanal\u2019 e a audi\u00eancia de presta\u00e7\u00e3o de contas dos poderes p\u00fablicos. \u00a0<strong>Renato C\u00e2mara:\u00a0<\/strong> Criador da Frente Parlamentar do Desenvolvimento da Suinocultura \u2013 atento aos reclamos da classe; elogiado seu PL criando o M\u00eas (Mar\u00e7o Azul) de Conscientiza\u00e7\u00e3o e Preven\u00e7\u00e3o do C\u00e2ncer Colorretal; defende mais ciclovias em Dourados. <strong>Marcio Fernandes: <\/strong>interlocutor de produtores junto ao Governo e entidades do empresariado; defensor da obra do minianel entre a BR-163 e BR-262, sonho antigo de Jaraguari.<\/p>\n<p><strong><u>RECESSO:\u00a0<\/u><\/strong> Os deputados aproveitam para sair da rotina e visitar as bases eleitorais no interior. \u00c9poca do caf\u00e9 amigo, abra\u00e7os, convites e de aferir como vai o clima pol\u00edtico de cada cidade. O ex-governador Reinaldo Azambuja (PSDB) batendo asas \u2013 \u00e9 o campe\u00e3o nesta \u2018modalidade\u2019. Nem parece que ficou 8 anos no poder. Est\u00e1 rejuvenescido.<\/p>\n<p><strong><u>MEM\u00d3RIAS:<\/u><\/strong> Relato do ex-presidente J.K sobre as agruras para levar o gerador de energia de 70 ton. de S\u00e3o Paulo \u00e0 Bras\u00edlia. Na travessia do rio Parana\u00edba (MG-Goi\u00e1s) a balsa n\u00e3o suportou e o gerador imergiu. Sem guindaste, <strong>s\u00f3 ap\u00f3s 4 meses<\/strong> o gerador foi i\u00e7ado e levado \u00e0 S\u00e3o Paulo. Neste per\u00edodo foi constru\u00edda a ponte. <strong>Esse \u00e9 o Brasil de 1960.<\/strong><\/p>\n<p><strong><u>DA ASSEMBLEIA:<\/u><\/strong> <strong>Londres<\/strong> <strong>Machado:\u00a0<\/strong> sua habilidade no di\u00e1logo parlamentar \u00e9 essencial em quest\u00f5es onde o Executivo tem interesse. Vale o teor de seus argumentos. <strong>Jo\u00e3o Catan: <\/strong>Estudioso, seu PL insere no Fundersul o direito ao produtor em solicitar o ressarcimento por morte de bovino, bufalino, equino e asinino por ataques de on\u00e7a ou outro felino silvestre. <strong>Pedrossian Neto: <\/strong>Alerta sobre os efeitos da Reforma Tribut\u00e1ria ao MS; defensor do ramal ferrovi\u00e1rio at\u00e9 Ponta Por\u00e3; \u00e0 frente do Marco Regulat\u00f3rio na Sa\u00fade. <strong>L\u00eddio Lopes: <\/strong>vers\u00e1til nas tratativas e quest\u00f5es que afligem os munic\u00edpios. Anfitri\u00e3o de prefeitos no governo; contra o fim das escolas c\u00edvico-militares pelo Governo Federal<\/p>\n","protected":false},"excerpt":{"rendered":"<p>PERFIL: Os mineiros t\u00eam mem\u00f3ria. Aferi isso em Itajub\u00e1 onde Aureliano Chaves estudou, casou e foi sepultado. Respons\u00e1vel pela cria\u00e7\u00e3o da Universidade Federal, Deputado estadual, federal, governador e vice-presidente da rep\u00fablica. Em 1989 tentou a presid\u00eancia da Rep\u00fablica ( 9\u00ba lugar). Morreu em 30\/04\/2003 aos 73 anos de idade. MINEIROS: Outra figura nacional de Itajub\u00e1 [&hellip;]<\/p>\n","protected":false},"author":4,"featured_media":172463,"comment_status":"closed","ping_status":"closed","sticky":false,"template":"","format":"standard","meta":{"footnotes":""},"categories":[37],"tags":[],"class_list":["post-246809","post","type-post","status-publish","format-standard","has-post-thumbnail","hentry","category-politica"],"_links":{"self":[{"href":"https:\/\/www.ocorreionews.com.br\/acervo-correio\/index.php?rest_route=\/wp\/v2\/posts\/246809","targetHints":{"allow":["GET"]}}],"collection":[{"href":"https:\/\/www.ocorreionews.com.br\/acervo-correio\/index.php?rest_route=\/wp\/v2\/posts"}],"about":[{"href":"https:\/\/www.ocorreionews.com.br\/acervo-correio\/index.php?rest_route=\/wp\/v2\/types\/post"}],"author":[{"embeddable":true,"href":"https:\/\/www.ocorreionews.com.br\/acervo-correio\/index.php?rest_route=\/wp\/v2\/users\/4"}],"replies":[{"embeddable":true,"href":"https:\/\/www.ocorreionews.com.br\/acervo-correio\/index.php?rest_route=%2Fwp%2Fv2%2Fcomments&post=246809"}],"version-history":[{"count":1,"href":"https:\/\/www.ocorreionews.com.br\/acervo-correio\/index.php?rest_route=\/wp\/v2\/posts\/246809\/revisions"}],"predecessor-version":[{"id":246810,"href":"https:\/\/www.ocorreionews.com.br\/acervo-correio\/index.php?rest_route=\/wp\/v2\/posts\/246809\/revisions\/246810"}],"wp:featuredmedia":[{"embeddable":true,"href":"https:\/\/www.ocorreionews.com.br\/acervo-correio\/index.php?rest_route=\/wp\/v2\/media\/172463"}],"wp:attachment":[{"href":"https:\/\/www.ocorreionews.com.br\/acervo-correio\/index.php?rest_route=%2Fwp%2Fv2%2Fmedia&parent=246809"}],"wp:term":[{"taxonomy":"category","embeddable":true,"href":"https:\/\/www.ocorreionews.com.br\/acervo-correio\/index.php?rest_route=%2Fwp%2Fv2%2Fcategories&post=246809"},{"taxonomy":"post_tag","embeddable":true,"href":"https:\/\/www.ocorreionews.com.br\/acervo-correio\/index.php?rest_route=%2Fwp%2Fv2%2Ftags&post=246809"}],"curies":[{"name":"wp","href":"https:\/\/api.w.org\/{rel}","templated":true}]}}